{"id":10322,"date":"2021-09-16T10:22:51","date_gmt":"2021-09-16T14:52:51","guid":{"rendered":"http:\/\/elmundodelosnegocios.com.do\/v1\/?p=10322"},"modified":"2021-09-16T10:22:51","modified_gmt":"2021-09-16T14:52:51","slug":"inicia-edanco-domingo-26-septiembre-con-presentacion-a-la-inversa","status":"publish","type":"post","link":"https:\/\/elmundodelosnegocios.com.do\/v1\/inicia-edanco-domingo-26-septiembre-con-presentacion-a-la-inversa\/","title":{"rendered":"Inicia Edanco domingo 26 septiembre con presentaci\u00f3n \u201cA la inversa\u201d"},"content":{"rendered":"<p>Santo Domingo, R.D. Septiembre 2021.- Los organizadores del Festival Internacional de Danza Contempor\u00e1nea (Edanco 2021), informaron que todo est\u00e1 listo para la d\u00e9cimo sexta edici\u00f3n de este evento, que se llevar\u00e1 a cabo del 26 de septiembre al 10 de octubre, en diferentes espacios de Santo Domingo.<\/p>\n<p> <a href=\"http:\/\/elmundodelosnegocios.com.do\/v1\/wp-content\/uploads\/2021\/09\/A-la-inversa.jpg\"><img loading=\"lazy\" decoding=\"async\" src=\"http:\/\/elmundodelosnegocios.com.do\/v1\/wp-content\/uploads\/2021\/09\/A-la-inversa.jpg\" alt=\"\" width=\"1080\" height=\"1080\" class=\"aligncenter size-full wp-image-10323\" srcset=\"https:\/\/elmundodelosnegocios.com.do\/v1\/wp-content\/uploads\/2021\/09\/A-la-inversa.jpg 1080w, https:\/\/elmundodelosnegocios.com.do\/v1\/wp-content\/uploads\/2021\/09\/A-la-inversa-300x300.jpg 300w, https:\/\/elmundodelosnegocios.com.do\/v1\/wp-content\/uploads\/2021\/09\/A-la-inversa-1024x1024.jpg 1024w, https:\/\/elmundodelosnegocios.com.do\/v1\/wp-content\/uploads\/2021\/09\/A-la-inversa-150x150.jpg 150w, https:\/\/elmundodelosnegocios.com.do\/v1\/wp-content\/uploads\/2021\/09\/A-la-inversa-768x768.jpg 768w\" sizes=\"auto, (max-width: 1080px) 100vw, 1080px\" \/><\/a><\/p>\n<p>La presentaci\u00f3n inaugural de Edanco 2021 ser\u00e1 a las 7:00 de la noche, en Casa de Teatro con el espect\u00e1culo \u201cA la inversa\u201d. En esta presentaci\u00f3n, que se repetir\u00e1 el lunes el lunes 27, a las 7:00 de la noche, los asistentes disfrutar\u00e1n un hermoso trabajo coreogr\u00e1fico con artistas j\u00f3venes coreografiando a maestros retirados con trayectoria en la danza en dominicana.<\/p>\n<p>\u201cQueremos que los dominicanos disfruten estas presentaciones que hemos programado para celebrar la danza. Despu\u00e9s de un a\u00f1o de pausa a causa de la pandemia, regresamos con mucho entusiasmo porque sabemos que nuestro pueblo necesita espacios de arte y recreaci\u00f3n\u201d, afirmaron los organizadores.<\/p>\n<p>Los pa\u00edses confirmados para participar en esta edici\u00f3n son Estados Unidos con la compa\u00f1\u00eda Nejla Yatkin; Rumania con la compa\u00f1\u00eda M Studio Theater; Costa Rica con Karol Marenco y Luc\u00eda Gonz\u00e1lez Paniagua; el Ballet Capital Oeste y Coda-21, de Puerto Rico; y lo mejor de la danza en Rep\u00fablica Dominicana.<\/p>\n<p>Edanco 2021 tendr\u00e1 como sedes la Sala Manuel Rueda, Casa de Teatro, La Teatrera, Dom\u00ednico Americano y el Portal Cultural, en Santo Domingo.<\/p>\n<p>Las boletas para asistir a las funciones tendr\u00e1 una contribuci\u00f3n de RD$250 pesos por persona.<\/p>\n","protected":false},"excerpt":{"rendered":"<p>Santo Domingo, R.D. Septiembre 2021.- Los organizadores del Festival Internacional de Danza Contempor\u00e1nea (Edanco 2021), informaron que todo est\u00e1 listo para la d\u00e9cimo sexta edici\u00f3n de este evento, que se&hellip; <\/p>\n","protected":false},"author":2,"featured_media":10324,"comment_status":"closed","ping_status":"closed","sticky":false,"template":"","format":"standard","meta":{"fifu_image_url":"","fifu_image_alt":"","footnotes":""},"categories":[148],"tags":[],"class_list":["post-10322","post","type-post","status-publish","format-standard","has-post-thumbnail","hentry","category-cultura"],"_links":{"self":[{"href":"https:\/\/elmundodelosnegocios.com.do\/v1\/wp-json\/wp\/v2\/posts\/10322","targetHints":{"allow":["GET"]}}],"collection":[{"href":"https:\/\/elmundodelosnegocios.com.do\/v1\/wp-json\/wp\/v2\/posts"}],"about":[{"href":"https:\/\/elmundodelosnegocios.com.do\/v1\/wp-json\/wp\/v2\/types\/post"}],"author":[{"embeddable":true,"href":"https:\/\/elmundodelosnegocios.com.do\/v1\/wp-json\/wp\/v2\/users\/2"}],"replies":[{"embeddable":true,"href":"https:\/\/elmundodelosnegocios.com.do\/v1\/wp-json\/wp\/v2\/comments?post=10322"}],"version-history":[{"count":0,"href":"https:\/\/elmundodelosnegocios.com.do\/v1\/wp-json\/wp\/v2\/posts\/10322\/revisions"}],"wp:featuredmedia":[{"embeddable":true,"href":"https:\/\/elmundodelosnegocios.com.do\/v1\/wp-json\/wp\/v2\/media\/10324"}],"wp:attachment":[{"href":"https:\/\/elmundodelosnegocios.com.do\/v1\/wp-json\/wp\/v2\/media?parent=10322"}],"wp:term":[{"taxonomy":"category","embeddable":true,"href":"https:\/\/elmundodelosnegocios.com.do\/v1\/wp-json\/wp\/v2\/categories?post=10322"},{"taxonomy":"post_tag","embeddable":true,"href":"https:\/\/elmundodelosnegocios.com.do\/v1\/wp-json\/wp\/v2\/tags?post=10322"}],"curies":[{"name":"wp","href":"https:\/\/api.w.org\/{rel}","templated":true}]}}