{"id":10358,"date":"2021-09-16T17:44:04","date_gmt":"2021-09-16T22:14:04","guid":{"rendered":"http:\/\/elmundodelosnegocios.com.do\/v1\/?p=10358"},"modified":"2021-09-16T17:44:04","modified_gmt":"2021-09-16T22:14:04","slug":"presidente-abinader-presenta-estrategia-nacional-de-competitividad","status":"publish","type":"post","link":"https:\/\/elmundodelosnegocios.com.do\/v1\/presidente-abinader-presenta-estrategia-nacional-de-competitividad\/","title":{"rendered":"Presidente Abinader presenta Estrategia Nacional de Competitividad"},"content":{"rendered":"<p>Santo Domingo. &#8211; El presidente Luis Abinader invit\u00f3 a distintos sectores nacionales a firmar un contrato de honor y voluntad, con el que se comprometen a trabajar para convertir a la Rep\u00fablica Dominicana en uno de los pa\u00edses m\u00e1s productivos, competitivos y equitativos del mundo, para liderar, como meta inicial, Centroam\u00e9rica al 2024.<\/p>\n<p>Plante\u00f3 que est\u00e1 convencido de que trabajando juntos y sin descanso se podr\u00e1 alcanzar el sue\u00f1o de que el pa\u00eds sea el m\u00e1s competitivo de Latinoam\u00e9rica para el a\u00f1o 2030 y uno de los veinte pa\u00edses m\u00e1s competitivos del mundo para 2040.<\/p>\n<p>En ese orden, el jefe de Estado present\u00f3 la Estrategia Nacional de Competitividad, que contiene un conjunto de reformas necesarias para el desarrollo de la naci\u00f3n, entre ellas la reducci\u00f3n de la burocracia que impide hacer m\u00e1s r\u00e1pido todo el proceso para realizar una inversi\u00f3n.<\/p>\n<p>A prop\u00f3sito de los obst\u00e1culos hist\u00f3ricos para las inversiones, el presidente dio a conocer la Ley de Burocracia Cero. \u201cLos invito a so\u00f1ar con un mejor pa\u00eds, pero tambi\u00e9n a construirlo, fijando una ruta cr\u00edtica con metas claras y ambiciosas, y con fechas precisas para su implementaci\u00f3n\u201d, propuso el gobernante.<\/p>\n<p>Dijo, adem\u00e1s, que so\u00f1ar no significa quedarse esperando a que las cosas sucedan, sino armarse de valor para decidir que este es el momento de cambiar. \u201cPor eso los invito a que firmemos un contrato de honor y voluntad; un gran acuerdo para unir fuerzas y construir el sue\u00f1o dominicano\u201d, precis\u00f3.<\/p>\n<p>El mandatario reflexion\u00f3 sobre c\u00f3mo en los \u00faltimos cincuenta a\u00f1os muchos pa\u00edses han conseguido superar una situaci\u00f3n de estancamiento y resolver sus problemas estructurales mediante una agenda de reformas ambiciosa y transversal.<\/p>\n<p>En su planteamiento observ\u00f3 que no existe relaci\u00f3n entre el tama\u00f1o de un pa\u00eds y su \u00e9xito. Algunos pa\u00edses grandes, se\u00f1al\u00f3, que han experimentado un gran progreso econ\u00f3mico son China y, m\u00e1s recientemente, la India, otros son medianos como Corea del Sur, Vietnam o incluso Espa\u00f1a; pero tambi\u00e9n los hay peque\u00f1os, como Hong Kong, Singapur, Emiratos \u00c1rabes Unidos o la vecina Costa Rica.<\/p>\n<p>Exhort\u00f3 a comenzar el cambio con el ejemplo de la uni\u00f3n, el consenso y el compromiso. \u201cRecuperemos la confianza y credibilidad entre los distintos actores de la sociedad, para no tener que seguir buscando soluciones individuales a problemas colectivos\u201d, subray\u00f3.<\/p>\n<p>Record\u00f3 que el pasado 11 de noviembre de 2020 encomend\u00f3 al Consejo Nacional de Competitividad desarrollar esta Estrategia Nacional de Competitividad hacia el sue\u00f1o dominicano.<\/p>\n<p>Este proyecto, explic\u00f3, esta\u0301 alineado con la Estrategia Nacional de Desarrollo y se sustenta en las ventajas competitivas que posee el pa\u00eds.<\/p>\n<p>\u201cLa estrategia que hoy estamos presentando se propone, no solo redefinir las pol\u00edticas p\u00fablicas y pautar las prioridades para la reactivaci\u00f3n econ\u00f3mica, sino que debe ser capaz de anticipar los retos que surgen por la cuarta revoluci\u00f3n industrial y en la era poscovid-19\u201d, enfatiz\u00f3.<\/p>\n<p>Costo de tr\u00e1mites<\/p>\n<p>El presidente Abinader cit\u00f3 que se han revisado 1,873 tr\u00e1mites en 53 instituciones que, en t\u00e9rminos de eficiencia, cuestan a los dominicanos unos 264 mil millones de pesos al a\u00f1o, lo equivalente a un 5.5% del PIB.<\/p>\n<p>De estos, se ha priorizado la simplificaci\u00f3n de 274 tr\u00e1mites, que corresponden al 60% de estos costos y se han agrupado en 10 metas principales espec\u00edficas.<\/p>\n<p>Hizo hincapi\u00e9 en que el pa\u00eds requer\u00eda y necesita un Estado y una administraci\u00f3n eficiente, acorde a los tiempos tecnol\u00f3gicos del siglo XXI y a sus ritmos.<\/p>\n<p>Est\u00e1ndar de vida<\/p>\n<p>\u201cUna transformaci\u00f3n de esta magnitud elevar\u00eda de manera significativa el est\u00e1ndar de vida de todos los dominicanos y dominicanas, proporcionando equidad y un mayor nivel de dignidad para todos\u201d, expres\u00f3 el mandatario.<\/p>\n<p>Insisti\u00f3 en que esta aspiraci\u00f3n se convertir\u00e1 en realidad cuando sea asumida como un compromiso de todos. \u201cHa llegado el momento de mostrarle al mundo la mejor versi\u00f3n de ser dominicanos\u201d, agreg\u00f3.<\/p>\n<p>Ese esfuerzo, indic\u00f3, incluye a los ni\u00f1os, j\u00f3venes, amas de casa, universitarios, trabajadores del campo, emprendedores, polic\u00edas, empresarios y los servidores p\u00fablicos.<\/p>\n<p>Estuvieron presentes en la actividad, la vicepresidenta, Raquel Pe\u00f1a; los presidentes, del Senado de la Rep\u00fablica, Eduardo Estrella; de la C\u00e1mara de Diputados, Alfredo Pacheco y el director ejecutivo del Consejo Nacional de Competitividad, Peter Prazmowski.<\/p>\n<p>Tambi\u00e9n los ministros, de la Presidencia, Lisandro Macarrulla; Administrativo de la Presidencia, Jos\u00e9 Ignacio Paliza; de Econom\u00eda Planificaci\u00f3n y Desarrollo, Miguel Ceara Hatton; de Administraci\u00f3n P\u00fablica, Dar\u00edo Castillo; de Trabajo, Luis Miguel de Camps; de Industria Comercio y Mipymes, V\u00edctor -Ito- Bison\u00f3; de Educaci\u00f3n Superior, Franklin Garc\u00eda Ferm\u00edn; el viceministro Administrativo, Igor Rodr\u00edguez; los directores, de Alianzas P\u00fablico Privada, Sigmund Freund; de la Oficina Gubernamental de Tecnolog\u00eda de la Informaci\u00f3n y Comunicaci\u00f3n, Pedro Quezada y el consultor jur\u00eddico del Poder Ejecutivo, Antoliano Peralta, entre otros.<\/p>\n<p><iframe loading=\"lazy\" width=\"950\" height=\"534\" src=\"https:\/\/www.youtube.com\/embed\/ReTEPsEIjRo\" title=\"YouTube video player\" frameborder=\"0\" allow=\"accelerometer; autoplay; clipboard-write; encrypted-media; gyroscope; picture-in-picture\" allowfullscreen><\/iframe><\/p>\n","protected":false},"excerpt":{"rendered":"<p>Santo Domingo. &#8211; El presidente Luis Abinader invit\u00f3 a distintos sectores nacionales a firmar un contrato de honor y voluntad, con el que se comprometen a trabajar para convertir a&hellip; <\/p>\n","protected":false},"author":2,"featured_media":10359,"comment_status":"closed","ping_status":"closed","sticky":false,"template":"","format":"standard","meta":{"fifu_image_url":"","fifu_image_alt":"","footnotes":""},"categories":[74],"tags":[],"class_list":["post-10358","post","type-post","status-publish","format-standard","has-post-thumbnail","hentry","category-comercio-internacional"],"_links":{"self":[{"href":"https:\/\/elmundodelosnegocios.com.do\/v1\/wp-json\/wp\/v2\/posts\/10358","targetHints":{"allow":["GET"]}}],"collection":[{"href":"https:\/\/elmundodelosnegocios.com.do\/v1\/wp-json\/wp\/v2\/posts"}],"about":[{"href":"https:\/\/elmundodelosnegocios.com.do\/v1\/wp-json\/wp\/v2\/types\/post"}],"author":[{"embeddable":true,"href":"https:\/\/elmundodelosnegocios.com.do\/v1\/wp-json\/wp\/v2\/users\/2"}],"replies":[{"embeddable":true,"href":"https:\/\/elmundodelosnegocios.com.do\/v1\/wp-json\/wp\/v2\/comments?post=10358"}],"version-history":[{"count":0,"href":"https:\/\/elmundodelosnegocios.com.do\/v1\/wp-json\/wp\/v2\/posts\/10358\/revisions"}],"wp:featuredmedia":[{"embeddable":true,"href":"https:\/\/elmundodelosnegocios.com.do\/v1\/wp-json\/wp\/v2\/media\/10359"}],"wp:attachment":[{"href":"https:\/\/elmundodelosnegocios.com.do\/v1\/wp-json\/wp\/v2\/media?parent=10358"}],"wp:term":[{"taxonomy":"category","embeddable":true,"href":"https:\/\/elmundodelosnegocios.com.do\/v1\/wp-json\/wp\/v2\/categories?post=10358"},{"taxonomy":"post_tag","embeddable":true,"href":"https:\/\/elmundodelosnegocios.com.do\/v1\/wp-json\/wp\/v2\/tags?post=10358"}],"curies":[{"name":"wp","href":"https:\/\/api.w.org\/{rel}","templated":true}]}}