{"id":10398,"date":"2021-09-20T07:31:38","date_gmt":"2021-09-20T12:01:38","guid":{"rendered":"http:\/\/elmundodelosnegocios.com.do\/v1\/?p=10398"},"modified":"2021-09-20T07:32:01","modified_gmt":"2021-09-20T12:02:01","slug":"resalta-congresista-espaillat-mes-nacional-herencia-hispana","status":"publish","type":"post","link":"https:\/\/elmundodelosnegocios.com.do\/v1\/resalta-congresista-espaillat-mes-nacional-herencia-hispana\/","title":{"rendered":"Resalta congresista Espaillat Mes Nacional Herencia Hispana"},"content":{"rendered":"<p>NEW YORK, NY &#8212; El congresista Adriano Espaillat (NY-13) emiti\u00f3 la siguiente declaraci\u00f3n en reconocimiento del Mes Nacional de la Herencia Hispana:<\/p>\n<p>\u00abLa herencia hispana es la herencia estadounidense, y me enorgullece marcar el comienzo del Mes de la Herencia Hispana para el 2021. Desde nuestras contribuciones a las artes y el entretenimiento, la ciencia m\u00e9dica y la tecnolog\u00eda, los negocios y la educaci\u00f3n, el gobierno y el servicio en las Fuerzas Armadas de nuestra naci\u00f3n, nuestra gente juega un papel importante en la configuraci\u00f3n de esta naci\u00f3n y nuestro futuro en ella\u00bb, dijo el Rep. Espaillat.<\/p>\n<p>\u00abSi bien hemos logrado un progreso significativo en nuestros esfuerzos por lograr el Sue\u00f1o Americano, a\u00fan queda mucho trabajo por hacer. Mientras honramos y celebramos las contribuciones de nuestras comunidades hispanas durante el Mes Nacional de la Herencia Hispana, continuamos nuestra lucha para mantener unidas a las familias y proporcionar un camino hacia la ciudadan\u00eda para los m\u00e1s de 11 millones de inmigrantes indocumentados de nuestra naci\u00f3n, especialmente nuestros Dreamers (so\u00f1adores), beneficiarios del Estatus de Protecci\u00f3n Temporal, los trabajadores agr\u00edcolas y los trabajadores esenciales.<\/p>\n<p>\u00abNos mantenemos firmes en nuestro compromiso de reparar el sistema de inmigraci\u00f3n roto de nuestra naci\u00f3n, y nos mantenemos unidos para garantizar que Estados Unidos siga siendo un faro de esperanza, libertad y oportunidad para todos\u00bb.<\/p>\n","protected":false},"excerpt":{"rendered":"<p>NEW YORK, NY &#8212; El congresista Adriano Espaillat (NY-13) emiti\u00f3 la siguiente declaraci\u00f3n en reconocimiento del Mes Nacional de la Herencia Hispana: \u00abLa herencia hispana es la herencia estadounidense, y&hellip; <\/p>\n","protected":false},"author":2,"featured_media":10400,"comment_status":"closed","ping_status":"closed","sticky":false,"template":"","format":"standard","meta":{"fifu_image_url":"","fifu_image_alt":"","footnotes":""},"categories":[62],"tags":[],"class_list":["post-10398","post","type-post","status-publish","format-standard","has-post-thumbnail","hentry","category-economia"],"_links":{"self":[{"href":"https:\/\/elmundodelosnegocios.com.do\/v1\/wp-json\/wp\/v2\/posts\/10398","targetHints":{"allow":["GET"]}}],"collection":[{"href":"https:\/\/elmundodelosnegocios.com.do\/v1\/wp-json\/wp\/v2\/posts"}],"about":[{"href":"https:\/\/elmundodelosnegocios.com.do\/v1\/wp-json\/wp\/v2\/types\/post"}],"author":[{"embeddable":true,"href":"https:\/\/elmundodelosnegocios.com.do\/v1\/wp-json\/wp\/v2\/users\/2"}],"replies":[{"embeddable":true,"href":"https:\/\/elmundodelosnegocios.com.do\/v1\/wp-json\/wp\/v2\/comments?post=10398"}],"version-history":[{"count":0,"href":"https:\/\/elmundodelosnegocios.com.do\/v1\/wp-json\/wp\/v2\/posts\/10398\/revisions"}],"wp:featuredmedia":[{"embeddable":true,"href":"https:\/\/elmundodelosnegocios.com.do\/v1\/wp-json\/wp\/v2\/media\/10400"}],"wp:attachment":[{"href":"https:\/\/elmundodelosnegocios.com.do\/v1\/wp-json\/wp\/v2\/media?parent=10398"}],"wp:term":[{"taxonomy":"category","embeddable":true,"href":"https:\/\/elmundodelosnegocios.com.do\/v1\/wp-json\/wp\/v2\/categories?post=10398"},{"taxonomy":"post_tag","embeddable":true,"href":"https:\/\/elmundodelosnegocios.com.do\/v1\/wp-json\/wp\/v2\/tags?post=10398"}],"curies":[{"name":"wp","href":"https:\/\/api.w.org\/{rel}","templated":true}]}}