{"id":10542,"date":"2021-09-23T11:50:44","date_gmt":"2021-09-23T16:20:44","guid":{"rendered":"http:\/\/elmundodelosnegocios.com.do\/v1\/?p=10542"},"modified":"2021-09-23T11:50:44","modified_gmt":"2021-09-23T16:20:44","slug":"enfatiza-presidente-abinader-acciones-urgentes-en-cambio-climatico-facilidad-crediticia-y-crisis-haitiana-ante-la-onu","status":"publish","type":"post","link":"https:\/\/elmundodelosnegocios.com.do\/v1\/enfatiza-presidente-abinader-acciones-urgentes-en-cambio-climatico-facilidad-crediticia-y-crisis-haitiana-ante-la-onu\/","title":{"rendered":"Enfatiza Presidente Abinader acciones urgentes en cambio clim\u00e1tico, facilidad crediticia y crisis haitiana ante la ONU"},"content":{"rendered":"<p>Nueva York. &#8211; El presidente Luis Abinader plante\u00f3 este mi\u00e9rcoles en la Asamblea General de la ONU tres acciones que consider\u00f3 urgentes y necesarias para la regi\u00f3n, siendo estas la respuesta a la crisis de Hait\u00ed, la necesidad de facilidades crediticias para los pa\u00edses en dificultades por el endeudamiento generado durante la pandemia y m\u00e1s inversi\u00f3n para restaurar los recursos naturales afectados por el calentamiento global.<\/p>\n<p>Abinader solicit\u00f3 a la comunidad internacional que asuma con urgencia, y de una vez por todas, la crisis de Hait\u00ed, tras advertir que no hay ni habr\u00e1 jam\u00e1s una soluci\u00f3n dominicana a esa problem\u00e1tica.<\/p>\n<p>El mandatario dijo que ha anunciado la posibilidad de que la situaci\u00f3n de Hait\u00ed pueda desbordar las fronteras de ese pa\u00eds incidiendo como un factor de inseguridad en la regi\u00f3n. <\/p>\n<p>\u201cA este solemne c\u00f3nclave le manifiesto que la Rep\u00fablica Dominicana ha mostrado y seguir\u00e1 mostrando la solidaridad y la colaboraci\u00f3n debidas con el pueblo haitiano, pero tambi\u00e9n les reitero que no hay, ni habr\u00e1 jam\u00e1s una soluci\u00f3n dominicana a la crisis de Hait\u00ed\u201d, advirti\u00f3 Abinader.<\/p>\n<p>Expres\u00f3 que recientemente ha notado que algunos gobiernos han adoptado medidas para afrontar las consecuencias de la crisis haitiana.<\/p>\n<p>\u201cPor a\u00f1os, cada d\u00eda, nuestro pa\u00eds ha encarado, pr\u00e1cticamente solo, estas consecuencias. Estamos convencidos que ninguna acci\u00f3n unilateral ser\u00e1 suficiente para superar esa dram\u00e1tica situaci\u00f3n\u201d, enfatiz\u00f3 el jefe de Estado al pronunciar su discurso ante la Asamblea General de la Organizaci\u00f3n de las Naciones Unidas (ONU).<\/p>\n<p>Comunidad Internacional<\/p>\n<p>Dijo que es imperativo manifestar, de la manera m\u00e1s firme y tajante posible, que la comunidad internacional no debe, ni puede, abandonar al pueblo haitiano en este momento en que los niveles de inseguridad lo est\u00e1n llevando a su autodestrucci\u00f3n.<\/p>\n<p>\u201cY quiero decirlo hoy de la manera m\u00e1s sincera y fuera del lenguaje diplom\u00e1tico\u201d, manifest\u00f3.<\/p>\n<p>Alert\u00f3 que ante la divisi\u00f3n actual que existe entre el liderazgo haitiano y la peligrosa presencia de bandas criminales que controlan una buena parte de su territorio, los haitianos por s\u00ed solos no podr\u00e1n pacificar su pa\u00eds y mucho menos garantizar las condiciones para establecer un m\u00ednimo de orden.<\/p>\n<p>Consecuentemente, subray\u00f3, lo m\u00e1s importante e inmediato es la seguridad en Hait\u00ed, y que solo despu\u00e9s de haberlo logrado, pueden llevarse a cabo unas elecciones libres, justas y confiables.<\/p>\n<p>Agreg\u00f3 que, con un nuevo Gobierno como interlocutor leg\u00edtimo, se deber\u00e1 preparar un verdadero plan integral de desarrollo econ\u00f3mico y social, con todos los recursos necesarios y apoyados solidarios de la comunidad internacional, pues ya no se puede pensar \u00fanicamente en medidas de car\u00e1cter humanitario.<\/p>\n<p>Este planteamiento del gobernante dominicano forma parte de tres acciones que consider\u00f3 urgente y necesarias para la regi\u00f3n y Rep\u00fablica Dominicana, y que debe adoptar la comunidad internacional. <\/p>\n<p>Facilidades crediticias<\/p>\n<p>Otra propuesta del presidente Abinader es que las instituciones financieras multilaterales y bilaterales otorguen facilidades crediticias a trav\u00e9s de mecanismos transparentes y accesibles, concertados y no discriminatorios, que contribuyan a que los pa\u00edses en dificultades recuperen con prontitud la sostenibilidad financiera. <\/p>\n<p>Igualmente, que permita el acceso a los mercados financieros internacionales, con tasas preferenciales que no sean afectados por el \u00edndice de riesgo pa\u00eds.<\/p>\n<p>\u00abLa actual crisis financiera y mayor endeudamiento provocado por la pandemia no solo puede ser dejada para ser resuelta incrementando los impuestos en nuestros respectivos pa\u00edses, con sus consecuentes presiones sociales y posibles alteraciones de la paz\u00bb, a\u00f1adi\u00f3.<\/p>\n<p>Cambio clim\u00e1tico<\/p>\n<p>El mandatario afirm\u00f3 que la Rep\u00fablica Dominicana, como peque\u00f1o Estado insular en desarrollo, es uno de los pa\u00edses que menos gases de efecto invernadero emite, pero uno de lo que m\u00e1s sufre los efectos del cambio clim\u00e1tico.<\/p>\n<p>Afirm\u00f3 que este es el momento de impulsar una transformaci\u00f3n global de la econom\u00eda que vaya de acuerdo con los niveles de desarrollo y que los est\u00e1ndares exigidos no impongan cargas excesivas que resulten en costos adicionales lesivos a la competitividad y la producci\u00f3n de bienes y servicios.<\/p>\n<p>\u00abEs justo y necesario, adem\u00e1s, que la inversi\u00f3n para restaurar nuestros recursos naturales afectados por el calentamiento global creado por los pa\u00edses que han generado m\u00e1s CO2, sean los que paguen por las enormes inversiones a realizar\u00bb, expuso.<\/p>\n<p>El gobernante resalt\u00f3 los avances alcanzados por la democracia dominicana y los esfuerzos del gobierno encaminados al fortalecimiento institucional.  <\/p>\n<p>Integraci\u00f3n y multilateralismo<\/p>\n<p>El presidente Luis Abinader dijo que los retos que enfrentan nuestros Estados son significativa para la construcci\u00f3n de un mundo bajo el estandarte de la igualdad. \u201cSin embargo, no debemos enfrentarlos solos; la integraci\u00f3n y el multilateralismo son las v\u00edas id\u00f3neas para avanzar hacia la meta sin dejar a nadie atr\u00e1s\u201d, advirti\u00f3.<\/p>\n<p>El mandatario plante\u00f3 que el Estado dominicano reafirma su compromiso con los principios fundamentales de la Carta de las Naciones Unidas: la paz, la dignidad humana, la justicia, el progreso social y la libertad.<\/p>\n","protected":false},"excerpt":{"rendered":"<p>Nueva York. &#8211; El presidente Luis Abinader plante\u00f3 este mi\u00e9rcoles en la Asamblea General de la ONU tres acciones que consider\u00f3 urgentes y necesarias para la regi\u00f3n, siendo estas la&hellip; <\/p>\n","protected":false},"author":2,"featured_media":10544,"comment_status":"closed","ping_status":"closed","sticky":false,"template":"","format":"standard","meta":{"fifu_image_url":"","fifu_image_alt":"","footnotes":""},"categories":[78],"tags":[],"class_list":["post-10542","post","type-post","status-publish","format-standard","has-post-thumbnail","hentry","category-con-responsabilidad"],"_links":{"self":[{"href":"https:\/\/elmundodelosnegocios.com.do\/v1\/wp-json\/wp\/v2\/posts\/10542","targetHints":{"allow":["GET"]}}],"collection":[{"href":"https:\/\/elmundodelosnegocios.com.do\/v1\/wp-json\/wp\/v2\/posts"}],"about":[{"href":"https:\/\/elmundodelosnegocios.com.do\/v1\/wp-json\/wp\/v2\/types\/post"}],"author":[{"embeddable":true,"href":"https:\/\/elmundodelosnegocios.com.do\/v1\/wp-json\/wp\/v2\/users\/2"}],"replies":[{"embeddable":true,"href":"https:\/\/elmundodelosnegocios.com.do\/v1\/wp-json\/wp\/v2\/comments?post=10542"}],"version-history":[{"count":0,"href":"https:\/\/elmundodelosnegocios.com.do\/v1\/wp-json\/wp\/v2\/posts\/10542\/revisions"}],"wp:featuredmedia":[{"embeddable":true,"href":"https:\/\/elmundodelosnegocios.com.do\/v1\/wp-json\/wp\/v2\/media\/10544"}],"wp:attachment":[{"href":"https:\/\/elmundodelosnegocios.com.do\/v1\/wp-json\/wp\/v2\/media?parent=10542"}],"wp:term":[{"taxonomy":"category","embeddable":true,"href":"https:\/\/elmundodelosnegocios.com.do\/v1\/wp-json\/wp\/v2\/categories?post=10542"},{"taxonomy":"post_tag","embeddable":true,"href":"https:\/\/elmundodelosnegocios.com.do\/v1\/wp-json\/wp\/v2\/tags?post=10542"}],"curies":[{"name":"wp","href":"https:\/\/api.w.org\/{rel}","templated":true}]}}