{"id":10546,"date":"2021-09-23T13:16:33","date_gmt":"2021-09-23T17:46:33","guid":{"rendered":"http:\/\/elmundodelosnegocios.com.do\/v1\/?p=10546"},"modified":"2021-09-23T13:16:33","modified_gmt":"2021-09-23T17:46:33","slug":"reitera-ex-presidente-fernandez-oposicion-posible-reforma-constitucional-rd","status":"publish","type":"post","link":"https:\/\/elmundodelosnegocios.com.do\/v1\/reitera-ex-presidente-fernandez-oposicion-posible-reforma-constitucional-rd\/","title":{"rendered":"Reitera ex Presidente Fern\u00e1ndez oposici\u00f3n posible reforma constitucional RD"},"content":{"rendered":"<p>Nueva York, N.Y.Jueves 23 de septiembre 2021.- El presidente de la Fuerza del Pueblo, Dr. Leonel Fern\u00e1ndez Reyna, reiter\u00f3 su oposici\u00f3n a una eventual reforma a la Constituci\u00f3n Dominicana en los actuales momentos.<\/p>\n<p>Fern\u00e1ndez opin\u00f3 que una eventual reforma constitucional en los actuales momentos es improcedente e innecesario.<\/p>\n<p>Al ser entrevistado en el programa \u00abEl Zol de la Ma\u00f1ana\u00bb, que se transmite por Zol 106.5 FM., Fern\u00e1ndez afirm\u00f3 que con el tema de la posible reforma constitucional se busca distraer a la poblaci\u00f3n dominicana en torno a los verdaderos problemas que afectan al pa\u00eds.<\/p>\n<p>Sostuvo que el argumento que se esgrime para tratar de justificar esta reforma carece de fundamento, en vista de que la Constituci\u00f3n vigente consigna la independencia plena del Ministerio P\u00fablico y el Poder Judicial.<br \/>\n<div id='gallery-1' class='gallery galleryid-10546 gallery-columns-3 gallery-size-large'><figure class='gallery-item'>\n\t\t\t<div class='gallery-icon landscape'>\n\t\t\t\t<a href='https:\/\/elmundodelosnegocios.com.do\/v1\/wp-content\/uploads\/2021\/09\/1-3-1.jpeg'><img loading=\"lazy\" decoding=\"async\" width=\"1024\" height=\"682\" src=\"https:\/\/elmundodelosnegocios.com.do\/v1\/wp-content\/uploads\/2021\/09\/1-3-1-1024x682.jpeg\" class=\"attachment-large size-large\" alt=\"\" srcset=\"https:\/\/elmundodelosnegocios.com.do\/v1\/wp-content\/uploads\/2021\/09\/1-3-1-1024x682.jpeg 1024w, https:\/\/elmundodelosnegocios.com.do\/v1\/wp-content\/uploads\/2021\/09\/1-3-1-300x200.jpeg 300w, https:\/\/elmundodelosnegocios.com.do\/v1\/wp-content\/uploads\/2021\/09\/1-3-1-768x512.jpeg 768w, https:\/\/elmundodelosnegocios.com.do\/v1\/wp-content\/uploads\/2021\/09\/1-3-1-1536x1023.jpeg 1536w, https:\/\/elmundodelosnegocios.com.do\/v1\/wp-content\/uploads\/2021\/09\/1-3-1.jpeg 1600w\" sizes=\"auto, (max-width: 1024px) 100vw, 1024px\" \/><\/a>\n\t\t\t<\/div><\/figure><figure class='gallery-item'>\n\t\t\t<div class='gallery-icon landscape'>\n\t\t\t\t<a href='https:\/\/elmundodelosnegocios.com.do\/v1\/wp-content\/uploads\/2021\/09\/1-1-4.jpeg'><img loading=\"lazy\" decoding=\"async\" width=\"1024\" height=\"682\" src=\"https:\/\/elmundodelosnegocios.com.do\/v1\/wp-content\/uploads\/2021\/09\/1-1-4-1024x682.jpeg\" class=\"attachment-large size-large\" alt=\"\" srcset=\"https:\/\/elmundodelosnegocios.com.do\/v1\/wp-content\/uploads\/2021\/09\/1-1-4-1024x682.jpeg 1024w, https:\/\/elmundodelosnegocios.com.do\/v1\/wp-content\/uploads\/2021\/09\/1-1-4-300x200.jpeg 300w, https:\/\/elmundodelosnegocios.com.do\/v1\/wp-content\/uploads\/2021\/09\/1-1-4-768x512.jpeg 768w, https:\/\/elmundodelosnegocios.com.do\/v1\/wp-content\/uploads\/2021\/09\/1-1-4-1536x1023.jpeg 1536w, https:\/\/elmundodelosnegocios.com.do\/v1\/wp-content\/uploads\/2021\/09\/1-1-4.jpeg 1600w\" sizes=\"auto, (max-width: 1024px) 100vw, 1024px\" \/><\/a>\n\t\t\t<\/div><\/figure><figure class='gallery-item'>\n\t\t\t<div class='gallery-icon landscape'>\n\t\t\t\t<a href='https:\/\/elmundodelosnegocios.com.do\/v1\/wp-content\/uploads\/2021\/09\/1-2-3.jpeg'><img loading=\"lazy\" decoding=\"async\" width=\"1024\" height=\"682\" src=\"https:\/\/elmundodelosnegocios.com.do\/v1\/wp-content\/uploads\/2021\/09\/1-2-3-1024x682.jpeg\" class=\"attachment-large size-large\" alt=\"\" srcset=\"https:\/\/elmundodelosnegocios.com.do\/v1\/wp-content\/uploads\/2021\/09\/1-2-3-1024x682.jpeg 1024w, https:\/\/elmundodelosnegocios.com.do\/v1\/wp-content\/uploads\/2021\/09\/1-2-3-300x200.jpeg 300w, https:\/\/elmundodelosnegocios.com.do\/v1\/wp-content\/uploads\/2021\/09\/1-2-3-768x512.jpeg 768w, https:\/\/elmundodelosnegocios.com.do\/v1\/wp-content\/uploads\/2021\/09\/1-2-3-1536x1023.jpeg 1536w, https:\/\/elmundodelosnegocios.com.do\/v1\/wp-content\/uploads\/2021\/09\/1-2-3.jpeg 1600w\" sizes=\"auto, (max-width: 1024px) 100vw, 1024px\" \/><\/a>\n\t\t\t<\/div><\/figure>\n\t\t<\/div>\n<\/p>\n<p>En ese mismo sentido, indic\u00f3, que resulta improcedente hablar de reforma constitucional en la actual circunstancia, cuando falta la elaboraci\u00f3n y aprobaci\u00f3n de m\u00e1s de 100 leyes para que la Carta Magna del 2010 entre en vigencia efectivamente.<\/p>\n<p>El ex mandatario record\u00f3 que la reforma constitucional del 2010 estuvo precedida de una amplia consulta en la que se tom\u00f3 en cuenta a todos los sectores de la vida nacional, por lo que el texto vigente recoge el sentir de la poblaci\u00f3n en relaci\u00f3n con las principales aspiraciones del pa\u00eds.<\/p>\n<p>Sobre restos de Pedro Santana<br \/>\nEl presidente de la Fuerza del Pueblo tambi\u00e9n fue abordado en torno a la exigencia de algunos sectores de la sociedad dominicana de que los restos del general Pedro Santana sean sacados del Pante\u00f3n Nacional. Sobre el tema, afirm\u00f3 que dichos restos \u00abno solo deben ser sacados del Pante\u00f3n Nacional, sino que nunca debieron estar all\u00ed\u00bb.<\/p>\n<p>Al profundizar sobre el asunto, quien preside la Fuerza del Pueblo, sostuvo que el general Pedro Santana tuvo muchas debilidades que afectaron al pa\u00eds, siendo su peor error la anexi\u00f3n del pa\u00eds a Espa\u00f1a, hecho que defini\u00f3 como \u00abuna mancha imborrable\u00bb.<\/p>\n<p>Temas actuales que afectan el pa\u00eds<br \/>\nDe igual manera, Leonel Fern\u00e1ndez se refiri\u00f3 al debate que han generado algunos temas musicales, cuyas letras y sonidos son calificados como \u00abt\u00f3xicos\u00bb por algunos sectores de opini\u00f3n.<\/p>\n<p>Al respecto, afirm\u00f3 que no puede haber censura previa, porque ser\u00eda una violaci\u00f3n a la Constituci\u00f3n de la Rep\u00fablica, pero s\u00ed se pueden aplicar las sanciones que establecen las leyes para cuando se da\u00f1a moralmente a alguien.<\/p>\n<p>Asimismo, Fern\u00e1ndez lament\u00f3 la situaci\u00f3n que atraviesan miles de haitianos que han llegado a M\u00e9xico con el prop\u00f3sito de ingresar a Estados Unidos, as\u00ed como a la represi\u00f3n de que est\u00e1n siendo objeto por parte de las autoridades fronterizas y migratorias estadounidenses.<\/p>\n<p>\u00abEs algo que espanta y provoca gran preocupaci\u00f3n\u00bb, expres\u00f3 el ex mandatario dominicano, al referirse a las dram\u00e1ticas im\u00e1genes que divulgaron los medios de comunicaci\u00f3n sobre la forma como las autoridades est\u00e1n tratando a los haitianos en la frontera entre M\u00e9xico y Estados Unidos.<\/p>\n<p>Fern\u00e1ndez sostuvo que Hait\u00ed requiere de la solidaridad urgente de la comunidad internacional, puesto que la situaci\u00f3n all\u00ed se ha agravado totalmente con la salida de las fuerzas de paz de las Naciones Unidas y el reciente asesinato del presidente Jovenel Moise en su propia residencia.<\/p>\n<p>Con referencia al Covid-19, Fern\u00e1ndez reiter\u00f3 su recomendaci\u00f3n de que las naciones m\u00e1s desarrolladas del mundo establezcan un fondo global de solidaridad para ayudar a los pa\u00edses menos pudientes a enfrentar los efectos nocivos de la pandemia del Coronavirus.<\/p>\n","protected":false},"excerpt":{"rendered":"<p>Nueva York, N.Y.Jueves 23 de septiembre 2021.- El presidente de la Fuerza del Pueblo, Dr. Leonel Fern\u00e1ndez Reyna, reiter\u00f3 su oposici\u00f3n a una eventual reforma a la Constituci\u00f3n Dominicana en&hellip; <\/p>\n","protected":false},"author":2,"featured_media":10548,"comment_status":"closed","ping_status":"closed","sticky":false,"template":"","format":"standard","meta":{"fifu_image_url":"","fifu_image_alt":"","footnotes":""},"categories":[100],"tags":[],"class_list":["post-10546","post","type-post","status-publish","format-standard","has-post-thumbnail","hentry","category-legislacion"],"_links":{"self":[{"href":"https:\/\/elmundodelosnegocios.com.do\/v1\/wp-json\/wp\/v2\/posts\/10546","targetHints":{"allow":["GET"]}}],"collection":[{"href":"https:\/\/elmundodelosnegocios.com.do\/v1\/wp-json\/wp\/v2\/posts"}],"about":[{"href":"https:\/\/elmundodelosnegocios.com.do\/v1\/wp-json\/wp\/v2\/types\/post"}],"author":[{"embeddable":true,"href":"https:\/\/elmundodelosnegocios.com.do\/v1\/wp-json\/wp\/v2\/users\/2"}],"replies":[{"embeddable":true,"href":"https:\/\/elmundodelosnegocios.com.do\/v1\/wp-json\/wp\/v2\/comments?post=10546"}],"version-history":[{"count":0,"href":"https:\/\/elmundodelosnegocios.com.do\/v1\/wp-json\/wp\/v2\/posts\/10546\/revisions"}],"wp:featuredmedia":[{"embeddable":true,"href":"https:\/\/elmundodelosnegocios.com.do\/v1\/wp-json\/wp\/v2\/media\/10548"}],"wp:attachment":[{"href":"https:\/\/elmundodelosnegocios.com.do\/v1\/wp-json\/wp\/v2\/media?parent=10546"}],"wp:term":[{"taxonomy":"category","embeddable":true,"href":"https:\/\/elmundodelosnegocios.com.do\/v1\/wp-json\/wp\/v2\/categories?post=10546"},{"taxonomy":"post_tag","embeddable":true,"href":"https:\/\/elmundodelosnegocios.com.do\/v1\/wp-json\/wp\/v2\/tags?post=10546"}],"curies":[{"name":"wp","href":"https:\/\/api.w.org\/{rel}","templated":true}]}}