{"id":10587,"date":"2021-09-23T14:05:22","date_gmt":"2021-09-23T18:35:22","guid":{"rendered":"http:\/\/elmundodelosnegocios.com.do\/v1\/?p=10587"},"modified":"2021-09-23T14:05:22","modified_gmt":"2021-09-23T18:35:22","slug":"circulan-manual-para-cuidadores-de-pacientes-con-alzheimer","status":"publish","type":"post","link":"https:\/\/elmundodelosnegocios.com.do\/v1\/circulan-manual-para-cuidadores-de-pacientes-con-alzheimer\/","title":{"rendered":"Circulan \u201cManual para Cuidadores de Pacientes con Alzheimer\u201d"},"content":{"rendered":"<p>SANTO DOMINGO, R.D. Septiembre 2021.- Con el objetivo brindar una herramienta a cuidadores primarios y secundarios, fue puesto a circulaci\u00f3n el \u201cManual Pr\u00e1ctico para Cuidadores de Pacientes con Alzheimer\u201d, una gu\u00eda que provee de herramientas a profesionales y personas que tratan a pacientes que padecen la enfermedad. <\/p>\n<p>La obra, que es de la autor\u00eda de la doctora Marcia Castillo y que cont\u00f3 con la colaboraci\u00f3n de Ivett Joga y Jocelyn Duran, aborda adem\u00e1s aspectos relacionados a la prevenci\u00f3n, diagn\u00f3stico y tratamiento de ese padecimiento, considerado la segunda causa de demencia del mundo. <\/p>\n<p>El mismo cont\u00f3 con el apoyo de la Academia de Ciencias de la Rep\u00fablica Dominicana, La Sociedad Dominicana de Neurolog\u00eda y Neurocirug\u00eda, La Asociaci\u00f3n Dominicana de Alzheimer y Similares y el Laboratorio Asofarma Centroam\u00e9rica y Caribe. <\/p>\n<p>\u201cEs un manual sumamente valioso e importante no s\u00f3lo, porque resulta una exposici\u00f3n detallada del significativo evento del cuidado del paciente con ese estado de invalidez, sino porque revisa todos los detalles a tomar en cuenta para su cuidado\u201d, expres\u00f3 Castillo.  <\/p>\n<p>\u201cLa obra est\u00e1 dividida en 21 temas, donde se aprecia por lo pr\u00e1ctico y did\u00e1ctico, lo que habla de la capacidad de sus tres autoras, las que han logrado un manual de gran utilidad y destreza\u201d, dijo Jos\u00e9 Silie Ruiz, coordinador de la Comisi\u00f3n de Salud de la Academia de Ciencias. <\/p>\n<p>\u201cEste manual b\u00e1sico sobre el cuidado del paciente con Alzheimer, es una revisi\u00f3n muy completa y detallada de c\u00f3mo se maneja el paciente con las condiciones de la triste p\u00e9rdida de la memoria\u201d, manifest\u00f3 el profesional de la salud. <\/p>\n<p>El mismo ser\u00e1 \u00fatil no solo para la familia y el paciente, sino tambi\u00e9n para el m\u00e9dico tratante a quien ayudar\u00e1 para    aconsejar a los familiares a    conocer la enfermedad del afectado\u201d, expresa. <\/p>\n<p>\u201cNo olvidemos nunca que el paciente es el que padece la enfermedad, pero es la familia quien la sufre con gran dolor y se convierte en un doloroso calvario\u201d, concluy\u00f3.    <\/p>\n<p>En el acto estuvieron presentes; Luis Scheker Ortiz, presidente de la Academia de Ciencias, Dra. Evelin Lora, presidenta de la Sociedad Dominicana de Neurolog\u00eda y Neurocirug\u00eda, Jos\u00e9 Modesto, presidente la Asociaci\u00f3n Dominicana de Alzheimer y Similares, Patricia Alc\u00e1ntara, gerente de Neurociencia de Laboratorio Asofarma, los doctores Dagoberto Guilamo y Daisy Acosta, Rosmery Quezada, entre otros.<\/p>\n","protected":false},"excerpt":{"rendered":"<p>SANTO DOMINGO, R.D. Septiembre 2021.- Con el objetivo brindar una herramienta a cuidadores primarios y secundarios, fue puesto a circulaci\u00f3n el \u201cManual Pr\u00e1ctico para Cuidadores de Pacientes con Alzheimer\u201d, una&hellip; <\/p>\n","protected":false},"author":2,"featured_media":10589,"comment_status":"closed","ping_status":"closed","sticky":false,"template":"","format":"standard","meta":{"fifu_image_url":"","fifu_image_alt":"","footnotes":""},"categories":[80],"tags":[],"class_list":["post-10587","post","type-post","status-publish","format-standard","has-post-thumbnail","hentry","category-salud"],"_links":{"self":[{"href":"https:\/\/elmundodelosnegocios.com.do\/v1\/wp-json\/wp\/v2\/posts\/10587","targetHints":{"allow":["GET"]}}],"collection":[{"href":"https:\/\/elmundodelosnegocios.com.do\/v1\/wp-json\/wp\/v2\/posts"}],"about":[{"href":"https:\/\/elmundodelosnegocios.com.do\/v1\/wp-json\/wp\/v2\/types\/post"}],"author":[{"embeddable":true,"href":"https:\/\/elmundodelosnegocios.com.do\/v1\/wp-json\/wp\/v2\/users\/2"}],"replies":[{"embeddable":true,"href":"https:\/\/elmundodelosnegocios.com.do\/v1\/wp-json\/wp\/v2\/comments?post=10587"}],"version-history":[{"count":0,"href":"https:\/\/elmundodelosnegocios.com.do\/v1\/wp-json\/wp\/v2\/posts\/10587\/revisions"}],"wp:featuredmedia":[{"embeddable":true,"href":"https:\/\/elmundodelosnegocios.com.do\/v1\/wp-json\/wp\/v2\/media\/10589"}],"wp:attachment":[{"href":"https:\/\/elmundodelosnegocios.com.do\/v1\/wp-json\/wp\/v2\/media?parent=10587"}],"wp:term":[{"taxonomy":"category","embeddable":true,"href":"https:\/\/elmundodelosnegocios.com.do\/v1\/wp-json\/wp\/v2\/categories?post=10587"},{"taxonomy":"post_tag","embeddable":true,"href":"https:\/\/elmundodelosnegocios.com.do\/v1\/wp-json\/wp\/v2\/tags?post=10587"}],"curies":[{"name":"wp","href":"https:\/\/api.w.org\/{rel}","templated":true}]}}