{"id":10893,"date":"2021-10-04T08:13:39","date_gmt":"2021-10-04T12:43:39","guid":{"rendered":"http:\/\/elmundodelosnegocios.com.do\/v1\/?p=10893"},"modified":"2021-10-04T08:13:39","modified_gmt":"2021-10-04T12:43:39","slug":"republica-dominicana-presente-en-expo-2020-dubai-la-feria-mas-grande-del-mundo","status":"publish","type":"post","link":"https:\/\/elmundodelosnegocios.com.do\/v1\/republica-dominicana-presente-en-expo-2020-dubai-la-feria-mas-grande-del-mundo\/","title":{"rendered":"Republica Dominicana presente en Expo 2020 Dub\u00e1i, la feria m\u00e1s grande del mundo"},"content":{"rendered":"<p>Dub\u00e1i.- El pabell\u00f3n de la Rep\u00fablica Dominicana qued\u00f3 inaugurado en el evento multisectorial m\u00e1s importante del mundo, Expo Dub\u00e1i, que inici\u00f3 el viernes 1 de octubre. All\u00ed, el pa\u00eds promover\u00e1 de manera estrat\u00e9gica la oferta exportable de productos nacionales, as\u00ed como el clima de inversi\u00f3n, atractivos tur\u00edsticos y culturales, adem\u00e1s de la hospitalidad y el talento que distingue a los dominicanos.<\/p>\n<p>Biviana Riveiro, directora ejecutiva de ProDominicana, represent\u00f3 al pa\u00eds durante el evento de inauguraci\u00f3n de la Expo y resalt\u00f3 la importancia de la participaci\u00f3n de Rep\u00fablica Dominicana en dicho espacio, ya que se estima que m\u00e1s de 25 millones de personas asistir\u00e1n al evento de todas las latitudes del mundo, lo que representa una gran oportunidad para nuevos negocios. <\/p>\n<p>Tras el anuncio del Presidente Luis Abinader, el pasado mes de julio, sobre la participaci\u00f3n del pa\u00eds en la Expo 2020 Dub\u00e1i, el Comit\u00e9 Interinstitucional de Coordinaci\u00f3n, integrado por el Ministerio de Relaciones Exteriores, el Ministerio de Turismo, el Ministerio de Cultura, ProDominicana y la empresa de soluciones log\u00edsticas DP World, dise\u00f1aron un plan de trabajo en busca de aprovechar esta importante plataforma internacional para impulsar la nueva Marca Pa\u00eds y sus cinco pilares: turismo, inversi\u00f3n, exportaci\u00f3n, cultura y ciudadan\u00eda. <\/p>\n<p>Riveiro expres\u00f3 que gracias a la alianza p\u00fablico-privada que se estableci\u00f3 entre el Gobierno dominicano y la empresa DP World, patrocinador oficial de la participaci\u00f3n de Rep\u00fablica Dominicana en la Expo, el pa\u00eds podr\u00e1 mostrar su potencial ante 190 pa\u00edses que se dan cita en esta importante feria, cuyo objetivo se enfoca en estimular el crecimiento econ\u00f3mico, cultural y cient\u00edfico de las naciones participantes construyendo nuevos paradigmas para la sostenibilidad y la transformaci\u00f3n tecnol\u00f3gica. <\/p>\n<p>El embajador de Rep\u00fablica Dominicana ante los Emiratos \u00c1rabes Unidos, Julio Casta\u00f1os Zouain, felicit\u00f3 a los l\u00edderes de esa naci\u00f3n, Su Alteza Sheikh Khalifa bin Zayed Al Nahyan, presidente, y Su Alteza Sheikh Mohamed bin Rashid Al Moktoum, vicepresidente, primer ministro y gobernante de Dub\u00e1i, por lograr hacer realidad un evento que abre las puertas a todas las naciones, con miras a  transformar el futuro y que se convertir\u00e1 en un legado hist\u00f3rico para su pa\u00eds y todo el mundo \u00e1rabe. <\/p>\n<p>A la inauguraci\u00f3n acudieron los siguientes representantes: de la Vicepresidencia de los Emiratos \u00c1rabes Unidos, Sr. Mohammed Abdulrahim Abdulla; de Mirex, adem\u00e1s delembajador Julio Casta\u00f1os Zouain, estuvieron Mariana Ambrad, Carolina Peguero y Karla Tejeda; de DP- World,altos ejecutivos como Tiemen Meester, Federico Banos-Lindner, Arlina Pe\u00f1a, Juan Carlos Sahdala, Arnaldo Abad, as\u00ed como el se\u00f1or Hanna Bueno, representante del Ministerio de Cultura, y del Ministerio de Turismo, Alexandra Streltsova, as\u00ed como miembros de la comunidad dominicana en Dub\u00e1i.<\/p>\n<p>El pabell\u00f3n dominicano est\u00e1 dise\u00f1ado y ambientado para hacer vivir a los visitantes una experiencia \u00fanica de la cultura y los atractivos del pa\u00eds, con la finalidad de captar turistas, inversionistas y otros posibles socios comerciales, durante los seis meses de duraci\u00f3n de la Expo.<\/p>\n<p>El Comit\u00e9 Interinstitucional de Coordinaci\u00f3n trabaja en una amplia agenda de actividades que se estar\u00e1n desarrollando en el pabell\u00f3n dominicano durante la Expo y buscan integrar al sector empresarial a este gran esfuerzo que tiene como principal objetivo la recuperaci\u00f3n econ\u00f3mica del pa\u00eds, abrirnos a nuevos mercados y consolidarlo como un referente en la regi\u00f3n a nivel de log\u00edstica, negocios y nuevas oportunidades de empleo e, igualmente, mostrar nuestra oferta gastron\u00f3mica y cultural. <\/p>\n<p>Sobre Expo 2020 Dub\u00e1i<\/p>\n<p>La Expo Universal es un evento que se realiza cada cinco a\u00f1os y su primera edici\u00f3n se efectu\u00f3 en Londres en el a\u00f1o 1851. La feria es llevada a cabo por la organizaci\u00f3n intergubernamental, Bureau International de Exposiciones, y tiene como prop\u00f3sito y compromiso construir un legado que sea sostenible, duradero y que establezca un punto de referencia para las futuras exposiciones mundiales que se realicen.<\/p>\n<p>La edici\u00f3n Expo Universal de Dub\u00e1i 2020 ser\u00e1 la m\u00e1s grande realizada hasta la fecha y la primera que se efect\u00faa en la regi\u00f3n de Oriente Medio, \u00c1frica y Asia Meridional, as\u00ed como la primera en ser organizada por una naci\u00f3n \u00e1rabe. Este a\u00f1o la exposici\u00f3n se llevar\u00e1 a cabo en la ciudad de Dub\u00e1i desde este mes de octubre hasta abril del 2022 y tendr\u00e1 como lema \u201cConnecting Minds, Creating the Future\u201d.<\/p>\n","protected":false},"excerpt":{"rendered":"<p>Dub\u00e1i.- El pabell\u00f3n de la Rep\u00fablica Dominicana qued\u00f3 inaugurado en el evento multisectorial m\u00e1s importante del mundo, Expo Dub\u00e1i, que inici\u00f3 el viernes 1 de octubre. All\u00ed, el pa\u00eds promover\u00e1&hellip; <\/p>\n","protected":false},"author":2,"featured_media":10894,"comment_status":"closed","ping_status":"closed","sticky":false,"template":"","format":"standard","meta":{"fifu_image_url":"","fifu_image_alt":"","footnotes":""},"categories":[157],"tags":[],"class_list":["post-10893","post","type-post","status-publish","format-standard","has-post-thumbnail","hentry","category-marketing"],"_links":{"self":[{"href":"https:\/\/elmundodelosnegocios.com.do\/v1\/wp-json\/wp\/v2\/posts\/10893","targetHints":{"allow":["GET"]}}],"collection":[{"href":"https:\/\/elmundodelosnegocios.com.do\/v1\/wp-json\/wp\/v2\/posts"}],"about":[{"href":"https:\/\/elmundodelosnegocios.com.do\/v1\/wp-json\/wp\/v2\/types\/post"}],"author":[{"embeddable":true,"href":"https:\/\/elmundodelosnegocios.com.do\/v1\/wp-json\/wp\/v2\/users\/2"}],"replies":[{"embeddable":true,"href":"https:\/\/elmundodelosnegocios.com.do\/v1\/wp-json\/wp\/v2\/comments?post=10893"}],"version-history":[{"count":0,"href":"https:\/\/elmundodelosnegocios.com.do\/v1\/wp-json\/wp\/v2\/posts\/10893\/revisions"}],"wp:featuredmedia":[{"embeddable":true,"href":"https:\/\/elmundodelosnegocios.com.do\/v1\/wp-json\/wp\/v2\/media\/10894"}],"wp:attachment":[{"href":"https:\/\/elmundodelosnegocios.com.do\/v1\/wp-json\/wp\/v2\/media?parent=10893"}],"wp:term":[{"taxonomy":"category","embeddable":true,"href":"https:\/\/elmundodelosnegocios.com.do\/v1\/wp-json\/wp\/v2\/categories?post=10893"},{"taxonomy":"post_tag","embeddable":true,"href":"https:\/\/elmundodelosnegocios.com.do\/v1\/wp-json\/wp\/v2\/tags?post=10893"}],"curies":[{"name":"wp","href":"https:\/\/api.w.org\/{rel}","templated":true}]}}