{"id":11029,"date":"2021-10-06T08:29:20","date_gmt":"2021-10-06T12:59:20","guid":{"rendered":"http:\/\/elmundodelosnegocios.com.do\/v1\/?p=11029"},"modified":"2021-10-06T08:52:30","modified_gmt":"2021-10-06T13:22:30","slug":"banreservas-inicia-actividades","status":"publish","type":"post","link":"https:\/\/elmundodelosnegocios.com.do\/v1\/banreservas-inicia-actividades\/","title":{"rendered":"Banreservas inicia actividades 80\u02daaniversario con exposici\u00f3n hist\u00f3rica y conmemorativa"},"content":{"rendered":"<p>La muestra, que inicia una trilog\u00eda de eventos culturales, estar\u00e1 abierta hasta enero <\/p>\n<p>El Banco de Reservas inaugur\u00f3 la exposici\u00f3n, \u201cBanreservas: Historia y Sociedad\u201d, un recorrido hist\u00f3rico y conmemorativo que inicia el ciclo de actividades de celebraci\u00f3n del 80\u02daaniversario de la instituci\u00f3n financiera.<\/p>\n<p>Samuel Pereyra, administrador general de la entidad bancaria, exclam\u00f3 que es un motivo de mucha satisfacci\u00f3n inaugurar en el Centro Cultural Banreservas una exposici\u00f3n que expone con detalles la evoluci\u00f3n de una entidad, que durante ocho d\u00e9cadas ha protagonizado cap\u00edtulos decisivos del discurrir econ\u00f3mico y social de nuestra patria.  <\/p>\n<p>Explic\u00f3 que, en este octog\u00e9simo aniversario, los actos centrales est\u00e1n relacionados con la cultura. \u201cLa apertura de esta muestra museogr\u00e1fica inicia esta trilog\u00eda de eventos culturales. Adem\u00e1s de esta exhibici\u00f3n, pondremos en circulaci\u00f3n un libro conmemorativo de este acontecimiento y celebraremos una gran gala musical en el Teatro Nacional,\u201d, revel\u00f3.<br \/>\n<div id='gallery-1' class='gallery galleryid-11029 gallery-columns-3 gallery-size-large'><figure class='gallery-item'>\n\t\t\t<div class='gallery-icon landscape'>\n\t\t\t\t<a href='https:\/\/elmundodelosnegocios.com.do\/v1\/wp-content\/uploads\/2021\/10\/2-5-scaled.jpg'><img loading=\"lazy\" decoding=\"async\" width=\"1024\" height=\"681\" src=\"https:\/\/elmundodelosnegocios.com.do\/v1\/wp-content\/uploads\/2021\/10\/2-5-1024x681.jpg\" class=\"attachment-large size-large\" alt=\"\" srcset=\"https:\/\/elmundodelosnegocios.com.do\/v1\/wp-content\/uploads\/2021\/10\/2-5-1024x681.jpg 1024w, https:\/\/elmundodelosnegocios.com.do\/v1\/wp-content\/uploads\/2021\/10\/2-5-300x200.jpg 300w, https:\/\/elmundodelosnegocios.com.do\/v1\/wp-content\/uploads\/2021\/10\/2-5-768x511.jpg 768w, https:\/\/elmundodelosnegocios.com.do\/v1\/wp-content\/uploads\/2021\/10\/2-5-1536x1022.jpg 1536w, https:\/\/elmundodelosnegocios.com.do\/v1\/wp-content\/uploads\/2021\/10\/2-5-2048x1363.jpg 2048w\" sizes=\"auto, (max-width: 1024px) 100vw, 1024px\" \/><\/a>\n\t\t\t<\/div><\/figure><figure class='gallery-item'>\n\t\t\t<div class='gallery-icon landscape'>\n\t\t\t\t<a href='https:\/\/elmundodelosnegocios.com.do\/v1\/wp-content\/uploads\/2021\/10\/3-4.jpg'><img loading=\"lazy\" decoding=\"async\" width=\"1000\" height=\"667\" src=\"https:\/\/elmundodelosnegocios.com.do\/v1\/wp-content\/uploads\/2021\/10\/3-4.jpg\" class=\"attachment-large size-large\" alt=\"\" srcset=\"https:\/\/elmundodelosnegocios.com.do\/v1\/wp-content\/uploads\/2021\/10\/3-4.jpg 1000w, https:\/\/elmundodelosnegocios.com.do\/v1\/wp-content\/uploads\/2021\/10\/3-4-300x200.jpg 300w, https:\/\/elmundodelosnegocios.com.do\/v1\/wp-content\/uploads\/2021\/10\/3-4-768x512.jpg 768w\" sizes=\"auto, (max-width: 1000px) 100vw, 1000px\" \/><\/a>\n\t\t\t<\/div><\/figure><figure class='gallery-item'>\n\t\t\t<div class='gallery-icon landscape'>\n\t\t\t\t<a href='https:\/\/elmundodelosnegocios.com.do\/v1\/wp-content\/uploads\/2021\/10\/4-3.jpg'><img loading=\"lazy\" decoding=\"async\" width=\"1000\" height=\"667\" src=\"https:\/\/elmundodelosnegocios.com.do\/v1\/wp-content\/uploads\/2021\/10\/4-3.jpg\" class=\"attachment-large size-large\" alt=\"\" srcset=\"https:\/\/elmundodelosnegocios.com.do\/v1\/wp-content\/uploads\/2021\/10\/4-3.jpg 1000w, https:\/\/elmundodelosnegocios.com.do\/v1\/wp-content\/uploads\/2021\/10\/4-3-300x200.jpg 300w, https:\/\/elmundodelosnegocios.com.do\/v1\/wp-content\/uploads\/2021\/10\/4-3-768x512.jpg 768w\" sizes=\"auto, (max-width: 1000px) 100vw, 1000px\" \/><\/a>\n\t\t\t<\/div><\/figure>\n\t\t<\/div>\n<\/p>\n<p>La cultura como centro<br \/>\nDesde octubre hasta el 2 de enero de 2022, los asistentes podr\u00e1n dar un paseo por tres \u00e1mbitos esenciales en la identidad del Banco de Reservas: el pasado y g\u00e9nesis de la banca, c\u00f3mo surge y cu\u00e1l es su destino ante los retos y desaf\u00edos en su misi\u00f3n de continuar siendo banco de todos los dominicanos.<\/p>\n<p>Para recrear estas etapas y el conjunto de su secuencia evolutiva, el banco recurri\u00f3 a la construcci\u00f3n de un modelo tem\u00e1tico, cronol\u00f3gico y contextual, que se elabor\u00f3 con recursos museogr\u00e1ficos interpretativos, gr\u00e1ficos, dibujos, fotograf\u00edas, textos, narraciones sonoras, videos, maquetas e incluso la recreaci\u00f3n de espacio. <\/p>\n<p>La exposici\u00f3n cuenta, adem\u00e1s, con piezas de la colecci\u00f3n que el Banco ha ido atesorando y conservando, y que tienen un evidente valor hist\u00f3rico y art\u00edstico.<\/p>\n<p>Los ni\u00f1os tambi\u00e9n tienen su espacio en esta muestra, que promete muchas actividades sorpresas para el disfrute de toda la familia, las cuales se anunciar\u00e1n en las redes sociales del Centro Cultural y las del banco. <\/p>\n","protected":false},"excerpt":{"rendered":"<p>La muestra, que inicia una trilog\u00eda de eventos culturales, estar\u00e1 abierta hasta enero El Banco de Reservas inaugur\u00f3 la exposici\u00f3n, \u201cBanreservas: Historia y Sociedad\u201d, un recorrido hist\u00f3rico y conmemorativo que&hellip; <\/p>\n","protected":false},"author":2,"featured_media":10986,"comment_status":"closed","ping_status":"closed","sticky":false,"template":"","format":"standard","meta":{"fifu_image_url":"","fifu_image_alt":"","footnotes":""},"categories":[179],"tags":[],"class_list":["post-11029","post","type-post","status-publish","format-standard","has-post-thumbnail","hentry","category-arte"],"_links":{"self":[{"href":"https:\/\/elmundodelosnegocios.com.do\/v1\/wp-json\/wp\/v2\/posts\/11029","targetHints":{"allow":["GET"]}}],"collection":[{"href":"https:\/\/elmundodelosnegocios.com.do\/v1\/wp-json\/wp\/v2\/posts"}],"about":[{"href":"https:\/\/elmundodelosnegocios.com.do\/v1\/wp-json\/wp\/v2\/types\/post"}],"author":[{"embeddable":true,"href":"https:\/\/elmundodelosnegocios.com.do\/v1\/wp-json\/wp\/v2\/users\/2"}],"replies":[{"embeddable":true,"href":"https:\/\/elmundodelosnegocios.com.do\/v1\/wp-json\/wp\/v2\/comments?post=11029"}],"version-history":[{"count":0,"href":"https:\/\/elmundodelosnegocios.com.do\/v1\/wp-json\/wp\/v2\/posts\/11029\/revisions"}],"wp:featuredmedia":[{"embeddable":true,"href":"https:\/\/elmundodelosnegocios.com.do\/v1\/wp-json\/wp\/v2\/media\/10986"}],"wp:attachment":[{"href":"https:\/\/elmundodelosnegocios.com.do\/v1\/wp-json\/wp\/v2\/media?parent=11029"}],"wp:term":[{"taxonomy":"category","embeddable":true,"href":"https:\/\/elmundodelosnegocios.com.do\/v1\/wp-json\/wp\/v2\/categories?post=11029"},{"taxonomy":"post_tag","embeddable":true,"href":"https:\/\/elmundodelosnegocios.com.do\/v1\/wp-json\/wp\/v2\/tags?post=11029"}],"curies":[{"name":"wp","href":"https:\/\/api.w.org\/{rel}","templated":true}]}}