{"id":11089,"date":"2021-10-06T12:17:06","date_gmt":"2021-10-06T16:47:06","guid":{"rendered":"http:\/\/elmundodelosnegocios.com.do\/v1\/?p=11089"},"modified":"2021-10-06T12:17:06","modified_gmt":"2021-10-06T16:47:06","slug":"inicio-idecoop-plan-formacion-cooperativas-nueva-incorporacion","status":"publish","type":"post","link":"https:\/\/elmundodelosnegocios.com.do\/v1\/inicio-idecoop-plan-formacion-cooperativas-nueva-incorporacion\/","title":{"rendered":"Inicio IDECOOP Plan Formaci\u00f3n Cooperativas nueva incorporaci\u00f3n"},"content":{"rendered":"<p>M\u00e1s de 2 mil cooperativas ser\u00e1n alcanzadas con el plan de capacitaci\u00f3n<\/p>\n<p>Santo Domingo, D.N. En el marco de la celebraci\u00f3n del Mes del Cooperativismo, el Instituto de Desarrollo y Cr\u00e9dito Cooperativo (IDECOOP), dio apertura al Plan de Formaci\u00f3n acad\u00e9mica a las 393 cooperativas reci\u00e9n incorporadas y a las que est\u00e1n en proceso de formaci\u00f3n y fortalecimiento.<\/p>\n<p>Con este Plan el IDECOOP se propone formar a las cooperativas en los temas de legislaci\u00f3n, roles y funciones de los organismos de direcci\u00f3n, contabilidad, controles internos, riesgos y administraci\u00f3n de empresas cooperativas.<br \/>\n<div id='gallery-1' class='gallery galleryid-11089 gallery-columns-2 gallery-size-large'><figure class='gallery-item'>\n\t\t\t<div class='gallery-icon landscape'>\n\t\t\t\t<a href='https:\/\/elmundodelosnegocios.com.do\/v1\/wp-content\/uploads\/2021\/10\/2-10.jpg'><img loading=\"lazy\" decoding=\"async\" width=\"1000\" height=\"664\" src=\"https:\/\/elmundodelosnegocios.com.do\/v1\/wp-content\/uploads\/2021\/10\/2-10.jpg\" class=\"attachment-large size-large\" alt=\"\" srcset=\"https:\/\/elmundodelosnegocios.com.do\/v1\/wp-content\/uploads\/2021\/10\/2-10.jpg 1000w, https:\/\/elmundodelosnegocios.com.do\/v1\/wp-content\/uploads\/2021\/10\/2-10-300x199.jpg 300w, https:\/\/elmundodelosnegocios.com.do\/v1\/wp-content\/uploads\/2021\/10\/2-10-768x510.jpg 768w\" sizes=\"auto, (max-width: 1000px) 100vw, 1000px\" \/><\/a>\n\t\t\t<\/div><\/figure><figure class='gallery-item'>\n\t\t\t<div class='gallery-icon landscape'>\n\t\t\t\t<a href='https:\/\/elmundodelosnegocios.com.do\/v1\/wp-content\/uploads\/2021\/10\/3-7.jpg'><img loading=\"lazy\" decoding=\"async\" width=\"1000\" height=\"664\" src=\"https:\/\/elmundodelosnegocios.com.do\/v1\/wp-content\/uploads\/2021\/10\/3-7.jpg\" class=\"attachment-large size-large\" alt=\"\" srcset=\"https:\/\/elmundodelosnegocios.com.do\/v1\/wp-content\/uploads\/2021\/10\/3-7.jpg 1000w, https:\/\/elmundodelosnegocios.com.do\/v1\/wp-content\/uploads\/2021\/10\/3-7-300x199.jpg 300w, https:\/\/elmundodelosnegocios.com.do\/v1\/wp-content\/uploads\/2021\/10\/3-7-768x510.jpg 768w\" sizes=\"auto, (max-width: 1000px) 100vw, 1000px\" \/><\/a>\n\t\t\t<\/div><\/figure>\n\t\t<\/div>\n<\/p>\n<p>Al encabezar el acto de apertura el presidente administrador del IDECOOP, profesor Franco De Los Santos, dijo que con el plan de educaci\u00f3n y formaci\u00f3n se alcanzaran m\u00e1s de 2 mil cooperativas, en coordinaci\u00f3n con las federaciones de cooperativas de todas las regiones del pa\u00eds.<\/p>\n<p>El titular de IDECOOP afirm\u00f3 que la jornada que se apertura hoy tendr\u00e1 una duraci\u00f3n de tres d\u00edas y concluir\u00e1 con una importante conferencia dictada por especialistas en el sector, con el tema \u201cRol e impacto de las cooperativas en las comunidades\u201d.<\/p>\n<p>Agreg\u00f3 que en lo adelante las capacitaciones se extender\u00e1n de manera simult\u00e1nea por los doce centros regionales del IDECOOP, con miras a lograr que el cooperativismo en el pa\u00eds sea el eje fundamental del desarrollo de la Naci\u00f3n.<\/p>\n<p>En el acto de apertura estuvieron el presidente del Consejo Nacional de Cooperativas, CONACOOP, Jorge Eligio M\u00e9ndez, Miguel Polanco, asesor del Poder Ejecutivo en materia de cooperativismo, Henrique Qui\u00f1ones, presidente de FEDOCOOP, el director de la facultad de Ciencias Jur\u00eddicas y Pol\u00edticas de la UASD, Roberto Adonis Martin, entre otros invitados especiales.<\/p>\n","protected":false},"excerpt":{"rendered":"<p>M\u00e1s de 2 mil cooperativas ser\u00e1n alcanzadas con el plan de capacitaci\u00f3n Santo Domingo, D.N. En el marco de la celebraci\u00f3n del Mes del Cooperativismo, el Instituto de Desarrollo y&hellip; <\/p>\n","protected":false},"author":2,"featured_media":11091,"comment_status":"closed","ping_status":"closed","sticky":false,"template":"","format":"standard","meta":{"fifu_image_url":"","fifu_image_alt":"","footnotes":""},"categories":[94],"tags":[],"class_list":["post-11089","post","type-post","status-publish","format-standard","has-post-thumbnail","hentry","category-finanzas"],"_links":{"self":[{"href":"https:\/\/elmundodelosnegocios.com.do\/v1\/wp-json\/wp\/v2\/posts\/11089","targetHints":{"allow":["GET"]}}],"collection":[{"href":"https:\/\/elmundodelosnegocios.com.do\/v1\/wp-json\/wp\/v2\/posts"}],"about":[{"href":"https:\/\/elmundodelosnegocios.com.do\/v1\/wp-json\/wp\/v2\/types\/post"}],"author":[{"embeddable":true,"href":"https:\/\/elmundodelosnegocios.com.do\/v1\/wp-json\/wp\/v2\/users\/2"}],"replies":[{"embeddable":true,"href":"https:\/\/elmundodelosnegocios.com.do\/v1\/wp-json\/wp\/v2\/comments?post=11089"}],"version-history":[{"count":0,"href":"https:\/\/elmundodelosnegocios.com.do\/v1\/wp-json\/wp\/v2\/posts\/11089\/revisions"}],"wp:featuredmedia":[{"embeddable":true,"href":"https:\/\/elmundodelosnegocios.com.do\/v1\/wp-json\/wp\/v2\/media\/11091"}],"wp:attachment":[{"href":"https:\/\/elmundodelosnegocios.com.do\/v1\/wp-json\/wp\/v2\/media?parent=11089"}],"wp:term":[{"taxonomy":"category","embeddable":true,"href":"https:\/\/elmundodelosnegocios.com.do\/v1\/wp-json\/wp\/v2\/categories?post=11089"},{"taxonomy":"post_tag","embeddable":true,"href":"https:\/\/elmundodelosnegocios.com.do\/v1\/wp-json\/wp\/v2\/tags?post=11089"}],"curies":[{"name":"wp","href":"https:\/\/api.w.org\/{rel}","templated":true}]}}