{"id":11094,"date":"2021-10-06T12:25:38","date_gmt":"2021-10-06T16:55:38","guid":{"rendered":"http:\/\/elmundodelosnegocios.com.do\/v1\/?p=11094"},"modified":"2021-10-06T12:25:38","modified_gmt":"2021-10-06T16:55:38","slug":"dominicana-sera-sede-primer-foro-caribe-naranja","status":"publish","type":"post","link":"https:\/\/elmundodelosnegocios.com.do\/v1\/dominicana-sera-sede-primer-foro-caribe-naranja\/","title":{"rendered":"Dominicana ser\u00e1 sede primer Foro Caribe Naranja"},"content":{"rendered":"<p>El pr\u00f3ximo 14 de octubre la Rep\u00fablica Dominicana ser\u00e1 la sede de la primera entrega del Foro Caribe Naranja, (FCN) encuentro multisectorial que nace con el objetivo de impulsar y conectar el ecosistema de la Econom\u00eda Naranja y las industrias creativas en toda la regi\u00f3n del Caribe insular.<\/p>\n<p>Se trata de un evento h\u00edbrido, que une el formato presencial y virtual, con la participaci\u00f3n de m\u00e1s de 40 profesionales de diferentes sectores de las industrias creativas quienes participar\u00e1n en paneles, v\u00eddeos y conferencias, abarcando los puntos neur\u00e1lgicos y la agenda pendiente que tiene el pa\u00eds y la regi\u00f3n en formalizar el ecosistema naranja como un sector econ\u00f3mico que incide de manera directa en el desarrollo y crecimiento sostenible de las naciones y contribuye a mejorar la calidad de vida de las poblaciones. <\/p>\n<p>\u201cLa econom\u00eda naranja o econom\u00eda creativa es la que a partir del talento creativo y la propiedad intelectual genera bienes y servicios.  Este concepto agrupa las industrias relacionadas con las artes en general, el cine, el dise\u00f1o, la m\u00fasica, la moda, la arquitectura, la publicidad, el desarrollo de softwares, desarrollo de aplicaciones, videojuegos, entre otros\u201d, inform\u00f3 Arlette Palacio CEO de SiP Group y co-productora del evento. <\/p>\n<p>La relevancia de la Econom\u00eda Naranja viene dada por la cantidad de nuevos empleos y por el desarrollo econ\u00f3mico que provoca a trav\u00e9s de nuevas tecnolog\u00edas e industrias que se dinamizan a partir de las ideas y el talento de los ciudadanos. \u201cEn definitiva, el sector creativo tiene un gran impacto en la econom\u00eda en esta cuarta revoluci\u00f3n industrial que incluye la inteligencia artificial, el machine learning y el blockchain\u201d, enfatiz\u00f3 Palacio. <\/p>\n<p>Para enmarcar el evento en el contexto internacional los organizadores del foro han invitado a Ang\u00e9lica Mayolo Obreg\u00f3n, Ministra de Cultura de Colombia y a Javier Hern\u00e1ndez director de la Escuela de Artes, Dise\u00f1o e Industrias Creativas de la Universidad Sagrado Coraz\u00f3n de Puerto Rico. <\/p>\n<p>\u201cEl Foro Caribe Naranja es el inicio de un proceso de conversaci\u00f3n y una mesa de trabajo que estar\u00e1 compuesta por diferentes actores, nacionales e internacionales, con el objetivo de desarrollar una agenda de trabajo com\u00fan que permita posicionar a la Rep\u00fablica Dominicana como el hub creativo del Caribe.  De ah\u00ed la importancia de tener a la Ministra de Cultura de Colombia una de las naciones de la regi\u00f3n que tiene m\u00e1s organizado y documentado su ecosistema naranja y en el caso del catedr\u00e1tico puertorique\u00f1o Javier Hern\u00e1ndez, quien ha realizado importantes aportes a trav\u00e9s de sus libros Emprendimiento Creativo y La Ruta Emprendedora, adem\u00e1s de ser consultor en pol\u00edticas culturales e industria creativas de m\u00faltiples ciudades y organismos internacionales\u201d, inform\u00f3 \u00c1ngel Rosario director creativo de Switch y Co-productor del FCN.<br \/>\n<div id='gallery-1' class='gallery galleryid-11094 gallery-columns-2 gallery-size-large'><figure class='gallery-item'>\n\t\t\t<div class='gallery-icon landscape'>\n\t\t\t\t<a href='https:\/\/elmundodelosnegocios.com.do\/v1\/wp-content\/uploads\/2021\/10\/2-11.jpg'><img loading=\"lazy\" decoding=\"async\" width=\"1000\" height=\"667\" src=\"https:\/\/elmundodelosnegocios.com.do\/v1\/wp-content\/uploads\/2021\/10\/2-11.jpg\" class=\"attachment-large size-large\" alt=\"\" srcset=\"https:\/\/elmundodelosnegocios.com.do\/v1\/wp-content\/uploads\/2021\/10\/2-11.jpg 1000w, https:\/\/elmundodelosnegocios.com.do\/v1\/wp-content\/uploads\/2021\/10\/2-11-300x200.jpg 300w, https:\/\/elmundodelosnegocios.com.do\/v1\/wp-content\/uploads\/2021\/10\/2-11-768x512.jpg 768w\" sizes=\"auto, (max-width: 1000px) 100vw, 1000px\" \/><\/a>\n\t\t\t<\/div><\/figure><figure class='gallery-item'>\n\t\t\t<div class='gallery-icon landscape'>\n\t\t\t\t<a href='https:\/\/elmundodelosnegocios.com.do\/v1\/wp-content\/uploads\/2021\/10\/3-8.jpg'><img loading=\"lazy\" decoding=\"async\" width=\"1000\" height=\"667\" src=\"https:\/\/elmundodelosnegocios.com.do\/v1\/wp-content\/uploads\/2021\/10\/3-8.jpg\" class=\"attachment-large size-large\" alt=\"\" srcset=\"https:\/\/elmundodelosnegocios.com.do\/v1\/wp-content\/uploads\/2021\/10\/3-8.jpg 1000w, https:\/\/elmundodelosnegocios.com.do\/v1\/wp-content\/uploads\/2021\/10\/3-8-300x200.jpg 300w, https:\/\/elmundodelosnegocios.com.do\/v1\/wp-content\/uploads\/2021\/10\/3-8-768x512.jpg 768w\" sizes=\"auto, (max-width: 1000px) 100vw, 1000px\" \/><\/a>\n\t\t\t<\/div><\/figure>\n\t\t<\/div>\n<\/p>\n<p>La agenda del foro se complementa por seis paneles tem\u00e1ticos en los que se tratar\u00e1n diferentes \u00e1reas del ecosistema naranja entre ellos:  Moda Dominicana con Visi\u00f3n Global el cual ser\u00e1 conducido por Karina Cortorreal CEO de Ind\u00f3mita; Gastronom\u00eda Dominicana Contempor\u00e1nea conducido por el Chef Emil Vega; 10 a\u00f1os de la Ley de Cine en RD conducido por la directora de la Direcci\u00f3n General de Cine (DGCINE) Marianna Vargas. <\/p>\n<p>Un cuarto panel sobre La M\u00fasica Dominicana Identidad e Industrias conducido por Jos\u00e9 Antonio Rodr\u00edguez.  Tambi\u00e9n tratar\u00e1n el tema de la Propiedad Intelectual en RD conducido por la abogada experta en el tema, Wallis Pons y la Industria de Contenidos Digitales con Sabor Local conducido por Soraya Pina. <\/p>\n<p>Otros contenidos que formar\u00e1n parte del foro son Espacios Culturales en RD, la Ley de Mecenazgo, Instituciones Acad\u00e9micas para las Industrias Creativas, Arte Urbano en RD, Dise\u00f1o en RD, Identidad Marca Pa\u00eds, Santo Domingo Ciudad Creativa de la M\u00fasica, Dominicana Cultural y Creativa, Financiamiento para Emprendedores de las Industrias Creativas y las Editoriales Independientes.<\/p>\n<p>Los organizadores del foro invitan a todos los dominicanos y dominicanas, como a ciudadanos de otros pa\u00edses de la regi\u00f3n que se conecten a la transmisi\u00f3n del evento cuyo acceso ser\u00e1 gratuito pero deben registrarse previamente en forocaribenaranja.com o en @forocaribenaranja.<\/p>\n<p>La Silla Naranja un espacio para continuar la conversaci\u00f3n:<\/p>\n<p>La Silla Naranja es una entrega por episodios con entrevistas a personas y representantes de proyectos del ecosistema naranja en Rep\u00fablica Dominicana, con el objetivo de visibilizar, contar sus historias.  C\u00e1psulas cortas, informativas, que servir\u00e1n para generar expectativas sobre el evento y continuar\u00e1 presentando contenido para fortalecer el sector.<\/p>\n<p>La primera temporada de La Silla Naranja tiene como protagonista a La Buena Fe taller de dise\u00f1o y artesan\u00eda, Ind\u00f3mita plataforma de moda y cultura, Wallis Pons quien abordar\u00e1 el tema de la propiedad intelectual, Angurria dise\u00f1ador, creativo y impulsor del arte urbano, Alf \u00c1lvarez de Snack Report, medio digital que se diferencia en presentar las noticias desde el humor y el uso de memes, Chef Tita sobre el Rol de la Gastronom\u00eda en el Ecosistema Naranja y Marianna Vargas con el tema del Cine Dominicano, Tan\u00eda Ram\u00edrez de Terra RD con el tema de turismo culturales y Albert Mart\u00ednez de Lantica Media. <\/p>\n<p>Foro Caribe Naranja cuenta con el patrocinio de BANRESERVAS, Banco Popular Dominicano, Altice, Lantica, Murales, CDN, Revista Pandora; y con el apoyo del Ministerio de Industria y Comercio, Ministerio de Cultura, la Direcci\u00f3n General de Cine (DGCINE), Instituto T\u00e9cnico Profesional (INFOTEP), el Banco Interamericano de Desarrollo (BID), \u00c1gora Mall, Centro Cuesta Nacional, Educology Hub y la Revista Times.<\/p>\n","protected":false},"excerpt":{"rendered":"<p>El pr\u00f3ximo 14 de octubre la Rep\u00fablica Dominicana ser\u00e1 la sede de la primera entrega del Foro Caribe Naranja, (FCN) encuentro multisectorial que nace con el objetivo de impulsar y&hellip; <\/p>\n","protected":false},"author":2,"featured_media":11096,"comment_status":"closed","ping_status":"closed","sticky":false,"template":"","format":"standard","meta":{"fifu_image_url":"","fifu_image_alt":"","footnotes":""},"categories":[157],"tags":[],"class_list":["post-11094","post","type-post","status-publish","format-standard","has-post-thumbnail","hentry","category-marketing"],"_links":{"self":[{"href":"https:\/\/elmundodelosnegocios.com.do\/v1\/wp-json\/wp\/v2\/posts\/11094","targetHints":{"allow":["GET"]}}],"collection":[{"href":"https:\/\/elmundodelosnegocios.com.do\/v1\/wp-json\/wp\/v2\/posts"}],"about":[{"href":"https:\/\/elmundodelosnegocios.com.do\/v1\/wp-json\/wp\/v2\/types\/post"}],"author":[{"embeddable":true,"href":"https:\/\/elmundodelosnegocios.com.do\/v1\/wp-json\/wp\/v2\/users\/2"}],"replies":[{"embeddable":true,"href":"https:\/\/elmundodelosnegocios.com.do\/v1\/wp-json\/wp\/v2\/comments?post=11094"}],"version-history":[{"count":0,"href":"https:\/\/elmundodelosnegocios.com.do\/v1\/wp-json\/wp\/v2\/posts\/11094\/revisions"}],"wp:featuredmedia":[{"embeddable":true,"href":"https:\/\/elmundodelosnegocios.com.do\/v1\/wp-json\/wp\/v2\/media\/11096"}],"wp:attachment":[{"href":"https:\/\/elmundodelosnegocios.com.do\/v1\/wp-json\/wp\/v2\/media?parent=11094"}],"wp:term":[{"taxonomy":"category","embeddable":true,"href":"https:\/\/elmundodelosnegocios.com.do\/v1\/wp-json\/wp\/v2\/categories?post=11094"},{"taxonomy":"post_tag","embeddable":true,"href":"https:\/\/elmundodelosnegocios.com.do\/v1\/wp-json\/wp\/v2\/tags?post=11094"}],"curies":[{"name":"wp","href":"https:\/\/api.w.org\/{rel}","templated":true}]}}