{"id":11222,"date":"2021-10-08T13:29:22","date_gmt":"2021-10-08T17:59:22","guid":{"rendered":"http:\/\/elmundodelosnegocios.com.do\/v1\/?p=11222"},"modified":"2021-10-08T13:29:22","modified_gmt":"2021-10-08T17:59:22","slug":"capacita-project-hope-personal-salud-y-entrega-insumos-proteccion-covid-19","status":"publish","type":"post","link":"https:\/\/elmundodelosnegocios.com.do\/v1\/capacita-project-hope-personal-salud-y-entrega-insumos-proteccion-covid-19\/","title":{"rendered":"Capacita Project HOPE personal salud y entrega insumos protecci\u00f3n COVID-19"},"content":{"rendered":"<p>Santo Domingo, R.D. Octubre 8, 2021.- Project HOPE Rep\u00fablica Dominicana entreg\u00f3 445,500 mascarillas KN95, de un mill\u00f3n que ser\u00e1n donadas al Ministerio de Salud P\u00fablica (MSP) y al Servicio Nacional de Salud (SNS) para apoyar a garantizar la protecci\u00f3n f\u00edsica de los trabajadores de salud que ofrecen asistencia a pacientes contagiados de COVID-19.<\/p>\n<p>El apoyo de Project HOPE en la lucha contra la pandemia tambi\u00e9n ha incluido la capacitaci\u00f3n virtual de 1,800 profesionales de la salud, en el manejo y respuesta a la enfermedad, medidas de prevenci\u00f3n y protecci\u00f3n, incluyendo la protecci\u00f3n de la salud mental y resiliencia.<\/p>\n<p>Al recibir los insumos, el ministro de Salud, Dr. Daniel Rivera, agradeci\u00f3 a Project HOPE porque \u201cha contribuido de manera significativa para reducir el impacto del COVID-19, especialmente en el personal asistencial\u201d.<br \/>\n<div id='gallery-1' class='gallery galleryid-11222 gallery-columns-2 gallery-size-large'><figure class='gallery-item'>\n\t\t\t<div class='gallery-icon landscape'>\n\t\t\t\t<a href='https:\/\/elmundodelosnegocios.com.do\/v1\/wp-content\/uploads\/2021\/10\/1-6-scaled.jpg'><img loading=\"lazy\" decoding=\"async\" width=\"1024\" height=\"663\" src=\"https:\/\/elmundodelosnegocios.com.do\/v1\/wp-content\/uploads\/2021\/10\/1-6-1024x663.jpg\" class=\"attachment-large size-large\" alt=\"\" srcset=\"https:\/\/elmundodelosnegocios.com.do\/v1\/wp-content\/uploads\/2021\/10\/1-6-1024x663.jpg 1024w, https:\/\/elmundodelosnegocios.com.do\/v1\/wp-content\/uploads\/2021\/10\/1-6-300x194.jpg 300w, https:\/\/elmundodelosnegocios.com.do\/v1\/wp-content\/uploads\/2021\/10\/1-6-768x497.jpg 768w, https:\/\/elmundodelosnegocios.com.do\/v1\/wp-content\/uploads\/2021\/10\/1-6-1536x995.jpg 1536w, https:\/\/elmundodelosnegocios.com.do\/v1\/wp-content\/uploads\/2021\/10\/1-6-2048x1326.jpg 2048w\" sizes=\"auto, (max-width: 1024px) 100vw, 1024px\" \/><\/a>\n\t\t\t<\/div><\/figure><figure class='gallery-item'>\n\t\t\t<div class='gallery-icon landscape'>\n\t\t\t\t<a href='https:\/\/elmundodelosnegocios.com.do\/v1\/wp-content\/uploads\/2021\/10\/2-18-scaled.jpg'><img loading=\"lazy\" decoding=\"async\" width=\"1024\" height=\"678\" src=\"https:\/\/elmundodelosnegocios.com.do\/v1\/wp-content\/uploads\/2021\/10\/2-18-1024x678.jpg\" class=\"attachment-large size-large\" alt=\"\" srcset=\"https:\/\/elmundodelosnegocios.com.do\/v1\/wp-content\/uploads\/2021\/10\/2-18-1024x678.jpg 1024w, https:\/\/elmundodelosnegocios.com.do\/v1\/wp-content\/uploads\/2021\/10\/2-18-300x199.jpg 300w, https:\/\/elmundodelosnegocios.com.do\/v1\/wp-content\/uploads\/2021\/10\/2-18-768x509.jpg 768w, https:\/\/elmundodelosnegocios.com.do\/v1\/wp-content\/uploads\/2021\/10\/2-18-1536x1017.jpg 1536w, https:\/\/elmundodelosnegocios.com.do\/v1\/wp-content\/uploads\/2021\/10\/2-18-2048x1357.jpg 2048w\" sizes=\"auto, (max-width: 1024px) 100vw, 1024px\" \/><\/a>\n\t\t\t<\/div><\/figure>\n\t\t<\/div>\n<\/p>\n<p>Mientras que la subdirectora del SNS y directora de Centros Hospitalarios, Yocasta Lara, resalt\u00f3 el apoyo recibido por esta organizaci\u00f3n internacional, destacando el importante aporte que representa la entrega de insumos de protecci\u00f3n y m\u00e1s a\u00fan, las capacitaciones para garantizar la salud mental y resiliencia del personal m\u00e9dico y administrativo de los hospitales, en medio de la pandemia por SARS-CoV2.<\/p>\n<p>De su lado, Teresa Narv\u00e1ez, directora ejecutiva de Project HOPE Rep\u00fablica Dominicana, manifest\u00f3 el compromiso de la organizaci\u00f3n que dirige, con la salud f\u00edsica y mental de la poblaci\u00f3n.<\/p>\n<p>Narv\u00e1ez precis\u00f3 que las restantes 555,000 unidades de mascarillas arribar\u00e1n al pa\u00eds en las pr\u00f3ximas semanas, y agradeci\u00f3 la generosidad de Kimberly-Clark, MAP INT, Airlink y Avianca Cargo, entidades que en conjunto, hicieron posible la donaci\u00f3n y transportaci\u00f3n de los insumos de protecci\u00f3n personal hasta la Rep\u00fablica Dominicana y reiter\u00f3 el compromiso de la organizaci\u00f3n de seguir cooperado con los esfuerzos del pa\u00eds en la lucha contra la pandemia del COVID-19.<\/p>\n<p>En la actividad estuvo presente el director del Gabinete del Ministerio de Salud P\u00fablica, Dr. Robinson Santos y miembros de Project HOPE en el pa\u00eds.<\/p>\n<p>Programa de Salud Mental<\/p>\n<p>Project HOPE, basado en lecciones aprendidas con su programa de capacitaci\u00f3n COVID-19 y en sociedad con el Departamento de Salud y Hospitales de la Ciudad de Nueva York (NYC H+H), adopt\u00f3 la capacitaci\u00f3n: \u00abCuraci\u00f3n, Educaci\u00f3n, Resiliencia y Oportunidad para los Trabajadores de Primera L\u00ednea de Nueva York\u201d, para impartirla a los trabajadores de la salud de todo el mundo, adapt\u00e1ndola a las necesidades de cada naci\u00f3n.  <\/p>\n<p>La capacitaci\u00f3n abord\u00f3 los temas: estr\u00e9s, trauma y resiliencia, bienestar personal y profesional, impacto, efecto y resultado en los trabajadores sanitarios, buscando ayuda para nosotros y los dem\u00e1s; y desarrollo de programas de resiliencia y bienestar.<\/p>\n<p>Este esfuerzo parte de la cooperaci\u00f3n de Project HOPE al programa de control de contagio de la enfermedad por coronavirus, establecido para mitigar el impacto de la enfermedad en el personal m\u00e9dico.<\/p>\n","protected":false},"excerpt":{"rendered":"<p>Santo Domingo, R.D. Octubre 8, 2021.- Project HOPE Rep\u00fablica Dominicana entreg\u00f3 445,500 mascarillas KN95, de un mill\u00f3n que ser\u00e1n donadas al Ministerio de Salud P\u00fablica (MSP) y al Servicio Nacional&hellip; <\/p>\n","protected":false},"author":2,"featured_media":11224,"comment_status":"closed","ping_status":"closed","sticky":false,"template":"","format":"standard","meta":{"fifu_image_url":"","fifu_image_alt":"","footnotes":""},"categories":[80],"tags":[],"class_list":["post-11222","post","type-post","status-publish","format-standard","has-post-thumbnail","hentry","category-salud"],"_links":{"self":[{"href":"https:\/\/elmundodelosnegocios.com.do\/v1\/wp-json\/wp\/v2\/posts\/11222","targetHints":{"allow":["GET"]}}],"collection":[{"href":"https:\/\/elmundodelosnegocios.com.do\/v1\/wp-json\/wp\/v2\/posts"}],"about":[{"href":"https:\/\/elmundodelosnegocios.com.do\/v1\/wp-json\/wp\/v2\/types\/post"}],"author":[{"embeddable":true,"href":"https:\/\/elmundodelosnegocios.com.do\/v1\/wp-json\/wp\/v2\/users\/2"}],"replies":[{"embeddable":true,"href":"https:\/\/elmundodelosnegocios.com.do\/v1\/wp-json\/wp\/v2\/comments?post=11222"}],"version-history":[{"count":0,"href":"https:\/\/elmundodelosnegocios.com.do\/v1\/wp-json\/wp\/v2\/posts\/11222\/revisions"}],"wp:featuredmedia":[{"embeddable":true,"href":"https:\/\/elmundodelosnegocios.com.do\/v1\/wp-json\/wp\/v2\/media\/11224"}],"wp:attachment":[{"href":"https:\/\/elmundodelosnegocios.com.do\/v1\/wp-json\/wp\/v2\/media?parent=11222"}],"wp:term":[{"taxonomy":"category","embeddable":true,"href":"https:\/\/elmundodelosnegocios.com.do\/v1\/wp-json\/wp\/v2\/categories?post=11222"},{"taxonomy":"post_tag","embeddable":true,"href":"https:\/\/elmundodelosnegocios.com.do\/v1\/wp-json\/wp\/v2\/tags?post=11222"}],"curies":[{"name":"wp","href":"https:\/\/api.w.org\/{rel}","templated":true}]}}