{"id":11230,"date":"2021-10-08T13:39:59","date_gmt":"2021-10-08T18:09:59","guid":{"rendered":"http:\/\/elmundodelosnegocios.com.do\/v1\/?p=11230"},"modified":"2021-10-08T13:39:59","modified_gmt":"2021-10-08T18:09:59","slug":"inicia-autoferia-popular-su-temporada-preferia","status":"publish","type":"post","link":"https:\/\/elmundodelosnegocios.com.do\/v1\/inicia-autoferia-popular-su-temporada-preferia\/","title":{"rendered":"Inicia Autoferia Popular su temporada preferia"},"content":{"rendered":"<p>Clientes disfrutar\u00e1n promociones para comprar veh\u00edculos con condiciones de feria <\/p>\n<p>Santo Domingo, D.N. \u2013 El Banco Popular Dominicano inici\u00f3 la Temporada Autoferia Popular, un periodo de acciones promocionales y experiencias que apoyan desde ya el evento automotriz, durante el cual los clientes disfrutar\u00e1n del beneficio de adquirir sus veh\u00edculos nuevos con las condiciones de la feria y que concluir\u00e1 en diciembre, al cierre de la vig\u00e9sima sexta edici\u00f3n de la Autoferia Popular. <\/p>\n<p>En el marco de esta temporada de preferia, el Banco Popular lanz\u00f3 la facilidad de que los interesados que cuenten con el 20% del inicial del veh\u00edculo disfruten de aprobaciones inmediatas de financiamiento y flexibilidad en el an\u00e1lisis de su cr\u00e9dito.<br \/>\n<a href=\"http:\/\/elmundodelosnegocios.com.do\/v1\/wp-content\/uploads\/2021\/10\/1-7-scaled.jpg\"><img loading=\"lazy\" decoding=\"async\" src=\"http:\/\/elmundodelosnegocios.com.do\/v1\/wp-content\/uploads\/2021\/10\/1-7-scaled.jpg\" alt=\"\" width=\"2560\" height=\"1440\" class=\"aligncenter size-full wp-image-11232\" srcset=\"https:\/\/elmundodelosnegocios.com.do\/v1\/wp-content\/uploads\/2021\/10\/1-7-scaled.jpg 2560w, https:\/\/elmundodelosnegocios.com.do\/v1\/wp-content\/uploads\/2021\/10\/1-7-300x169.jpg 300w, https:\/\/elmundodelosnegocios.com.do\/v1\/wp-content\/uploads\/2021\/10\/1-7-1024x576.jpg 1024w, https:\/\/elmundodelosnegocios.com.do\/v1\/wp-content\/uploads\/2021\/10\/1-7-768x432.jpg 768w, https:\/\/elmundodelosnegocios.com.do\/v1\/wp-content\/uploads\/2021\/10\/1-7-1536x864.jpg 1536w, https:\/\/elmundodelosnegocios.com.do\/v1\/wp-content\/uploads\/2021\/10\/1-7-2048x1152.jpg 2048w, https:\/\/elmundodelosnegocios.com.do\/v1\/wp-content\/uploads\/2021\/10\/1-7-390x220.jpg 390w\" sizes=\"auto, (max-width: 2560px) 100vw, 2560px\" \/><\/a><\/p>\n<p><a href=\"http:\/\/elmundodelosnegocios.com.do\/v1\/wp-content\/uploads\/2021\/10\/2-19-scaled.jpg\"><img loading=\"lazy\" decoding=\"async\" src=\"http:\/\/elmundodelosnegocios.com.do\/v1\/wp-content\/uploads\/2021\/10\/2-19-scaled.jpg\" alt=\"\" width=\"2560\" height=\"1440\" class=\"alignleft size-full wp-image-11233\" srcset=\"https:\/\/elmundodelosnegocios.com.do\/v1\/wp-content\/uploads\/2021\/10\/2-19-scaled.jpg 2560w, https:\/\/elmundodelosnegocios.com.do\/v1\/wp-content\/uploads\/2021\/10\/2-19-300x169.jpg 300w, https:\/\/elmundodelosnegocios.com.do\/v1\/wp-content\/uploads\/2021\/10\/2-19-1024x576.jpg 1024w, https:\/\/elmundodelosnegocios.com.do\/v1\/wp-content\/uploads\/2021\/10\/2-19-768x432.jpg 768w, https:\/\/elmundodelosnegocios.com.do\/v1\/wp-content\/uploads\/2021\/10\/2-19-1536x864.jpg 1536w, https:\/\/elmundodelosnegocios.com.do\/v1\/wp-content\/uploads\/2021\/10\/2-19-2048x1152.jpg 2048w, https:\/\/elmundodelosnegocios.com.do\/v1\/wp-content\/uploads\/2021\/10\/2-19-390x220.jpg 390w\" sizes=\"auto, (max-width: 2560px) 100vw, 2560px\" \/><\/a><\/p>\n<p>Otro importante beneficio es que los clientes pueden solicitar su cr\u00e9dito ahora y, en caso de que reciban el veh\u00edculo entre diciembre y abril, el Popular les asegurar\u00e1 las condiciones de financiamiento de la feria hasta el momento de desembolsar el pr\u00e9stamo. Adem\u00e1s, tendr\u00e1n la oportunidad de obtener cuotas gratis y participar en sorteos especiales que abaratar\u00e1n el costo de las unidades. <\/p>\n<p>\u201cFlash mob\u201d en plazas comerciales<\/p>\n<p>La Temporada Autoferia Popular se lanz\u00f3 con un montaje del tipo flash mob, una acci\u00f3n de baile organizada de forma simult\u00e1nea en las plazas comerciales \u00c1gora Mall, Galer\u00eda 360 y Downtown Center, que cont\u00f3 con una treintena de bailarines y el despliegue de referencias comerciales en pantallas p\u00fablicas, plazas, calles, concesionarios y sucursales del Banco Popular.<\/p>\n<p>Los visitantes de las plazas disfrutaron tambi\u00e9n con experiencias de manejo virtuales a trav\u00e9s de simuladores de \u00faltima generaci\u00f3n. Adem\u00e1s, durante toda la temporada podr\u00e1n probar y manejar cualquiera de las marcas presentes en la feria, lo que facilita la elecci\u00f3n del veh\u00edculo.<br \/>\nEl se\u00f1or Francisco Ram\u00edrez, vicepresidente ejecutivo de Negocios Personales y Sucursales del Banco Popular, destac\u00f3 al respecto que la Autoferia Popular \u201ces un evento sin\u00f3nimo de compromiso, confianza, innovaci\u00f3n y constante evoluci\u00f3n, con presencia en todo el pa\u00eds: en concesionarios y distribuidores, en nuestra red de sucursales y en medios digitales y multimedia, como la p\u00e1gina web AutoferiaPopular.com.do. Un a\u00f1o m\u00e1s, reafirmamos nuestra pasi\u00f3n por brindarle a los clientes ese veh\u00edculo que tanto desean, con las mejores condiciones\u201d.<\/p>\n<p>Impulso de la movilidad sostenible<\/p>\n<p>Como parte de las iniciativas de negocio y de la visi\u00f3n sostenible de la entidad bancaria, la Autoferia Popular se circunscribe al compromiso asumido por el Popular de cumplir con los Principios de Banca Responsable de las Naciones Unidas, donde es la \u00fanica organizaci\u00f3n financiera signataria del Caribe insular dentro de esta alianza internacional, promotora de una econom\u00eda baja en carbono y m\u00e1s amigable con el medioambiente.<\/p>\n<p>En este sentido, Autoferia Popular fomenta la renovaci\u00f3n del parque vehicular de la Rep\u00fablica Dominicana, impulsando el financiamiento de unidades m\u00e1s sostenibles y ecoeficientes, adem\u00e1s de veh\u00edculos con mayor seguridad y bajo consumo de combustibles, con las mejores tasas del mercado. <\/p>\n<p>A estos fines, durante esta Temporada Autoferia Popular, los clientes pueden asumir un estilo de vida m\u00e1s sostenible, eligiendo entre un total de 42 veh\u00edculos ecol\u00f3gicos, h\u00edbridos o el\u00e9ctricos, que siempre cuentan con tasas preferentes, al ser parte del portafolio de finanzas verdes Hazte Eco. <\/p>\n","protected":false},"excerpt":{"rendered":"<p>Clientes disfrutar\u00e1n promociones para comprar veh\u00edculos con condiciones de feria Santo Domingo, D.N. \u2013 El Banco Popular Dominicano inici\u00f3 la Temporada Autoferia Popular, un periodo de acciones promocionales y experiencias&hellip; <\/p>\n","protected":false},"author":2,"featured_media":11232,"comment_status":"closed","ping_status":"closed","sticky":false,"template":"","format":"standard","meta":{"fifu_image_url":"","fifu_image_alt":"","footnotes":""},"categories":[157],"tags":[],"class_list":["post-11230","post","type-post","status-publish","format-standard","has-post-thumbnail","hentry","category-marketing"],"_links":{"self":[{"href":"https:\/\/elmundodelosnegocios.com.do\/v1\/wp-json\/wp\/v2\/posts\/11230","targetHints":{"allow":["GET"]}}],"collection":[{"href":"https:\/\/elmundodelosnegocios.com.do\/v1\/wp-json\/wp\/v2\/posts"}],"about":[{"href":"https:\/\/elmundodelosnegocios.com.do\/v1\/wp-json\/wp\/v2\/types\/post"}],"author":[{"embeddable":true,"href":"https:\/\/elmundodelosnegocios.com.do\/v1\/wp-json\/wp\/v2\/users\/2"}],"replies":[{"embeddable":true,"href":"https:\/\/elmundodelosnegocios.com.do\/v1\/wp-json\/wp\/v2\/comments?post=11230"}],"version-history":[{"count":0,"href":"https:\/\/elmundodelosnegocios.com.do\/v1\/wp-json\/wp\/v2\/posts\/11230\/revisions"}],"wp:featuredmedia":[{"embeddable":true,"href":"https:\/\/elmundodelosnegocios.com.do\/v1\/wp-json\/wp\/v2\/media\/11232"}],"wp:attachment":[{"href":"https:\/\/elmundodelosnegocios.com.do\/v1\/wp-json\/wp\/v2\/media?parent=11230"}],"wp:term":[{"taxonomy":"category","embeddable":true,"href":"https:\/\/elmundodelosnegocios.com.do\/v1\/wp-json\/wp\/v2\/categories?post=11230"},{"taxonomy":"post_tag","embeddable":true,"href":"https:\/\/elmundodelosnegocios.com.do\/v1\/wp-json\/wp\/v2\/tags?post=11230"}],"curies":[{"name":"wp","href":"https:\/\/api.w.org\/{rel}","templated":true}]}}