{"id":11286,"date":"2021-10-12T08:36:32","date_gmt":"2021-10-12T13:06:32","guid":{"rendered":"http:\/\/elmundodelosnegocios.com.do\/v1\/index.php\/2021\/10\/12\/lideres-de-todo-el-mundo-se-daran-cita-el-14-de-octubre-en-la-cumbre-global-de-crecimiento-inclusivo-2021\/"},"modified":"2021-10-12T08:49:05","modified_gmt":"2021-10-12T13:19:05","slug":"lideres-de-todo-el-mundo-se-daran-cita-el-14-de-octubre-en-la-cumbre-global-de-crecimiento-inclusivo-2021","status":"publish","type":"post","link":"https:\/\/elmundodelosnegocios.com.do\/v1\/lideres-de-todo-el-mundo-se-daran-cita-el-14-de-octubre-en-la-cumbre-global-de-crecimiento-inclusivo-2021\/","title":{"rendered":"L\u00edderes de todo el mundo se dar\u00e1n cita el 14 de octubre en la Cumbre Global de Crecimiento Inclusivo 2021"},"content":{"rendered":"<p>El evento contar\u00e1 con la participaci\u00f3n de l\u00edderes de todo el mundo, entre ellos Kamala Harris, vicepresidenta de los Estados Unidos, Bill Clinton, expresidente de los Estados Unidos, la Dra. Ngozi Okonjo-Iweala, directora general de la OMC, Gina M. Raimondo, secretaria de comercio de los Estados Unidos, Chris Coons, senador de los Estados Unidos, Alan Jope, director ejecutivo de Unilever, Brad Smith, presidente de Microsoft y muchos m\u00e1s.<\/p>\n<p>PURCHASE, Nueva York &#8211; La Cumbre Global de Crecimiento Inclusivo 2021 se llevar\u00e1 a cabo el jueves 14 de octubre en la modalidad de evento en l\u00ednea gratuito, presentado por el Centro Mastercard para el Crecimiento Inclusivo y el Instituto Aspen. La cumbre de medio d\u00eda, que se convoca bajo el lema \u201cReconstrucci\u00f3n para todos\u201d, reunir\u00e1 a l\u00edderes de todos los sectores para catalizar nuevas alianzas y echar luz sobre soluciones que apoyen a econom\u00edas inclusivas y sostenibles de todo el mundo. Se espera que distintas organizaciones anuncien importantes compromisos durante el evento.<\/p>\n<p>Los miembros de la prensa pueden registrarse aqu\u00ed.<\/p>\n<p>Algunos de los oradores ser\u00e1n los siguientes:<\/p>\n<p>Kamala Harris, vicepresidenta de los Estados Unidos<\/p>\n<p>Bill Clinton, expresidente de los Estados Unidos<\/p>\n<p>Su Majestad M\u00e1xima de los Pa\u00edses Bajos, la defensora especial designada por el secretario general de la ONU para promover la financiaci\u00f3n inclusiva del desarrollo (a confirmar)<\/p>\n<p>Michael Miebach, director ejecutivo de Mastercard<\/p>\n<p>Ajay Banga, presidente ejecutivo de Mastercard<\/p>\n<p>Dan Porterfield, presidente y director ejecutivo del Instituto Aspen<\/p>\n<p>Michael Bennet, senador del estado de Colorado de los Estados Unidos<\/p>\n<p>Marla Blow, presidenta y directora de operaciones de la Fundaci\u00f3n Skoll<\/p>\n<p>Raphael Bostic, presidente y director ejecutivo del Banco de la Reserva Federal de Atlanta<\/p>\n<p>Jean Case, directora ejecutiva de la Fundaci\u00f3n Case<\/p>\n<p>Chris Coons, senador del estado de Delaware de los Estados Unidos<\/p>\n<p>Makhtar Diop, director gerente y vicepresidente ejecutivo de International Finance Corporation<\/p>\n<p>Heather Higginbottom, codirectora de filantrop\u00eda global y responsable de investigaciones y pol\u00edticas de responsabilidad corporativa de JPMorgan Chase<\/p>\n<p>Will Hurd, exlegislador de los Estados Unidos (2015-2021)<\/p>\n<p>Ngozi Okonjo-Iweala, directora general de la OMC<\/p>\n<p>Jo Ann Jenkins, directora ejecutiva de AARP<\/p>\n<p>Ashish Jha, decano de la Escuela de Salud P\u00fablica de la Universidad Brown<\/p>\n<p>Alan Jope, director ejecutivo de Unilever<\/p>\n<p>Gina M. Raimondo, secretaria de comercio de los Estados Unidos<\/p>\n<p>Lata Reddy, vicepresidenta s\u00e9nior de soluciones inclusivas de Prudential Financial<\/p>\n<p>Reeta Roy, presidenta y directora ejecutiva de la Fundaci\u00f3n Mastercard<\/p>\n<p>Brad Smith, presidente de Microsoft<\/p>\n<p>Vera Songwe, subsecretaria general y secretaria ejecutiva de la Comisi\u00f3n Econ\u00f3mica para \u00c1frica de la ONU<\/p>\n<p>Francis Suarez, alcalde de Miami<\/p>\n<p>Anthony Tan, cofundador y director ejecutivo del grupo GRAB<\/p>\n<p>Y muchos otros. Puede consultar la lista completa de oradores confirmados aqu\u00ed.<\/p>\n<p>Horarios de inicio de la agenda preliminar y la sesi\u00f3n plenaria<\/p>\n<p>9:30 a.m.: Comentarios de bienvenida a cargo de Mike Froman, vicepresidente de Mastercard, y Dan Porterfield, presidente y director ejecutivo del Instituto Aspen<\/p>\n<p>9:35 a.m.: Comentarios generales sobre el crecimiento inclusivo y sostenible, Ajay Banga, presidente ejecutivo de Mastercard<\/p>\n<p>9:45 a.m.: Reconstrucci\u00f3n para todos, un dise\u00f1o pensado para la inclusi\u00f3n<\/p>\n<p>Bill Clinton, expresidente de los Estados Unidos<\/p>\n<p>Ngozi Okonjo-Iweala, directora general de la OMC<\/p>\n<p>Raphael Bostic, presidente y director ejecutivo del Banco de la Reserva Federal de Atlanta<\/p>\n<p>Gina Raimondo, secretaria de comercio de los Estados Unidos<\/p>\n<p>10:30 a.m.: Sesi\u00f3n plenaria 1, Personas, planeta y prosperidad: c\u00f3mo crear un crecimiento que sea sustentable. Entre la selecta lista de participantes se encuentran los siguientes:<\/p>\n<p>Brian Deese, director del Consejo Econ\u00f3mico Nacional de los Estados Unidos<\/p>\n<p>Alan Jope, director ejecutivo de Unilever<\/p>\n<p>Jean Case, directora ejecutiva de la Fundaci\u00f3n Case<\/p>\n<p>Francis Suarez, alcalde de Miami<\/p>\n<p>11:45 a.m.: Sesi\u00f3n plenaria 2, La agenda global de la seguridad financiera. Entre la selecta lista de participantes se encuentran los siguientes:<\/p>\n<p>Su Majestad M\u00e1xima de los Pa\u00edses Bajos, la defensora especial designada por el secretario general de la ONU para promover la financiaci\u00f3n inclusiva del desarrollo (a confirmar)<\/p>\n<p>Ida Rademacher, moderadora, vicepresidenta ejecutiva y directora ejecutiva del Programa de Seguridad Financiera Aspen del Instituto Aspen<\/p>\n<p>Chris Coons, senador de los Estados Unidos (dem\u00f3crata, estado de Delaware)<\/p>\n<p>1:45 p.m.: Sesi\u00f3n plenaria 3, Movimientos tect\u00f3nicos: c\u00f3mo lograr que la tecnolog\u00eda trabaje en pos del bien com\u00fan. Entre la selecta lista de participantes se encuentran los siguientes:<\/p>\n<p>William Hurd, exlegislador de los Estados Unidos (2015-2021)<\/p>\n<p>Anthony Tan, fundador y director ejecutivo del grupo GRAB<\/p>\n<p>Marla Blow, presidenta y directora de operaciones de la Fundaci\u00f3n Skoll<\/p>\n<p>Reeta Roy, presidenta y directora ejecutiva de la Fundaci\u00f3n Mastercard<\/p>\n<p>Vera Songwe, subsecretaria general y secretaria ejecutiva de la Comisi\u00f3n Econ\u00f3mica para \u00c1frica de la ONU<\/p>\n<p>2:45 p.m.: Por qu\u00e9 debemos confiar en la tecnolog\u00eda durante la recuperaci\u00f3n pospand\u00e9mica<\/p>\n<p>Michael Miebach, director ejecutivo de Mastercard<\/p>\n<p>Makhtar Diop, director gerente y vicepresidente ejecutivo de International Finance Corporation<\/p>\n<p>3:15 p.m.: Plenario de cierre<\/p>\n<p>Shamina Singh, fundadora y presidenta del Centro Mastercard para el Crecimiento Inclusivo<\/p>\n<p>Heather Higginbottom, codirectora de filantrop\u00eda global y responsable de investigaciones y pol\u00edticas de responsabilidad corporativa de JPMorgan Chase<\/p>\n<p>3:25 p.m.: Comentarios de cierre Kamala Harris, vicepresidenta de los Estados Unidos <\/p>\n<p>El lema de la cumbre de este a\u00f1o es \u201cReconstrucci\u00f3n para todos\u201d, con especial hincapi\u00e9 en el crecimiento sostenible, la seguridad financiera y los datos para buenas iniciativas. En un contexto donde la pandemia global ha acelerado el cambio hacia una econom\u00eda digital y, al mismo tiempo, ha exacerbado la desigualdad, nunca antes ha sido m\u00e1s importante comprender de qu\u00e9 manera el cambio permanente en los factores demogr\u00e1ficos, las circunstancias y las tecnolog\u00eda afecta el crecimiento, la seguridad y la prosperidad de las comunidades en todo el mundo.<\/p>\n<p>La cumbre de 2021 se basa en el \u00e9xito de la Cumbre Global de Crecimiento Inclusivo inaugural de 2019, que reuni\u00f3 a 500 l\u00edderes enfocados en compartir ideas y soluciones para galvanizar iniciativas y crear una econom\u00eda m\u00e1s inclusiva. Cuatro organizaciones filantr\u00f3picas, entre ellas Mastercard, se comprometieron a aportar m\u00e1s de 72 millones de d\u00f3lares para financiar un crecimiento econ\u00f3mico equitativo y sostenible. Este a\u00f1o, en el marco de los esfuerzos de la Fundaci\u00f3n Clinton por acelerar una recuperaci\u00f3n econ\u00f3mica inclusiva, la Iniciativa Global Clinton se ha asociado con el Centro Mastercard para el Crecimiento Inclusivo y el Instituto Aspen para apoyar m\u00e1s proyectos que fomenten el crecimiento econ\u00f3mico generalizado.<\/p>\n<p>Puede obtener m\u00e1s informaci\u00f3n sobre la Cumbre Global de Crecimiento Inclusivo y el trabajo de las organizaciones asociadas visitando www.globalinclusivegrowthsummit.com y siguiendo el hashtag #GlobalIGS. Los miembros de la prensa que deseen m\u00e1s informaci\u00f3n deben comunicarse con Jon Purves a Jon.Purves@aspeninstitute.org y con Casey Stavropoulos a Casey.Stavropoulos@mastercard.com.<\/p>\n<p>El Centro Mastercard para el Crecimiento Inclusivo apoya el crecimiento econ\u00f3mico equitativo y sostenible y la inclusi\u00f3n financiera en todo el mundo. El Centro aprovecha los recursos y las competencias fundamentales de la empresa, entre ellas tecnolog\u00edas, conocimientos y panoramas basados en datos, adem\u00e1s de administrar la organizaci\u00f3n filantr\u00f3pica Fondo de Impacto Mastercard, impulsar programas de escala mundial y empoderar a una comunidad de pensadores, l\u00edderes y emprendedores que se mueven en la vanguardia del crecimiento inclusivo.<\/p>\n<p>El Instituto Aspen es una organizaci\u00f3n sin fines de lucro global cuyo compromiso es hacer realidad una sociedad libre, justa y equitativa. Fundado en 1949, el Instituto impulsa el cambio a trav\u00e9s del di\u00e1logo, el liderazgo y la acci\u00f3n para ayudar a resolver los desaf\u00edos m\u00e1s importantes para los Estados Unidos y el resto del mundo. Adem\u00e1s de su sede en Washington, D.C., el Instituto posee un campus en Aspen (Colorado) y una red de socios internacionales.<\/p>\n","protected":false},"excerpt":{"rendered":"<p>El evento contar\u00e1 con la participaci\u00f3n de l\u00edderes de todo el mundo, entre ellos Kamala Harris, vicepresidenta de los Estados Unidos, Bill Clinton, expresidente de los Estados Unidos, la Dra.&hellip; <\/p>\n","protected":false},"author":2,"featured_media":11297,"comment_status":"closed","ping_status":"closed","sticky":false,"template":"","format":"standard","meta":{"fifu_image_url":"","fifu_image_alt":"","footnotes":""},"categories":[252],"tags":[253],"class_list":["post-11286","post","type-post","status-publish","format-standard","has-post-thumbnail","hentry","category-business-wire","tag-business-wire"],"_links":{"self":[{"href":"https:\/\/elmundodelosnegocios.com.do\/v1\/wp-json\/wp\/v2\/posts\/11286","targetHints":{"allow":["GET"]}}],"collection":[{"href":"https:\/\/elmundodelosnegocios.com.do\/v1\/wp-json\/wp\/v2\/posts"}],"about":[{"href":"https:\/\/elmundodelosnegocios.com.do\/v1\/wp-json\/wp\/v2\/types\/post"}],"author":[{"embeddable":true,"href":"https:\/\/elmundodelosnegocios.com.do\/v1\/wp-json\/wp\/v2\/users\/2"}],"replies":[{"embeddable":true,"href":"https:\/\/elmundodelosnegocios.com.do\/v1\/wp-json\/wp\/v2\/comments?post=11286"}],"version-history":[{"count":0,"href":"https:\/\/elmundodelosnegocios.com.do\/v1\/wp-json\/wp\/v2\/posts\/11286\/revisions"}],"wp:featuredmedia":[{"embeddable":true,"href":"https:\/\/elmundodelosnegocios.com.do\/v1\/wp-json\/wp\/v2\/media\/11297"}],"wp:attachment":[{"href":"https:\/\/elmundodelosnegocios.com.do\/v1\/wp-json\/wp\/v2\/media?parent=11286"}],"wp:term":[{"taxonomy":"category","embeddable":true,"href":"https:\/\/elmundodelosnegocios.com.do\/v1\/wp-json\/wp\/v2\/categories?post=11286"},{"taxonomy":"post_tag","embeddable":true,"href":"https:\/\/elmundodelosnegocios.com.do\/v1\/wp-json\/wp\/v2\/tags?post=11286"}],"curies":[{"name":"wp","href":"https:\/\/api.w.org\/{rel}","templated":true}]}}