{"id":11514,"date":"2021-10-20T09:06:38","date_gmt":"2021-10-20T13:36:38","guid":{"rendered":"http:\/\/elmundodelosnegocios.com.do\/v1\/?p=11514"},"modified":"2021-10-20T09:06:38","modified_gmt":"2021-10-20T13:36:38","slug":"ministerio-de-economia-destaca-que-ventas-mantienen-tendencia-al-alza-en-senal-de-una-demanda-en-activa-recuperacion","status":"publish","type":"post","link":"https:\/\/elmundodelosnegocios.com.do\/v1\/ministerio-de-economia-destaca-que-ventas-mantienen-tendencia-al-alza-en-senal-de-una-demanda-en-activa-recuperacion\/","title":{"rendered":"Ministerio de Econom\u00eda destaca que ventas mantienen tendencia al alza, en se\u00f1al de una demanda en activa recuperaci\u00f3n"},"content":{"rendered":"<p>Santo Domingo. &#8211; El Ministerio de Econom\u00eda, Planificaci\u00f3n y Desarrollo public\u00f3 el Informe Situaci\u00f3n Macroecon\u00f3mica, Seguimiento de Coyuntura a septiembre de 2021, que destaca que las ventas mantienen una tendencia al alza, en se\u00f1al de una demanda en activa recuperaci\u00f3n.<\/p>\n<p>El informe, elaborado por la Direcci\u00f3n de An\u00e1lisis Macroecon\u00f3mico del Viceministerio de An\u00e1lisis Econ\u00f3mico y Social (VAES), indica que, durante agosto pasado, destacaron las operaciones de la industria y el sector servicio, en particular, explotaci\u00f3n de minas y canteras y alquiler de viviendas.<\/p>\n<p>Asimismo, se precisa que la actividad econ\u00f3mica creci\u00f3 11.7% interanual en agosto. Sostiene que, al comparar este registro con igual per\u00edodo de 2019, se observ\u00f3 un crecimiento de 0.4%, menor que en meses previos, pero que evidencia la consolidaci\u00f3n de la recuperaci\u00f3n de la econom\u00eda.<\/p>\n<p>\u201cDe registrarse en los per\u00edodos subsiguientes tasas de crecimiento de al menos 4.5% promedio, la actividad econ\u00f3mica registrar\u00eda una expansi\u00f3n de doble d\u00edgito\u201d, adelanta el informe.<\/p>\n","protected":false},"excerpt":{"rendered":"<p>Santo Domingo. &#8211; El Ministerio de Econom\u00eda, Planificaci\u00f3n y Desarrollo public\u00f3 el Informe Situaci\u00f3n Macroecon\u00f3mica, Seguimiento de Coyuntura a septiembre de 2021, que destaca que las ventas mantienen una tendencia&hellip; <\/p>\n","protected":false},"author":2,"featured_media":11515,"comment_status":"closed","ping_status":"closed","sticky":false,"template":"","format":"standard","meta":{"fifu_image_url":"","fifu_image_alt":"","footnotes":""},"categories":[62],"tags":[],"class_list":["post-11514","post","type-post","status-publish","format-standard","has-post-thumbnail","hentry","category-economia"],"_links":{"self":[{"href":"https:\/\/elmundodelosnegocios.com.do\/v1\/wp-json\/wp\/v2\/posts\/11514","targetHints":{"allow":["GET"]}}],"collection":[{"href":"https:\/\/elmundodelosnegocios.com.do\/v1\/wp-json\/wp\/v2\/posts"}],"about":[{"href":"https:\/\/elmundodelosnegocios.com.do\/v1\/wp-json\/wp\/v2\/types\/post"}],"author":[{"embeddable":true,"href":"https:\/\/elmundodelosnegocios.com.do\/v1\/wp-json\/wp\/v2\/users\/2"}],"replies":[{"embeddable":true,"href":"https:\/\/elmundodelosnegocios.com.do\/v1\/wp-json\/wp\/v2\/comments?post=11514"}],"version-history":[{"count":0,"href":"https:\/\/elmundodelosnegocios.com.do\/v1\/wp-json\/wp\/v2\/posts\/11514\/revisions"}],"wp:featuredmedia":[{"embeddable":true,"href":"https:\/\/elmundodelosnegocios.com.do\/v1\/wp-json\/wp\/v2\/media\/11515"}],"wp:attachment":[{"href":"https:\/\/elmundodelosnegocios.com.do\/v1\/wp-json\/wp\/v2\/media?parent=11514"}],"wp:term":[{"taxonomy":"category","embeddable":true,"href":"https:\/\/elmundodelosnegocios.com.do\/v1\/wp-json\/wp\/v2\/categories?post=11514"},{"taxonomy":"post_tag","embeddable":true,"href":"https:\/\/elmundodelosnegocios.com.do\/v1\/wp-json\/wp\/v2\/tags?post=11514"}],"curies":[{"name":"wp","href":"https:\/\/api.w.org\/{rel}","templated":true}]}}