{"id":11651,"date":"2021-10-26T08:00:51","date_gmt":"2021-10-26T12:30:51","guid":{"rendered":"http:\/\/elmundodelosnegocios.com.do\/v1\/?p=11651"},"modified":"2021-10-26T08:00:51","modified_gmt":"2021-10-26T12:30:51","slug":"presidente-abinader-recibe-al-vicepresidente-del-banco-mundial-carlos-felipe-jaramillo","status":"publish","type":"post","link":"https:\/\/elmundodelosnegocios.com.do\/v1\/presidente-abinader-recibe-al-vicepresidente-del-banco-mundial-carlos-felipe-jaramillo\/","title":{"rendered":"Presidente Abinader recibe al vicepresidente del Banco Mundial Carlos Felipe Jaramillo"},"content":{"rendered":"<p>Santo Domingo. -El presidente Luis Abinader recibi\u00f3 en el Palacio Nacional al vicepresidente de Am\u00e9rica Latina y el caribe del Banco Mundial, Carlos Felipe Jaramillo, con quien intercambi\u00f3 temas de inter\u00e9s com\u00fan.<\/p>\n<p>En la reuni\u00f3n conversaron sobre el acompa\u00f1amiento que el Banco Mundial dar\u00e1 al pa\u00eds en procura de lograr un crecimiento sostenido y m\u00e1s incluyente pospandemia, adem\u00e1s de una recuperaci\u00f3n a trav\u00e9s de la ampliaci\u00f3n de oportunidades econ\u00f3micas y sociales para todos los dominicanos.<\/p>\n<p>El encuentro se produjo en el marco de la preparaci\u00f3n de la redacci\u00f3n de la pr\u00f3xima estrategia de alianza con el pa\u00eds para los a\u00f1os 2022-2027.<\/p>\n<p>Dicha estrategia estar\u00e1 alineada con las prioridades de inversi\u00f3n del gobierno para catalizar y sostener la implementaci\u00f3n de reformas estructurales en sectores clave como energ\u00eda, recursos h\u00eddricos y educaci\u00f3n. Tambi\u00e9n en \u00e1reas que promueven la resiliencia y la inclusi\u00f3n, necesarias para alcanzar un estatus de pa\u00eds de alto ingreso para 2030, y mejorar los resultados sociales del pa\u00eds para favorecer a los m\u00e1s pobres.<\/p>\n<p>Por parte del gobierno dominicano estuvo presente el ministro de Econom\u00eda, Planificaci\u00f3n y Desarrollo, Miguel Ceara Hatton.<\/p>\n<p>Mientras que Carlos Felipe Jaramillo estuvo acompa\u00f1ado por Martin Spicer, director regional para Am\u00e9rica Latina y el Caribe de la Corporaci\u00f3n Financiera Internacional (IFC); Michel Kerf, director del Banco Mundial para Centroam\u00e9rica y Rep\u00fablica Dominicana; Judith Green, gerente regional de IFC para el Caribe; y Alexandria Valerio, representante del Banco Mundial en el pa\u00eds.<\/p>\n","protected":false},"excerpt":{"rendered":"<p>Santo Domingo. -El presidente Luis Abinader recibi\u00f3 en el Palacio Nacional al vicepresidente de Am\u00e9rica Latina y el caribe del Banco Mundial, Carlos Felipe Jaramillo, con quien intercambi\u00f3 temas de&hellip; <\/p>\n","protected":false},"author":2,"featured_media":11652,"comment_status":"closed","ping_status":"closed","sticky":false,"template":"","format":"standard","meta":{"fifu_image_url":"","fifu_image_alt":"","footnotes":""},"categories":[151],"tags":[],"class_list":["post-11651","post","type-post","status-publish","format-standard","has-post-thumbnail","hentry","category-gerencia"],"_links":{"self":[{"href":"https:\/\/elmundodelosnegocios.com.do\/v1\/wp-json\/wp\/v2\/posts\/11651","targetHints":{"allow":["GET"]}}],"collection":[{"href":"https:\/\/elmundodelosnegocios.com.do\/v1\/wp-json\/wp\/v2\/posts"}],"about":[{"href":"https:\/\/elmundodelosnegocios.com.do\/v1\/wp-json\/wp\/v2\/types\/post"}],"author":[{"embeddable":true,"href":"https:\/\/elmundodelosnegocios.com.do\/v1\/wp-json\/wp\/v2\/users\/2"}],"replies":[{"embeddable":true,"href":"https:\/\/elmundodelosnegocios.com.do\/v1\/wp-json\/wp\/v2\/comments?post=11651"}],"version-history":[{"count":0,"href":"https:\/\/elmundodelosnegocios.com.do\/v1\/wp-json\/wp\/v2\/posts\/11651\/revisions"}],"wp:featuredmedia":[{"embeddable":true,"href":"https:\/\/elmundodelosnegocios.com.do\/v1\/wp-json\/wp\/v2\/media\/11652"}],"wp:attachment":[{"href":"https:\/\/elmundodelosnegocios.com.do\/v1\/wp-json\/wp\/v2\/media?parent=11651"}],"wp:term":[{"taxonomy":"category","embeddable":true,"href":"https:\/\/elmundodelosnegocios.com.do\/v1\/wp-json\/wp\/v2\/categories?post=11651"},{"taxonomy":"post_tag","embeddable":true,"href":"https:\/\/elmundodelosnegocios.com.do\/v1\/wp-json\/wp\/v2\/tags?post=11651"}],"curies":[{"name":"wp","href":"https:\/\/api.w.org\/{rel}","templated":true}]}}