{"id":11704,"date":"2021-10-29T10:32:13","date_gmt":"2021-10-29T15:02:13","guid":{"rendered":"http:\/\/elmundodelosnegocios.com.do\/v1\/?p=11704"},"modified":"2021-10-29T10:32:13","modified_gmt":"2021-10-29T15:02:13","slug":"premian-en-espana-el-lado-positivo-con-premio-corresponsables","status":"publish","type":"post","link":"https:\/\/elmundodelosnegocios.com.do\/v1\/premian-en-espana-el-lado-positivo-con-premio-corresponsables\/","title":{"rendered":"Premian en Espa\u00f1a \u201cEl Lado Positivo\u201d con premio Corresponsables"},"content":{"rendered":"<p>Es el tercer galard\u00f3n internacional que recibe la campa\u00f1a institucional <\/p>\n<p>Madrid, Espa\u00f1a \u2013 La campa\u00f1a de publicidad institucional \u201cEl Lado Positivo\u201d del Banco Popular Dominicano fue galardonada como la Mejor Campa\u00f1a de Comunicaci\u00f3n de Coronavirus en la categor\u00eda de Comunicaci\u00f3n Responsable, en el marco de los XII Premios Corresponsables en Iberoam\u00e9rica, que organiza la Fundaci\u00f3n Corresponsables, de Espa\u00f1a.<\/p>\n<p>Se trata de una premiaci\u00f3n que reconoce las mejores iniciativas y buenas pr\u00e1cticas en materia de sostenibilidad, responsabilidad social y comunicaci\u00f3n responsable en los pa\u00edses iberoamericanos, tanto de organizaciones p\u00fablicas y privadas como de instituciones no lucrativas. <\/p>\n<p>Para esta edici\u00f3n, la Fundaci\u00f3n Corresponsables recibi\u00f3 m\u00e1s de 800 candidaturas de 16 pa\u00edses, otorgando 27 galardones, luego de la evaluaci\u00f3n de un jurado compuesto por 90 acad\u00e9micos de una veintena de pa\u00edses de Latinoam\u00e9rica y de Espa\u00f1a.<br \/>\n<div id='gallery-1' class='gallery galleryid-11704 gallery-columns-3 gallery-size-large'><figure class='gallery-item'>\n\t\t\t<div class='gallery-icon landscape'>\n\t\t\t\t<a href='https:\/\/elmundodelosnegocios.com.do\/v1\/wp-content\/uploads\/2021\/10\/0-4-696x297-2.jpg'><img loading=\"lazy\" decoding=\"async\" width=\"1000\" height=\"750\" src=\"https:\/\/elmundodelosnegocios.com.do\/v1\/wp-content\/uploads\/2021\/10\/0-4-696x297-2.jpg\" class=\"attachment-large size-large\" alt=\"\" srcset=\"https:\/\/elmundodelosnegocios.com.do\/v1\/wp-content\/uploads\/2021\/10\/0-4-696x297-2.jpg 1000w, https:\/\/elmundodelosnegocios.com.do\/v1\/wp-content\/uploads\/2021\/10\/0-4-696x297-2-300x225.jpg 300w, https:\/\/elmundodelosnegocios.com.do\/v1\/wp-content\/uploads\/2021\/10\/0-4-696x297-2-768x576.jpg 768w\" sizes=\"auto, (max-width: 1000px) 100vw, 1000px\" \/><\/a>\n\t\t\t<\/div><\/figure><figure class='gallery-item'>\n\t\t\t<div class='gallery-icon landscape'>\n\t\t\t\t<a href='https:\/\/elmundodelosnegocios.com.do\/v1\/wp-content\/uploads\/2021\/10\/0-5-696x297-7.jpg'><img loading=\"lazy\" decoding=\"async\" width=\"1000\" height=\"667\" src=\"https:\/\/elmundodelosnegocios.com.do\/v1\/wp-content\/uploads\/2021\/10\/0-5-696x297-7.jpg\" class=\"attachment-large size-large\" alt=\"\" srcset=\"https:\/\/elmundodelosnegocios.com.do\/v1\/wp-content\/uploads\/2021\/10\/0-5-696x297-7.jpg 1000w, https:\/\/elmundodelosnegocios.com.do\/v1\/wp-content\/uploads\/2021\/10\/0-5-696x297-7-300x200.jpg 300w, https:\/\/elmundodelosnegocios.com.do\/v1\/wp-content\/uploads\/2021\/10\/0-5-696x297-7-768x512.jpg 768w\" sizes=\"auto, (max-width: 1000px) 100vw, 1000px\" \/><\/a>\n\t\t\t<\/div><\/figure><figure class='gallery-item'>\n\t\t\t<div class='gallery-icon landscape'>\n\t\t\t\t<a href='https:\/\/elmundodelosnegocios.com.do\/v1\/wp-content\/uploads\/2021\/10\/0-6-696x297-2-615x440-6.jpg'><img loading=\"lazy\" decoding=\"async\" width=\"1000\" height=\"667\" src=\"https:\/\/elmundodelosnegocios.com.do\/v1\/wp-content\/uploads\/2021\/10\/0-6-696x297-2-615x440-6.jpg\" class=\"attachment-large size-large\" alt=\"\" srcset=\"https:\/\/elmundodelosnegocios.com.do\/v1\/wp-content\/uploads\/2021\/10\/0-6-696x297-2-615x440-6.jpg 1000w, https:\/\/elmundodelosnegocios.com.do\/v1\/wp-content\/uploads\/2021\/10\/0-6-696x297-2-615x440-6-300x200.jpg 300w, https:\/\/elmundodelosnegocios.com.do\/v1\/wp-content\/uploads\/2021\/10\/0-6-696x297-2-615x440-6-768x512.jpg 768w\" sizes=\"auto, (max-width: 1000px) 100vw, 1000px\" \/><\/a>\n\t\t\t<\/div><\/figure>\n\t\t<\/div>\n<\/p>\n<p>En representaci\u00f3n del Banco Popular, recogi\u00f3 el premio la se\u00f1ora Andrea Cordero, quien expres\u00f3: \u201cNos sentimos muy orgullosos de haberlos contagiado con \u201cEl Lado Positivo\u201d. Este es un mensaje de resiliencia y optimismo con el que invitamos a la sociedad dominicana a mirar la vida desde otro \u00e1ngulo, valorando la esencia de lo que somos y lo que tenemos. Un reconocimiento no solo para nuestra instituci\u00f3n financiera, sino tambi\u00e9n para nuestro pa\u00eds\u201d.  <\/p>\n<p>Trascendencia en Estados Unidos, M\u00e9xico y Rep\u00fablica Dominicana <\/p>\n<p>Este es el tercer galard\u00f3n internacional que recibe la campa\u00f1a \u201cEl Lado Positivo\u201d, luego de obtener el Stevie\u00ae Award de Oro a la mejor Campa\u00f1a de Comunicaciones y Relaciones P\u00fablicas en la categor\u00eda Servicio P\u00fablico del A\u00f1o, entregado en Estados Unidos, y tambi\u00e9n el premio SABRE Latam a la mejor campa\u00f1a de la regi\u00f3n del Caribe, otorgado en M\u00e9xico.<\/p>\n<p>En adici\u00f3n, la campa\u00f1a fue reconocida en la Rep\u00fablica Dominicana con la distinci\u00f3n Factor de \u00c9xito Oro, por parte de la Asociaci\u00f3n de Agencias de Comunicaci\u00f3n Comercial (Adecc) con la m\u00e1xima puntuaci\u00f3n del jurado. Este galard\u00f3n es el principal en su categor\u00eda para las acciones de publicidad de empresas locales.<\/p>\n<p>Todos los premios recibidos han destacado la fuerza inspiradora del mensaje, la calidad del trabajo realizado y el propicio lanzamiento de la campa\u00f1a en el tiempo, con el objetivo de elevar el \u00e1nimo, la empat\u00eda y el optimismo por la vida que caracteriza a los dominicanos.<\/p>\n<p>Lanzada a principios de 2021, \u201cEl Lado Positivo\u201d involucr\u00f3 el trabajo creativo y de direcci\u00f3n de la agencia de publicidad Cazar3, en tanto la producci\u00f3n estuvo a cargo de la productora audiovisual Kokaleka, con el acompa\u00f1amiento de la Vicepresidencia Ejecutiva de Relaciones P\u00fablicas y Comunicaciones del Popular.<\/p>\n","protected":false},"excerpt":{"rendered":"<p>Es el tercer galard\u00f3n internacional que recibe la campa\u00f1a institucional Madrid, Espa\u00f1a \u2013 La campa\u00f1a de publicidad institucional \u201cEl Lado Positivo\u201d del Banco Popular Dominicano fue galardonada como la Mejor&hellip; <\/p>\n","protected":false},"author":2,"featured_media":11709,"comment_status":"closed","ping_status":"closed","sticky":false,"template":"","format":"standard","meta":{"fifu_image_url":"","fifu_image_alt":"","footnotes":""},"categories":[157],"tags":[],"class_list":["post-11704","post","type-post","status-publish","format-standard","has-post-thumbnail","hentry","category-marketing"],"_links":{"self":[{"href":"https:\/\/elmundodelosnegocios.com.do\/v1\/wp-json\/wp\/v2\/posts\/11704","targetHints":{"allow":["GET"]}}],"collection":[{"href":"https:\/\/elmundodelosnegocios.com.do\/v1\/wp-json\/wp\/v2\/posts"}],"about":[{"href":"https:\/\/elmundodelosnegocios.com.do\/v1\/wp-json\/wp\/v2\/types\/post"}],"author":[{"embeddable":true,"href":"https:\/\/elmundodelosnegocios.com.do\/v1\/wp-json\/wp\/v2\/users\/2"}],"replies":[{"embeddable":true,"href":"https:\/\/elmundodelosnegocios.com.do\/v1\/wp-json\/wp\/v2\/comments?post=11704"}],"version-history":[{"count":0,"href":"https:\/\/elmundodelosnegocios.com.do\/v1\/wp-json\/wp\/v2\/posts\/11704\/revisions"}],"wp:featuredmedia":[{"embeddable":true,"href":"https:\/\/elmundodelosnegocios.com.do\/v1\/wp-json\/wp\/v2\/media\/11709"}],"wp:attachment":[{"href":"https:\/\/elmundodelosnegocios.com.do\/v1\/wp-json\/wp\/v2\/media?parent=11704"}],"wp:term":[{"taxonomy":"category","embeddable":true,"href":"https:\/\/elmundodelosnegocios.com.do\/v1\/wp-json\/wp\/v2\/categories?post=11704"},{"taxonomy":"post_tag","embeddable":true,"href":"https:\/\/elmundodelosnegocios.com.do\/v1\/wp-json\/wp\/v2\/tags?post=11704"}],"curies":[{"name":"wp","href":"https:\/\/api.w.org\/{rel}","templated":true}]}}