{"id":11723,"date":"2021-10-29T11:02:58","date_gmt":"2021-10-29T15:32:58","guid":{"rendered":"http:\/\/elmundodelosnegocios.com.do\/v1\/?p=11723"},"modified":"2021-10-29T11:02:58","modified_gmt":"2021-10-29T15:32:58","slug":"lopez-puertas-elogia-potencial-turistico-fuertes-vinculos-y-participacion-de-rd-como-pais-socio-en-fitur-2022","status":"publish","type":"post","link":"https:\/\/elmundodelosnegocios.com.do\/v1\/lopez-puertas-elogia-potencial-turistico-fuertes-vinculos-y-participacion-de-rd-como-pais-socio-en-fitur-2022\/","title":{"rendered":"L\u00f3pez Puertas elogia potencial tur\u00edstico, fuertes v\u00ednculos y participaci\u00f3n de RD como Pa\u00eds Socio en Fitur 2022"},"content":{"rendered":"<p>CEO de Ifema Madrid valora a Dominicana como una \u201capuesta en firme para el futuro\u201d<\/p>\n<p>Santo Domingo.- Rep\u00fablica Dominicana ha vuelto a ser elogiado a nivel internacional, esta vez, por su gran capacidad de atracci\u00f3n como destino tur\u00edstico a nivel mundial, su exitosa gesti\u00f3n para enfrentar la pandemia del Covid 19 y por la recuperaci\u00f3n de la industria, as\u00ed como, sus fuertes v\u00ednculos hist\u00f3ricos, idiom\u00e1ticos y culturales con uno de sus principales pa\u00edses emisores europeos, Espa\u00f1a.<\/p>\n<p>En ocasi\u00f3n a la escogencia del destino l\u00edder tur\u00edstico del Caribe, como Pa\u00eds Socio de Fitur 2022, el director general de Ifema Madrid, Eduardo L\u00f3pez Puertas, valor\u00f3 al destino quisqueyano \u201ccomo una importante referencia mundial de la esperada recuperaci\u00f3n del turismo, calificada como mod\u00e9lica por la Organizaci\u00f3n Mundial del Turismo (OMT).<\/p>\n<p>Manifest\u00f3 que \u201cno pod\u00eda haber un socio Fitur 2022 m\u00e1s relevante que Rep\u00fablica Dominicana ante las muestras de un panorama alentador y de las expectativas de levantar el vuelo, en el que FiTUR va a jugar nuevamente un papel fundamental\u201d como el evento de mayor relevancia de la industria en el mundo.<\/p>\n<p>\u201cCreo, sinceramente, que si hay un pa\u00eds capaz de representar la determinaci\u00f3n por recuperar la ilusi\u00f3n y el dinamismo que caracteriza la industria del turismo, ese, es el suyo\u201d, se\u00f1al\u00f3 L\u00f3pez Puertas, refiri\u00e9ndose al ministro David Collado y al presidente Luis Abinader en el acto.<\/p>\n<p>Afirm\u00f3 que bajo el lema \u201cAbrazamos al Mundo\u201d, la edici\u00f3n 42 de Fitur, a celebrarse del 19 al 23 de enero de 2022, abrazar\u00e1, con m\u00e1s fuerza, a Rep\u00fablica Dominicana, destino tur\u00edstico de primer orden, situ\u00e1ndolo en un escenario estrat\u00e9gico y de enorme visibilidad, con especial atenci\u00f3n en los mercados europeos y asi\u00e1ticos donde el pa\u00eds tiene un gran potencial de desarrollo\u201d.<\/p>\n<p>Destac\u00f3 los v\u00ednculos de amistad y cercan\u00eda que hist\u00f3ricamente, han prevalecido en las relaciones entre Espa\u00f1a y Rep\u00fablica Dominicana, al resaltar que los principales grupos de empresarios hoteleros espa\u00f1oles, presentes en el acto, son los mejores posicionados en el pa\u00eds caribe\u00f1o, como una muestra de que este destino es\u00b4\u00b4una apuesta en firme para el futuro\u201d.<\/p>\n<p>El principal ejecutivo de Ifema Madrid, elogi\u00f3 que Rep\u00fablica Dominicana se ha revelado como de los destinos tur\u00edsticos m\u00e1s deseados, por la calidez de su clima, la hospitalidad de su gente, situando a Espa\u00f1a en el top 4 de los pa\u00edses emisores.<\/p>\n<p>L\u00f3pez Puertas asegur\u00f3 que Fitur 2022 no ser\u00e1 una edici\u00f3n m\u00e1s, sino que ser\u00e1 la m\u00e1s importante de toda su trayectoria, en un entorno estabilizado tras la dura pandemia que a\u00fan persiste en el mundo.<\/p>\n<p>El evento ferial l\u00edder en el mundo en su edici\u00f3n del pr\u00f3ximo a\u00f1o, se extender\u00e1 en ocho pabellones y se dar\u00e1n cita 165 pa\u00edses, m\u00e1s de 7 mil comunicadores acreditados y 920 expositores directos.<\/p>\n","protected":false},"excerpt":{"rendered":"<p>CEO de Ifema Madrid valora a Dominicana como una \u201capuesta en firme para el futuro\u201d Santo Domingo.- Rep\u00fablica Dominicana ha vuelto a ser elogiado a nivel internacional, esta vez, por&hellip; <\/p>\n","protected":false},"author":2,"featured_media":11724,"comment_status":"closed","ping_status":"closed","sticky":false,"template":"","format":"standard","meta":{"fifu_image_url":"","fifu_image_alt":"","footnotes":""},"categories":[172],"tags":[],"class_list":["post-11723","post","type-post","status-publish","format-standard","has-post-thumbnail","hentry","category-turismo"],"_links":{"self":[{"href":"https:\/\/elmundodelosnegocios.com.do\/v1\/wp-json\/wp\/v2\/posts\/11723","targetHints":{"allow":["GET"]}}],"collection":[{"href":"https:\/\/elmundodelosnegocios.com.do\/v1\/wp-json\/wp\/v2\/posts"}],"about":[{"href":"https:\/\/elmundodelosnegocios.com.do\/v1\/wp-json\/wp\/v2\/types\/post"}],"author":[{"embeddable":true,"href":"https:\/\/elmundodelosnegocios.com.do\/v1\/wp-json\/wp\/v2\/users\/2"}],"replies":[{"embeddable":true,"href":"https:\/\/elmundodelosnegocios.com.do\/v1\/wp-json\/wp\/v2\/comments?post=11723"}],"version-history":[{"count":0,"href":"https:\/\/elmundodelosnegocios.com.do\/v1\/wp-json\/wp\/v2\/posts\/11723\/revisions"}],"wp:featuredmedia":[{"embeddable":true,"href":"https:\/\/elmundodelosnegocios.com.do\/v1\/wp-json\/wp\/v2\/media\/11724"}],"wp:attachment":[{"href":"https:\/\/elmundodelosnegocios.com.do\/v1\/wp-json\/wp\/v2\/media?parent=11723"}],"wp:term":[{"taxonomy":"category","embeddable":true,"href":"https:\/\/elmundodelosnegocios.com.do\/v1\/wp-json\/wp\/v2\/categories?post=11723"},{"taxonomy":"post_tag","embeddable":true,"href":"https:\/\/elmundodelosnegocios.com.do\/v1\/wp-json\/wp\/v2\/tags?post=11723"}],"curies":[{"name":"wp","href":"https:\/\/api.w.org\/{rel}","templated":true}]}}