{"id":11758,"date":"2021-10-30T17:30:17","date_gmt":"2021-10-30T22:00:17","guid":{"rendered":"http:\/\/elmundodelosnegocios.com.do\/v1\/?p=11758"},"modified":"2021-10-31T17:38:27","modified_gmt":"2021-10-31T22:08:27","slug":"esperanza-para-pacientes-con-sindrome-pos-covid","status":"publish","type":"post","link":"https:\/\/elmundodelosnegocios.com.do\/v1\/esperanza-para-pacientes-con-sindrome-pos-covid\/","title":{"rendered":"Esperanza para pacientes con s\u00edndrome pos-COVID"},"content":{"rendered":"<p><b>Santo Domingo<\/b>, Rep\u00fablica Dominicana &#8211; octubre de 2021.-\u00a0El \u00abCOVID de larga duraci\u00f3n\u00bb,\u00a0el \u00abCOVID persistente\u00bb y el\u00a0<a href=\"https:\/\/www.mayoclinic.org\/es-es\/coronavirus-covid-19\/post-covid-19-conditions?mc_id=us&amp;utm_source=newsnetwork&amp;utm_medium=l&amp;utm_content=content&amp;utm_campaign=mayoclinic&amp;geo=national&amp;placementsite=enterprise&amp;invsrc=other&amp;cauid=100721\" target=\"_blank\" rel=\"noopener\" data-saferedirecturl=\"https:\/\/www.google.com\/url?q=https:\/\/www.mayoclinic.org\/es-es\/coronavirus-covid-19\/post-covid-19-conditions?mc_id%3Dus%26utm_source%3Dnewsnetwork%26utm_medium%3Dl%26utm_content%3Dcontent%26utm_campaign%3Dmayoclinic%26geo%3Dnational%26placementsite%3Denterprise%26invsrc%3Dother%26cauid%3D100721&amp;source=gmail&amp;ust=1635780331748000&amp;usg=AOvVaw1WJueazHBu4cMvC5zAkU5M\">\u00abs\u00edndrome pos-COVID\u00bb<\/a>\u00a0son referencias a pacientes que han sido infectados con COVID-19 y todav\u00eda experimentan efectos y s\u00edntomas a largo plazo.\u00a0<u><\/u><u><\/u><br \/>\n<a href=\"http:\/\/elmundodelosnegocios.com.do\/v1\/wp-content\/uploads\/2021\/10\/0-10-696x297-2.jpg\"><img loading=\"lazy\" decoding=\"async\" src=\"http:\/\/elmundodelosnegocios.com.do\/v1\/wp-content\/uploads\/2021\/10\/0-10-696x297-2.jpg\" alt=\"\" width=\"1024\" height=\"576\" class=\"aligncenter size-full wp-image-11760\" srcset=\"https:\/\/elmundodelosnegocios.com.do\/v1\/wp-content\/uploads\/2021\/10\/0-10-696x297-2.jpg 1024w, https:\/\/elmundodelosnegocios.com.do\/v1\/wp-content\/uploads\/2021\/10\/0-10-696x297-2-300x169.jpg 300w, https:\/\/elmundodelosnegocios.com.do\/v1\/wp-content\/uploads\/2021\/10\/0-10-696x297-2-768x432.jpg 768w, https:\/\/elmundodelosnegocios.com.do\/v1\/wp-content\/uploads\/2021\/10\/0-10-696x297-2-390x220.jpg 390w\" sizes=\"auto, (max-width: 1024px) 100vw, 1024px\" \/><\/a><br \/>\n<i>\u00abLas estimaciones indican que<b>\u00a0entre el 10 y el 30\u00a0por ciento<\/b>\u00a0<b>de las personas que se infectan con COVID-19 terminar\u00e1n con COVID de larga duraci\u00f3n\u00bb<\/b><\/i>, afirma el\u00a0<a href=\"https:\/\/www.mayoclinic.org\/biographies\/vanichkachorn-greg-m-d-m-p-h\/bio-20470118?mc_id=us&amp;utm_source=newsnetwork&amp;utm_medium=l&amp;utm_content=content&amp;utm_campaign=mayoclinic&amp;geo=national&amp;placementsite=enterprise&amp;invsrc=other&amp;cauid=100721\" target=\"_blank\" rel=\"noopener\" data-saferedirecturl=\"https:\/\/www.google.com\/url?q=https:\/\/www.mayoclinic.org\/biographies\/vanichkachorn-greg-m-d-m-p-h\/bio-20470118?mc_id%3Dus%26utm_source%3Dnewsnetwork%26utm_medium%3Dl%26utm_content%3Dcontent%26utm_campaign%3Dmayoclinic%26geo%3Dnational%26placementsite%3Denterprise%26invsrc%3Dother%26cauid%3D100721&amp;source=gmail&amp;ust=1635780331748000&amp;usg=AOvVaw1VzXHu1iSaHkTwv2Qtex2W\">Dr.\u00a0Greg Vanichkachorn<\/a>, director m\u00e9dico del\u00a0<a href=\"https:\/\/connect.mayoclinic.org\/blog\/post-covid-recovery\/newsfeed-post\/covid-activity-rehabilitation-program-carp-at-mayo-clinic?mc_id=us&amp;utm_source=newsnetwork&amp;utm_medium=l&amp;utm_content=content&amp;utm_campaign=mayoclinic&amp;geo=national&amp;placementsite=enterprise&amp;invsrc=other&amp;cauid=100721\" target=\"_blank\" rel=\"noopener\" data-saferedirecturl=\"https:\/\/www.google.com\/url?q=https:\/\/connect.mayoclinic.org\/blog\/post-covid-recovery\/newsfeed-post\/covid-activity-rehabilitation-program-carp-at-mayo-clinic?mc_id%3Dus%26utm_source%3Dnewsnetwork%26utm_medium%3Dl%26utm_content%3Dcontent%26utm_campaign%3Dmayoclinic%26geo%3Dnational%26placementsite%3Denterprise%26invsrc%3Dother%26cauid%3D100721&amp;source=gmail&amp;ust=1635780331748000&amp;usg=AOvVaw3xXNYRE6c3gnwnaW7gDSJ7\">Programa de Rehabilitaci\u00f3n de Actividades COVID<\/a>\u00a0de Mayo Clinic.\u00a0<i>\u00abY parece que el COVID de larga duraci\u00f3n podr\u00eda ser una nueva infecci\u00f3n cr\u00f3nica para algunas personas y ser una nueva referencia\u00bb.\u00a0<\/i><\/p>\n<p>Recientemente, la\u00a0<a href=\"https:\/\/www.who.int\/publications\/i\/item\/WHO-2019-nCoV-Post_COVID-19_condition-Clinical_case_definition-2021.1\" target=\"_blank\" rel=\"noopener\" data-saferedirecturl=\"https:\/\/www.google.com\/url?q=https:\/\/www.who.int\/publications\/i\/item\/WHO-2019-nCoV-Post_COVID-19_condition-Clinical_case_definition-2021.1&amp;source=gmail&amp;ust=1635780331748000&amp;usg=AOvVaw0cYTJjXCRlmhGn7jxqGTeP\">Organizaci\u00f3n Mundial de la Salud\u00a0<\/a>dio la primera definici\u00f3n cl\u00ednica del s\u00edndrome pos-COVID.\u00a0<i>\u00abSostiene que los pacientes deben tener s\u00edntomas que duren tres meses o m\u00e1s despu\u00e9s de su infecci\u00f3n aguda\u00bb<\/i>, explica el Dr.\u00a0Vanichkachorn.\u00a0<i>\u00abSi alguien tiene s\u00edntomas de COVID de larga duraci\u00f3n donde las cosas no van en la direcci\u00f3n correcta, recomiendo que los pacientes busquen atenci\u00f3n m\u00e9dica lo m\u00e1s pronto posible\u00bb.<\/i><u><\/u><u><\/u><\/p>\n<p>El Dr. Vanichkachorn afirma que los investigadores est\u00e1n comenzando a ara\u00f1ar la superficie del aprendizaje sobre los cambios bioqu\u00edmicos que ocurren en el cuerpo que pueden conducir a algunos de los s\u00edntomas que los pacientes est\u00e1n experimentando.<u><\/u><u><\/u><br \/>\n<a href=\"http:\/\/elmundodelosnegocios.com.do\/v1\/wp-content\/uploads\/2021\/10\/0-9-696x297-1.jpg\"><img loading=\"lazy\" decoding=\"async\" src=\"http:\/\/elmundodelosnegocios.com.do\/v1\/wp-content\/uploads\/2021\/10\/0-9-696x297-1.jpg\" alt=\"\" width=\"1923\" height=\"1113\" class=\"aligncenter size-full wp-image-11759\" srcset=\"https:\/\/elmundodelosnegocios.com.do\/v1\/wp-content\/uploads\/2021\/10\/0-9-696x297-1.jpg 1923w, https:\/\/elmundodelosnegocios.com.do\/v1\/wp-content\/uploads\/2021\/10\/0-9-696x297-1-300x174.jpg 300w, https:\/\/elmundodelosnegocios.com.do\/v1\/wp-content\/uploads\/2021\/10\/0-9-696x297-1-1024x593.jpg 1024w, https:\/\/elmundodelosnegocios.com.do\/v1\/wp-content\/uploads\/2021\/10\/0-9-696x297-1-768x445.jpg 768w, https:\/\/elmundodelosnegocios.com.do\/v1\/wp-content\/uploads\/2021\/10\/0-9-696x297-1-1536x889.jpg 1536w\" sizes=\"auto, (max-width: 1923px) 100vw, 1923px\" \/><\/a><\/p>\n<p><i>\u00abAlgunas personas pueden tener\u00a0<\/i><a href=\"https:\/\/www.mayoclinic.org\/es-es\/diseases-conditions\/coronavirus\/in-depth\/coronavirus-long-term-effects\/art-20490351?mc_id=us&amp;utm_source=newsnetwork&amp;utm_medium=l&amp;utm_content=content&amp;utm_campaign=mayoclinic&amp;geo=national&amp;placementsite=enterprise&amp;invsrc=other&amp;cauid=100721\" target=\"_blank\" rel=\"noopener\" data-saferedirecturl=\"https:\/\/www.google.com\/url?q=https:\/\/www.mayoclinic.org\/es-es\/diseases-conditions\/coronavirus\/in-depth\/coronavirus-long-term-effects\/art-20490351?mc_id%3Dus%26utm_source%3Dnewsnetwork%26utm_medium%3Dl%26utm_content%3Dcontent%26utm_campaign%3Dmayoclinic%26geo%3Dnational%26placementsite%3Denterprise%26invsrc%3Dother%26cauid%3D100721&amp;source=gmail&amp;ust=1635780331748000&amp;usg=AOvVaw1yNwcw_ehpHG-JfReLrdct\"><i>s\u00edntomas<\/i><\/a><i>\u00a0muy leves, cierta dificultad para respirar, que es algo que puede ocurrir despu\u00e9s de una infecci\u00f3n por COVID-19. Algunos pueden tener un poco de niebla mental, mientras que en otros, los s\u00edntomas pueden ser bastante graves. Pueden tener dificultad para respirar al punto de tener que recibir ox\u00edgeno durante varios meses despu\u00e9s de la infecci\u00f3n, o no ser capaces de realizar algunas de las actividades b\u00e1sicas de la vida, como caminar por su casa, ducharse, etc.\u00bb<\/i><u><\/u><u><\/u><\/p>\n<p>En cuanto a la comprensi\u00f3n y la determinaci\u00f3n de nuevos s\u00edntomas asociados al s\u00edndrome pos-COVID, sostiene:<i>\u00a0\u00abEl problema con el COVID de larga duraci\u00f3n es que es muy nebuloso y a\u00fan no hay criterios de diagn\u00f3stico espec\u00edficos\u00bb.<\/i><u><\/u><u><\/u><\/p>\n<p><b>Esperanza para futuros tratamientos\u00a0<\/b><u><\/u><u><\/u><\/p>\n<p>Junto con el Programa de Rehabilitaci\u00f3n de Actividades COVID, el Dr. Vanichkachorn trabaja con pacientes en otro programa llamado\u00a0<a href=\"https:\/\/connect.mayoclinic.org\/blog\/post-covid-recovery\/tab\/next-steps\/?mc_id=us&amp;utm_source=newsnetwork&amp;utm_medium=l&amp;utm_content=content&amp;utm_campaign=mayoclinic&amp;geo=national&amp;placementsite=enterprise&amp;invsrc=other&amp;cauid=100721\" target=\"_blank\" rel=\"noopener\" data-saferedirecturl=\"https:\/\/www.google.com\/url?q=https:\/\/connect.mayoclinic.org\/blog\/post-covid-recovery\/tab\/next-steps\/?mc_id%3Dus%26utm_source%3Dnewsnetwork%26utm_medium%3Dl%26utm_content%3Dcontent%26utm_campaign%3Dmayoclinic%26geo%3Dnational%26placementsite%3Denterprise%26invsrc%3Dother%26cauid%3D100721&amp;source=gmail&amp;ust=1635780331748000&amp;usg=AOvVaw2_vaFJExp2oQlT6h1SZ5KE\">Cl\u00ednica de Atenci\u00f3n pos-COVID<\/a>,\u00a0dise\u00f1ado para ayudar a las personas que ya pasaron hace tiempo la infecci\u00f3n inicial. El doctor destaca, que, si bien queda mucho trabajo por delante, se est\u00e1n logrando avances y los pacientes no deben perder la esperanza.<u><\/u><u><\/u><\/p>\n<p><i>\u00abExiste la posibilidad de que encontremos algunos tratamientos muy eficaces para las personas para prevenir el COVID de larga duraci\u00f3n y tratar a los pacientes que est\u00e1n experimentando COVID de larga duraci\u00f3n\u00bb<\/i>, dice el Dr. Vanichkachorn.\u00a0<i>\u00abSi bien es posible que estemos en un escenario de adaptaci\u00f3n y manejo de los s\u00edntomas en este momento, las cosas podr\u00edan mejorar mucho en el futuro\u00bb.<\/i><u><\/u><u><\/u><\/p>\n<p>El doctor les recuerda a los pacientes que busquen ayuda si la necesitan.\u00a0<i>\u00abPara asegurarse de que esta afecci\u00f3n no se quede en el camino, si tiene s\u00edntomas, no tenga miedo de recibir tratamiento. No tenga miedo de abogar por usted mismo\u00bb.<\/i><\/p>\n<p><b>La prevenci\u00f3n puede comenzar con la\u00a0<\/b><a href=\"https:\/\/www.mayoclinic.org\/es-es\/coronavirus-covid-19?mc_id=us&amp;utm_source=newsnetwork&amp;utm_medium=l&amp;utm_content=content&amp;utm_campaign=mayoclinic&amp;geo=national&amp;placementsite=enterprise&amp;invsrc=other&amp;cauid=100721\" target=\"_blank\" rel=\"noopener\" data-saferedirecturl=\"https:\/\/www.google.com\/url?q=https:\/\/www.mayoclinic.org\/es-es\/coronavirus-covid-19?mc_id%3Dus%26utm_source%3Dnewsnetwork%26utm_medium%3Dl%26utm_content%3Dcontent%26utm_campaign%3Dmayoclinic%26geo%3Dnational%26placementsite%3Denterprise%26invsrc%3Dother%26cauid%3D100721&amp;source=gmail&amp;ust=1635780331749000&amp;usg=AOvVaw1l_frGFgODkn_cAGZdWry3\"><b>vacunaci\u00f3n<\/b><\/a><b>\u00a0y la pr\u00e1ctica de protocolos de seguridad<\/b><u><\/u><u><\/u><\/p>\n<p><i>\u00abLa mejor forma de evitar contraer COVID de larga duraci\u00f3n es no enfermarse de COVID-19. Y la mejor manera de esquivar al COVID-19 es primero vacunarse y continuar con todas sus precauciones de higiene, como mantener el distanciamiento social, desinfectarse las manos y usar mascarilla\u00bb.<\/i><\/p>\n","protected":false},"excerpt":{"rendered":"<p>Santo Domingo, Rep\u00fablica Dominicana &#8211; octubre de 2021.-\u00a0El \u00abCOVID de larga duraci\u00f3n\u00bb,\u00a0el \u00abCOVID persistente\u00bb y el\u00a0\u00abs\u00edndrome pos-COVID\u00bb\u00a0son referencias a pacientes que han sido infectados con COVID-19 y todav\u00eda experimentan efectos&hellip; <\/p>\n","protected":false},"author":2,"featured_media":11760,"comment_status":"closed","ping_status":"closed","sticky":false,"template":"","format":"standard","meta":{"fifu_image_url":"","fifu_image_alt":"","footnotes":""},"categories":[80],"tags":[],"class_list":["post-11758","post","type-post","status-publish","format-standard","has-post-thumbnail","hentry","category-salud"],"_links":{"self":[{"href":"https:\/\/elmundodelosnegocios.com.do\/v1\/wp-json\/wp\/v2\/posts\/11758","targetHints":{"allow":["GET"]}}],"collection":[{"href":"https:\/\/elmundodelosnegocios.com.do\/v1\/wp-json\/wp\/v2\/posts"}],"about":[{"href":"https:\/\/elmundodelosnegocios.com.do\/v1\/wp-json\/wp\/v2\/types\/post"}],"author":[{"embeddable":true,"href":"https:\/\/elmundodelosnegocios.com.do\/v1\/wp-json\/wp\/v2\/users\/2"}],"replies":[{"embeddable":true,"href":"https:\/\/elmundodelosnegocios.com.do\/v1\/wp-json\/wp\/v2\/comments?post=11758"}],"version-history":[{"count":0,"href":"https:\/\/elmundodelosnegocios.com.do\/v1\/wp-json\/wp\/v2\/posts\/11758\/revisions"}],"wp:featuredmedia":[{"embeddable":true,"href":"https:\/\/elmundodelosnegocios.com.do\/v1\/wp-json\/wp\/v2\/media\/11760"}],"wp:attachment":[{"href":"https:\/\/elmundodelosnegocios.com.do\/v1\/wp-json\/wp\/v2\/media?parent=11758"}],"wp:term":[{"taxonomy":"category","embeddable":true,"href":"https:\/\/elmundodelosnegocios.com.do\/v1\/wp-json\/wp\/v2\/categories?post=11758"},{"taxonomy":"post_tag","embeddable":true,"href":"https:\/\/elmundodelosnegocios.com.do\/v1\/wp-json\/wp\/v2\/tags?post=11758"}],"curies":[{"name":"wp","href":"https:\/\/api.w.org\/{rel}","templated":true}]}}