{"id":11784,"date":"2021-10-28T18:55:26","date_gmt":"2021-10-28T23:25:26","guid":{"rendered":"http:\/\/elmundodelosnegocios.com.do\/v1\/?p=11784"},"modified":"2021-10-31T19:01:37","modified_gmt":"2021-10-31T23:31:37","slug":"banco-central-celebro-una-eucaristia-en-accion-de-gracias-con-motivo-de-su-74-aniversario","status":"publish","type":"post","link":"https:\/\/elmundodelosnegocios.com.do\/v1\/banco-central-celebro-una-eucaristia-en-accion-de-gracias-con-motivo-de-su-74-aniversario\/","title":{"rendered":"Banco Central celebr\u00f3 una eucarist\u00eda en acci\u00f3n de gracias con motivo de su 74 aniversario"},"content":{"rendered":"<p>Santo Domingo, Rep\u00fablica Dominicana. El Banco Central de la Rep\u00fablica Dominicana (BCRD) celebr\u00f3 con motivo de su 74 aniversario una eucarist\u00eda en acci\u00f3n de gracias presidida por el reverendo padre Jos\u00e9 Pastor Ram\u00edrez Fern\u00e1ndez, a la que asistieron las principales autoridades de la instituci\u00f3n y una representaci\u00f3n de sus funcionarios m\u00e1s importantes.<\/p>\n<p>El solemne acto cont\u00f3 con la presencia del gobernador, H\u00e9ctor Valdez Albizu, su distinguida esposa Fior Mart\u00ednez de Valdez y los miembros de la honorable Junta Monetaria Ricardo Rojas Le\u00f3n, Jos\u00e9 Manuel Mall\u00e9n, Arturo Mart\u00ednez Moya, Eduardo Tejera, Sergia Elena Mej\u00eda y Julio Llibre Salcedo.<\/p>\n<p>Asimismo, la vicegobernadora del BCRD, Clarissa de la Rocha de Torres; el gerente, Ervin Novas Bello; el contralor, Jos\u00e9 Manuel Taveras Lay; el subgerente general, Frank Monta\u00f1o; as\u00ed como subgerentes, asesores, directores, consultores y subdirectores.<br \/>\n<a href=\"http:\/\/elmundodelosnegocios.com.do\/v1\/wp-content\/uploads\/2021\/10\/0-9-696x297-2.jpg\"><img loading=\"lazy\" decoding=\"async\" src=\"http:\/\/elmundodelosnegocios.com.do\/v1\/wp-content\/uploads\/2021\/10\/0-9-696x297-2.jpg\" alt=\"\" width=\"570\" height=\"410\" class=\"aligncenter size-full wp-image-11785\" srcset=\"https:\/\/elmundodelosnegocios.com.do\/v1\/wp-content\/uploads\/2021\/10\/0-9-696x297-2.jpg 570w, https:\/\/elmundodelosnegocios.com.do\/v1\/wp-content\/uploads\/2021\/10\/0-9-696x297-2-300x216.jpg 300w\" sizes=\"auto, (max-width: 570px) 100vw, 570px\" \/><\/a><\/p>\n<p><a href=\"http:\/\/elmundodelosnegocios.com.do\/v1\/wp-content\/uploads\/2021\/10\/0-10-696x297-3.jpg\"><img loading=\"lazy\" decoding=\"async\" src=\"http:\/\/elmundodelosnegocios.com.do\/v1\/wp-content\/uploads\/2021\/10\/0-10-696x297-3.jpg\" alt=\"\" width=\"581\" height=\"402\" class=\"aligncenter size-full wp-image-11787\" srcset=\"https:\/\/elmundodelosnegocios.com.do\/v1\/wp-content\/uploads\/2021\/10\/0-10-696x297-3.jpg 581w, https:\/\/elmundodelosnegocios.com.do\/v1\/wp-content\/uploads\/2021\/10\/0-10-696x297-3-300x208.jpg 300w\" sizes=\"auto, (max-width: 581px) 100vw, 581px\" \/><\/a><\/p>\n<p>En esta ocasi\u00f3n, el n\u00famero de asistentes de redujo precautoriamente para seguir con las medidas recomendadas por las autoridades sanitarias por el COVID-19.<\/p>\n<p>El reverendo padre Jos\u00e9 Pastor Ramirez Fern\u00e1ndez pronunci\u00f3 una homil\u00eda destacando a la fortaleza de esp\u00edritu como una de las principales virtudes que en estos tiempos reivindican a las personas en su humanidad y su fe.<\/p>\n<p>Estimul\u00f3 tambi\u00e9n a los presentes y a todos aquellos que asistieron a la celebraci\u00f3n a trav\u00e9s de una retransmisi\u00f3n en directo por el canal YouTube a guiarse por la esperanza, la caridad y el trabajo honesto en la instituci\u00f3n, como testimonio de su fidelidad y confianza en el dogma cristiano.<\/p>\n<p>Reconocidos por su lealtad<br \/>\nUn total de 79 bancentralianos fueron reconocidos por su antig\u00fcedad en el BCRD, recibiendo de las manos del propio gobernador Valdez Albizu, as\u00ed como tambi\u00e9n de la vicegobernadora, Clarissa de la Rocha de Torres y del gerente, Ervin Novas Bello, una placa personalizada conmemorativa para los de 30 y 25 a\u00f1os, y un pergamino para los de 20 a\u00f1os, para enaltecer el tiempo de su servicio en la instituci\u00f3n.<\/p>\n<p>Valdez Albizu expres\u00f3 con profundo agradecimiento el orgullo de contar en el BCRD con personas que se han destacado en virtudes como la lealtad, el compromiso y la constancia, las cuales perviven en la instituci\u00f3n gracias a ellos.<\/p>\n<p>Asimismo, signific\u00f3 que \u201cno existe secreto ni f\u00f3rmula m\u00e1gica en lo que realizamos, se trata de la conjunci\u00f3n de todas las cualidades que he mencionado y que hacen del bancentraliano un ser excepcional que despierta la admiraci\u00f3n, el respeto y el orgullo de los dominicanos\u201d.<\/p>\n<p>Concluy\u00f3 felicitando al personal por su exitosa carrera en la instituci\u00f3n y recordando una frase del insigne fil\u00f3sofo Jos\u00e9 Ortega y Gasset: \u201cLa lealtad es el camino m\u00e1s corto entre dos corazones\u201d, y ustedes, bancentralianas y bancentralianos galardonados, est\u00e1n y seguir\u00e1n en nuestros corazones, dijo el gobernador.<\/p>\n","protected":false},"excerpt":{"rendered":"<p>Santo Domingo, Rep\u00fablica Dominicana. El Banco Central de la Rep\u00fablica Dominicana (BCRD) celebr\u00f3 con motivo de su 74 aniversario una eucarist\u00eda en acci\u00f3n de gracias presidida por el reverendo padre&hellip; <\/p>\n","protected":false},"author":2,"featured_media":11787,"comment_status":"closed","ping_status":"closed","sticky":false,"template":"","format":"standard","meta":{"fifu_image_url":"","fifu_image_alt":"","footnotes":""},"categories":[32],"tags":[],"class_list":["post-11784","post","type-post","status-publish","format-standard","has-post-thumbnail","hentry","category-eventos"],"_links":{"self":[{"href":"https:\/\/elmundodelosnegocios.com.do\/v1\/wp-json\/wp\/v2\/posts\/11784","targetHints":{"allow":["GET"]}}],"collection":[{"href":"https:\/\/elmundodelosnegocios.com.do\/v1\/wp-json\/wp\/v2\/posts"}],"about":[{"href":"https:\/\/elmundodelosnegocios.com.do\/v1\/wp-json\/wp\/v2\/types\/post"}],"author":[{"embeddable":true,"href":"https:\/\/elmundodelosnegocios.com.do\/v1\/wp-json\/wp\/v2\/users\/2"}],"replies":[{"embeddable":true,"href":"https:\/\/elmundodelosnegocios.com.do\/v1\/wp-json\/wp\/v2\/comments?post=11784"}],"version-history":[{"count":0,"href":"https:\/\/elmundodelosnegocios.com.do\/v1\/wp-json\/wp\/v2\/posts\/11784\/revisions"}],"wp:featuredmedia":[{"embeddable":true,"href":"https:\/\/elmundodelosnegocios.com.do\/v1\/wp-json\/wp\/v2\/media\/11787"}],"wp:attachment":[{"href":"https:\/\/elmundodelosnegocios.com.do\/v1\/wp-json\/wp\/v2\/media?parent=11784"}],"wp:term":[{"taxonomy":"category","embeddable":true,"href":"https:\/\/elmundodelosnegocios.com.do\/v1\/wp-json\/wp\/v2\/categories?post=11784"},{"taxonomy":"post_tag","embeddable":true,"href":"https:\/\/elmundodelosnegocios.com.do\/v1\/wp-json\/wp\/v2\/tags?post=11784"}],"curies":[{"name":"wp","href":"https:\/\/api.w.org\/{rel}","templated":true}]}}