{"id":12261,"date":"2021-11-12T10:53:43","date_gmt":"2021-11-12T15:23:43","guid":{"rendered":"http:\/\/elmundodelosnegocios.com.do\/v1\/?p=12261"},"modified":"2021-11-12T10:53:43","modified_gmt":"2021-11-12T15:23:43","slug":"realiza-widex-dominicana-reunion-distribuidores-centros-audiologicos-acustia","status":"publish","type":"post","link":"https:\/\/elmundodelosnegocios.com.do\/v1\/realiza-widex-dominicana-reunion-distribuidores-centros-audiologicos-acustia\/","title":{"rendered":"Realiza Widex Dominicana reuni\u00f3n distribuidores Centros Audiol\u00f3gicos Acustia"},"content":{"rendered":"<p>Widex Dominicana, SRL realiz\u00f3 una reuni\u00f3n de distribuidores de sus Centros Audiol\u00f3gicos Acustia, los cuales proveen en nuestro mercado los afamados aud\u00edfonos para personas hipoac\u00fasicas marca Widex. Esta reuni\u00f3n de distribuidores tuvo como finalidad presentar los avances tecnol\u00f3gicos en audiolog\u00eda que mejoran la calidad de vida de los hipoac\u00fasicos, con su familia de productos Moment, aud\u00edfonos recargables y con tecnolog\u00eda de punta, en las instalaciones de Spirit, ubicado en la avenida Tiradentes esquina Presidente Gonz\u00e1lez.<\/p>\n<p>La bienvenida al encuentro estuvo a cargo de Victoria Acosta, gerente de Widex Dominicana SRL, para dar paso a la parte formativa del evento, donde fueron tratados temas audiol\u00f3gicos a cargo de las audi\u00f3logas Johanny Valoy y Pamela San Mart\u00edn, mientras que Juliana Bejarano, representante de Widex Latinoam\u00e9rica, dio a conocer las caracter\u00edsticas de los nuevos productos de la marca.<br \/>\n<div id='gallery-1' class='gallery galleryid-12261 gallery-columns-3 gallery-size-large'><figure class='gallery-item'>\n\t\t\t<div class='gallery-icon landscape'>\n\t\t\t\t<a href='https:\/\/elmundodelosnegocios.com.do\/v1\/wp-content\/uploads\/2021\/11\/0-5-696x297-2-696x463-1.jpg'><img loading=\"lazy\" decoding=\"async\" width=\"999\" height=\"662\" src=\"https:\/\/elmundodelosnegocios.com.do\/v1\/wp-content\/uploads\/2021\/11\/0-5-696x297-2-696x463-1.jpg\" class=\"attachment-large size-large\" alt=\"\" srcset=\"https:\/\/elmundodelosnegocios.com.do\/v1\/wp-content\/uploads\/2021\/11\/0-5-696x297-2-696x463-1.jpg 999w, https:\/\/elmundodelosnegocios.com.do\/v1\/wp-content\/uploads\/2021\/11\/0-5-696x297-2-696x463-1-300x199.jpg 300w, https:\/\/elmundodelosnegocios.com.do\/v1\/wp-content\/uploads\/2021\/11\/0-5-696x297-2-696x463-1-768x509.jpg 768w\" sizes=\"auto, (max-width: 999px) 100vw, 999px\" \/><\/a>\n\t\t\t<\/div><\/figure><figure class='gallery-item'>\n\t\t\t<div class='gallery-icon landscape'>\n\t\t\t\t<a href='https:\/\/elmundodelosnegocios.com.do\/v1\/wp-content\/uploads\/2021\/11\/0-6-696x297-2-696x463-1.jpg'><img loading=\"lazy\" decoding=\"async\" width=\"999\" height=\"662\" src=\"https:\/\/elmundodelosnegocios.com.do\/v1\/wp-content\/uploads\/2021\/11\/0-6-696x297-2-696x463-1.jpg\" class=\"attachment-large size-large\" alt=\"\" srcset=\"https:\/\/elmundodelosnegocios.com.do\/v1\/wp-content\/uploads\/2021\/11\/0-6-696x297-2-696x463-1.jpg 999w, https:\/\/elmundodelosnegocios.com.do\/v1\/wp-content\/uploads\/2021\/11\/0-6-696x297-2-696x463-1-300x199.jpg 300w, https:\/\/elmundodelosnegocios.com.do\/v1\/wp-content\/uploads\/2021\/11\/0-6-696x297-2-696x463-1-768x509.jpg 768w\" sizes=\"auto, (max-width: 999px) 100vw, 999px\" \/><\/a>\n\t\t\t<\/div><\/figure><figure class='gallery-item'>\n\t\t\t<div class='gallery-icon landscape'>\n\t\t\t\t<a href='https:\/\/elmundodelosnegocios.com.do\/v1\/wp-content\/uploads\/2021\/11\/0-7-696x297-2-696x463-1.jpg'><img loading=\"lazy\" decoding=\"async\" width=\"1000\" height=\"662\" src=\"https:\/\/elmundodelosnegocios.com.do\/v1\/wp-content\/uploads\/2021\/11\/0-7-696x297-2-696x463-1.jpg\" class=\"attachment-large size-large\" alt=\"\" srcset=\"https:\/\/elmundodelosnegocios.com.do\/v1\/wp-content\/uploads\/2021\/11\/0-7-696x297-2-696x463-1.jpg 1000w, https:\/\/elmundodelosnegocios.com.do\/v1\/wp-content\/uploads\/2021\/11\/0-7-696x297-2-696x463-1-300x199.jpg 300w, https:\/\/elmundodelosnegocios.com.do\/v1\/wp-content\/uploads\/2021\/11\/0-7-696x297-2-696x463-1-768x508.jpg 768w\" sizes=\"auto, (max-width: 1000px) 100vw, 1000px\" \/><\/a>\n\t\t\t<\/div><\/figure>\n\t\t<\/div>\n<br \/>\nLas especialistas aseguran que cualquier nivel y tipo de p\u00e9rdida de la audici\u00f3n afecta la vida cotidiana de quien los padece, provocando cambios en el car\u00e1cter y en su desarrollo social y laboral, que pueden generar aislamiento e incluso en depresi\u00f3n. <\/p>\n<p>Destacando que los avances tecnol\u00f3gicos en el campo de la audiolog\u00eda han sido clave para mejorar la calidad de vida de la poblaci\u00f3n hipoac\u00fasica, ya que -cada a\u00f1o- la comunidad cient\u00edfica o expertos en audiolog\u00eda hacen innovaciones a nivel de sonido, como pr\u00f3tesis auditivas o aud\u00edfonos, que ayudan a corregir la p\u00e9rdida auditiva con calidad.<\/p>\n<p>La fonoaudi\u00f3loga, con especialidad en audiolog\u00eda, Juliana Bejarano explic\u00f3 que, como las pr\u00f3tesis auditivas y los aud\u00edfonos lo que hacen es corregir las p\u00e9rdidas auditivas, Widex vive innovando al mejorar sus productos y crear nuevos para beneficiar a los pacientes.<\/p>\n<p>La especialista asegura que la multinacional Widex, representado en el pa\u00eds por Widex Dominicana, SRL est\u00e1 trabajando en el algoritmo Tru Acoustic, que permite encontrar cada vez m\u00e1s la precisi\u00f3n en la adaptaci\u00f3n del sonido para los hipoac\u00fasicos; as\u00ed como present\u00f3 la plataforma Moment, el primer aud\u00edfono recargable, a trav\u00e9s de una celda de ion-litio. Este es el m\u00e1s peque\u00f1o del mercado. Tiene la potencia necesaria para o\u00edr en cada momento.<\/p>\n<p>Sobre los servicios de Widex Dominicana, Victoria Acosta destac\u00f3 que ofrecen una gama completa de aud\u00edfonos para personas con deficiencia auditiva, proporcionando una mayor calidad de vida, con representaci\u00f3n exclusiva en el pa\u00eds de Widex Dinamarca; mientras que Acustia, centro audiol\u00f3gico dedicado a prevenir, detectar y ofrecer soluciones para la rehabilitaci\u00f3n de pacientes con dificultades auditivas, tiene siete tiendas a nivel nacional.<\/p>\n","protected":false},"excerpt":{"rendered":"<p>Widex Dominicana, SRL realiz\u00f3 una reuni\u00f3n de distribuidores de sus Centros Audiol\u00f3gicos Acustia, los cuales proveen en nuestro mercado los afamados aud\u00edfonos para personas hipoac\u00fasicas marca Widex. Esta reuni\u00f3n de&hellip; <\/p>\n","protected":false},"author":2,"featured_media":12262,"comment_status":"closed","ping_status":"closed","sticky":false,"template":"","format":"standard","meta":{"fifu_image_url":"","fifu_image_alt":"","footnotes":""},"categories":[80],"tags":[],"class_list":["post-12261","post","type-post","status-publish","format-standard","has-post-thumbnail","hentry","category-salud"],"_links":{"self":[{"href":"https:\/\/elmundodelosnegocios.com.do\/v1\/wp-json\/wp\/v2\/posts\/12261","targetHints":{"allow":["GET"]}}],"collection":[{"href":"https:\/\/elmundodelosnegocios.com.do\/v1\/wp-json\/wp\/v2\/posts"}],"about":[{"href":"https:\/\/elmundodelosnegocios.com.do\/v1\/wp-json\/wp\/v2\/types\/post"}],"author":[{"embeddable":true,"href":"https:\/\/elmundodelosnegocios.com.do\/v1\/wp-json\/wp\/v2\/users\/2"}],"replies":[{"embeddable":true,"href":"https:\/\/elmundodelosnegocios.com.do\/v1\/wp-json\/wp\/v2\/comments?post=12261"}],"version-history":[{"count":0,"href":"https:\/\/elmundodelosnegocios.com.do\/v1\/wp-json\/wp\/v2\/posts\/12261\/revisions"}],"wp:featuredmedia":[{"embeddable":true,"href":"https:\/\/elmundodelosnegocios.com.do\/v1\/wp-json\/wp\/v2\/media\/12262"}],"wp:attachment":[{"href":"https:\/\/elmundodelosnegocios.com.do\/v1\/wp-json\/wp\/v2\/media?parent=12261"}],"wp:term":[{"taxonomy":"category","embeddable":true,"href":"https:\/\/elmundodelosnegocios.com.do\/v1\/wp-json\/wp\/v2\/categories?post=12261"},{"taxonomy":"post_tag","embeddable":true,"href":"https:\/\/elmundodelosnegocios.com.do\/v1\/wp-json\/wp\/v2\/tags?post=12261"}],"curies":[{"name":"wp","href":"https:\/\/api.w.org\/{rel}","templated":true}]}}