{"id":12266,"date":"2021-11-12T11:23:06","date_gmt":"2021-11-12T15:53:06","guid":{"rendered":"http:\/\/elmundodelosnegocios.com.do\/v1\/?p=12266"},"modified":"2021-11-12T11:23:06","modified_gmt":"2021-11-12T15:53:06","slug":"formalizan-atlantic-motors-y-magna-motors-alianza-corporativa","status":"publish","type":"post","link":"https:\/\/elmundodelosnegocios.com.do\/v1\/formalizan-atlantic-motors-y-magna-motors-alianza-corporativa\/","title":{"rendered":"Formalizan Atlantic Motors y Magna Motors alianza corporativa"},"content":{"rendered":"<p>Punta Cana, La Altagracia, R.D. Noviembre  12, 2021.- Con la finalidad de ofrecer productos y servicios de calidad en la zona Este Atlantic Motors extendi\u00f3 una alianza estrat\u00e9gica a nivel corporativo que mantiene con Magna Motors desde el 2014 con su marca Hyundai agregando las prestigiosas marcas de veh\u00edculos BMW y MINI COOPER, la cual incluye un showroom para ventas de veh\u00edculos y un centro de servicio de garant\u00eda autorizado. <\/p>\n<p>Durante un encuentro realizado en sus instalaciones en Punta Cana, la empresa comparti\u00f3 con sus clientes del Este sus nuevos servicios.<br \/>\n<div id='gallery-1' class='gallery galleryid-12266 gallery-columns-4 gallery-size-large'><figure class='gallery-item'>\n\t\t\t<div class='gallery-icon landscape'>\n\t\t\t\t<a href='https:\/\/elmundodelosnegocios.com.do\/v1\/wp-content\/uploads\/2021\/11\/0-a-pc.jpg'><img loading=\"lazy\" decoding=\"async\" width=\"1000\" height=\"667\" src=\"https:\/\/elmundodelosnegocios.com.do\/v1\/wp-content\/uploads\/2021\/11\/0-a-pc.jpg\" class=\"attachment-large size-large\" alt=\"\" srcset=\"https:\/\/elmundodelosnegocios.com.do\/v1\/wp-content\/uploads\/2021\/11\/0-a-pc.jpg 1000w, https:\/\/elmundodelosnegocios.com.do\/v1\/wp-content\/uploads\/2021\/11\/0-a-pc-300x200.jpg 300w, https:\/\/elmundodelosnegocios.com.do\/v1\/wp-content\/uploads\/2021\/11\/0-a-pc-768x512.jpg 768w\" sizes=\"auto, (max-width: 1000px) 100vw, 1000px\" \/><\/a>\n\t\t\t<\/div><\/figure><figure class='gallery-item'>\n\t\t\t<div class='gallery-icon landscape'>\n\t\t\t\t<a href='https:\/\/elmundodelosnegocios.com.do\/v1\/wp-content\/uploads\/2021\/11\/0-b-pc.jpg'><img loading=\"lazy\" decoding=\"async\" width=\"1000\" height=\"667\" src=\"https:\/\/elmundodelosnegocios.com.do\/v1\/wp-content\/uploads\/2021\/11\/0-b-pc.jpg\" class=\"attachment-large size-large\" alt=\"\" srcset=\"https:\/\/elmundodelosnegocios.com.do\/v1\/wp-content\/uploads\/2021\/11\/0-b-pc.jpg 1000w, https:\/\/elmundodelosnegocios.com.do\/v1\/wp-content\/uploads\/2021\/11\/0-b-pc-300x200.jpg 300w, https:\/\/elmundodelosnegocios.com.do\/v1\/wp-content\/uploads\/2021\/11\/0-b-pc-768x512.jpg 768w\" sizes=\"auto, (max-width: 1000px) 100vw, 1000px\" \/><\/a>\n\t\t\t<\/div><\/figure><figure class='gallery-item'>\n\t\t\t<div class='gallery-icon landscape'>\n\t\t\t\t<a href='https:\/\/elmundodelosnegocios.com.do\/v1\/wp-content\/uploads\/2021\/11\/0-c-pc.jpg'><img loading=\"lazy\" decoding=\"async\" width=\"1000\" height=\"667\" src=\"https:\/\/elmundodelosnegocios.com.do\/v1\/wp-content\/uploads\/2021\/11\/0-c-pc.jpg\" class=\"attachment-large size-large\" alt=\"\" srcset=\"https:\/\/elmundodelosnegocios.com.do\/v1\/wp-content\/uploads\/2021\/11\/0-c-pc.jpg 1000w, https:\/\/elmundodelosnegocios.com.do\/v1\/wp-content\/uploads\/2021\/11\/0-c-pc-300x200.jpg 300w, https:\/\/elmundodelosnegocios.com.do\/v1\/wp-content\/uploads\/2021\/11\/0-c-pc-768x512.jpg 768w\" sizes=\"auto, (max-width: 1000px) 100vw, 1000px\" \/><\/a>\n\t\t\t<\/div><\/figure><figure class='gallery-item'>\n\t\t\t<div class='gallery-icon landscape'>\n\t\t\t\t<a href='https:\/\/elmundodelosnegocios.com.do\/v1\/wp-content\/uploads\/2021\/11\/0-d-pc.jpg'><img loading=\"lazy\" decoding=\"async\" width=\"999\" height=\"666\" src=\"https:\/\/elmundodelosnegocios.com.do\/v1\/wp-content\/uploads\/2021\/11\/0-d-pc.jpg\" class=\"attachment-large size-large\" alt=\"\" srcset=\"https:\/\/elmundodelosnegocios.com.do\/v1\/wp-content\/uploads\/2021\/11\/0-d-pc.jpg 999w, https:\/\/elmundodelosnegocios.com.do\/v1\/wp-content\/uploads\/2021\/11\/0-d-pc-300x200.jpg 300w, https:\/\/elmundodelosnegocios.com.do\/v1\/wp-content\/uploads\/2021\/11\/0-d-pc-768x512.jpg 768w\" sizes=\"auto, (max-width: 999px) 100vw, 999px\" \/><\/a>\n\t\t\t<\/div><\/figure>\n\t\t<\/div>\n<\/p>\n<p>\u201cNuestra misi\u00f3n es ofrecer a nuestros clientes soluciones y una experiencia r\u00e1pida satisfactoria, adecuada a sus necesidades. Nuestro principal objetivo es garantizar a nuestros clientes su inversi\u00f3n al momento de elegir nuestros productos\u201d, expres\u00f3 Juan Tom\u00e1s D\u00edaz Infante, CEO Atlantic Motors.<\/p>\n<p>Ivis Jim\u00e9nez, Gerente General de Atlantic Tires, agreg\u00f3 que \u201cen el 2010 iniciamos con la venta de neum\u00e1ticos y lubricantes, y en 2014 incursionamos en la venta de autom\u00f3viles, debido a la necesidad que en ese entonces ten\u00eda la Zona Este convirti\u00e9ndonos en una soluci\u00f3n con todos los servicios vehiculares, dom\u00e9sticos y corporativos para todo el Este\u201d. <\/p>\n<p>Por su parte, Elis Jim\u00e9nez, Director de Magna BMW, sostuvo que \u201cpara Magna siempre ha sido importante la expansi\u00f3n, dando f\u00e1cil acceso a sus servicios y productos a todos los clientes de la Zona Este sin tener que desplazarse a Santo Domingo para mantenimientos de garant\u00edas y otros servicios\u201d. <\/p>\n<p>Desde sus origines, Magna Motors se ha destacado en el mercado nacional por brindar un lujo y exclusividad a sus clientes, a trav\u00e9s de sus marcas BMW y MINI COOPER. <\/p>\n<p>Cabe destacar que BMW en sus or\u00edgenes (1910) inici\u00f3 como un taller de aviones, pero en 1944 es limitada a fabricar autom\u00f3viles y a apoyar al estado alem\u00e1n en la fabricaci\u00f3n de aviones para la segunda guerra mundial. Sin embargo, con el pasar de los a\u00f1os se ha expandido y crecido como grupo, tanto as\u00ed que desde el 2013 se embarca en una nueva era con la movilidad el\u00e9ctrica y como parte de una estrategia de sostenibilidad del grupo. <\/p>\n<p>En el 2020 lanza una nueva imagen de marca con su nuevo logo que busca representar la transparencia de la marca frente a sus clientes.<\/p>\n","protected":false},"excerpt":{"rendered":"<p>Punta Cana, La Altagracia, R.D. Noviembre 12, 2021.- Con la finalidad de ofrecer productos y servicios de calidad en la zona Este Atlantic Motors extendi\u00f3 una alianza estrat\u00e9gica a nivel&hellip; <\/p>\n","protected":false},"author":2,"featured_media":12268,"comment_status":"closed","ping_status":"closed","sticky":false,"template":"","format":"standard","meta":{"fifu_image_url":"","fifu_image_alt":"","footnotes":""},"categories":[167],"tags":[],"class_list":["post-12266","post","type-post","status-publish","format-standard","has-post-thumbnail","hentry","category-transporte"],"_links":{"self":[{"href":"https:\/\/elmundodelosnegocios.com.do\/v1\/wp-json\/wp\/v2\/posts\/12266","targetHints":{"allow":["GET"]}}],"collection":[{"href":"https:\/\/elmundodelosnegocios.com.do\/v1\/wp-json\/wp\/v2\/posts"}],"about":[{"href":"https:\/\/elmundodelosnegocios.com.do\/v1\/wp-json\/wp\/v2\/types\/post"}],"author":[{"embeddable":true,"href":"https:\/\/elmundodelosnegocios.com.do\/v1\/wp-json\/wp\/v2\/users\/2"}],"replies":[{"embeddable":true,"href":"https:\/\/elmundodelosnegocios.com.do\/v1\/wp-json\/wp\/v2\/comments?post=12266"}],"version-history":[{"count":0,"href":"https:\/\/elmundodelosnegocios.com.do\/v1\/wp-json\/wp\/v2\/posts\/12266\/revisions"}],"wp:featuredmedia":[{"embeddable":true,"href":"https:\/\/elmundodelosnegocios.com.do\/v1\/wp-json\/wp\/v2\/media\/12268"}],"wp:attachment":[{"href":"https:\/\/elmundodelosnegocios.com.do\/v1\/wp-json\/wp\/v2\/media?parent=12266"}],"wp:term":[{"taxonomy":"category","embeddable":true,"href":"https:\/\/elmundodelosnegocios.com.do\/v1\/wp-json\/wp\/v2\/categories?post=12266"},{"taxonomy":"post_tag","embeddable":true,"href":"https:\/\/elmundodelosnegocios.com.do\/v1\/wp-json\/wp\/v2\/tags?post=12266"}],"curies":[{"name":"wp","href":"https:\/\/api.w.org\/{rel}","templated":true}]}}