{"id":12289,"date":"2021-11-12T15:08:05","date_gmt":"2021-11-12T19:38:05","guid":{"rendered":"http:\/\/elmundodelosnegocios.com.do\/v1\/?p=12289"},"modified":"2021-11-12T15:08:05","modified_gmt":"2021-11-12T19:38:05","slug":"apoya-equipo-europa-gobierno-republica-dominicana-en-lucha-contra-covid-19","status":"publish","type":"post","link":"https:\/\/elmundodelosnegocios.com.do\/v1\/apoya-equipo-europa-gobierno-republica-dominicana-en-lucha-contra-covid-19\/","title":{"rendered":"Apoya Equipo Europa gobierno Rep\u00fablica Dominicana en lucha contra Covid-19"},"content":{"rendered":"<p>Equipo Europa lidera la respuesta mundial ante la pandemia de COVID-19, demostrando la solidaridad entre todos sus miembros y la eficacia en la ejecuci\u00f3n de proyectos en distintos sectores que impactan las vidas de cientos de miles de personas en todo el pa\u00eds. <\/p>\n<p>El Equipo Europa en la Rep\u00fablica Dominicana est\u00e1 conformado por la Uni\u00f3n Europea (UE) y sus Estados Miembros, las Agencias de Cooperaci\u00f3n y el Banco Europeo de Inversiones apoyan al pa\u00eds a trav\u00e9s de distintas iniciativas en la mitigaci\u00f3n del impacto de la pandemia y su recuperaci\u00f3n econ\u00f3mica.  <\/p>\n<p>Rep\u00fablica Dominicana como socio de la UE recibe apoyo en distintas \u00e1reas como  Educaci\u00f3n, Medio Ambiente, Salud, Reactivaci\u00f3n Econ\u00f3mica, Desarrollo Urbano e Inclusi\u00f3n Social, logrando con esto impactar en distintos \u00e1mbitos del desarrollo nacional.<br \/>\n<div id='gallery-1' class='gallery galleryid-12289 gallery-columns-3 gallery-size-large'><figure class='gallery-item'>\n\t\t\t<div class='gallery-icon landscape'>\n\t\t\t\t<a href='https:\/\/elmundodelosnegocios.com.do\/v1\/wp-content\/uploads\/2021\/11\/00a.jpg'><img loading=\"lazy\" decoding=\"async\" width=\"1024\" height=\"683\" src=\"https:\/\/elmundodelosnegocios.com.do\/v1\/wp-content\/uploads\/2021\/11\/00a-1024x683.jpg\" class=\"attachment-large size-large\" alt=\"\" srcset=\"https:\/\/elmundodelosnegocios.com.do\/v1\/wp-content\/uploads\/2021\/11\/00a-1024x683.jpg 1024w, https:\/\/elmundodelosnegocios.com.do\/v1\/wp-content\/uploads\/2021\/11\/00a-300x200.jpg 300w, https:\/\/elmundodelosnegocios.com.do\/v1\/wp-content\/uploads\/2021\/11\/00a-768x512.jpg 768w, https:\/\/elmundodelosnegocios.com.do\/v1\/wp-content\/uploads\/2021\/11\/00a-1536x1024.jpg 1536w, https:\/\/elmundodelosnegocios.com.do\/v1\/wp-content\/uploads\/2021\/11\/00a.jpg 1566w\" sizes=\"auto, (max-width: 1024px) 100vw, 1024px\" \/><\/a>\n\t\t\t<\/div><\/figure><figure class='gallery-item'>\n\t\t\t<div class='gallery-icon landscape'>\n\t\t\t\t<a href='https:\/\/elmundodelosnegocios.com.do\/v1\/wp-content\/uploads\/2021\/11\/00b.jpg'><img loading=\"lazy\" decoding=\"async\" width=\"1024\" height=\"683\" src=\"https:\/\/elmundodelosnegocios.com.do\/v1\/wp-content\/uploads\/2021\/11\/00b-1024x683.jpg\" class=\"attachment-large size-large\" alt=\"\" srcset=\"https:\/\/elmundodelosnegocios.com.do\/v1\/wp-content\/uploads\/2021\/11\/00b-1024x683.jpg 1024w, https:\/\/elmundodelosnegocios.com.do\/v1\/wp-content\/uploads\/2021\/11\/00b-300x200.jpg 300w, https:\/\/elmundodelosnegocios.com.do\/v1\/wp-content\/uploads\/2021\/11\/00b-768x512.jpg 768w, https:\/\/elmundodelosnegocios.com.do\/v1\/wp-content\/uploads\/2021\/11\/00b-1536x1024.jpg 1536w, https:\/\/elmundodelosnegocios.com.do\/v1\/wp-content\/uploads\/2021\/11\/00b.jpg 1680w\" sizes=\"auto, (max-width: 1024px) 100vw, 1024px\" \/><\/a>\n\t\t\t<\/div><\/figure><figure class='gallery-item'>\n\t\t\t<div class='gallery-icon landscape'>\n\t\t\t\t<a href='https:\/\/elmundodelosnegocios.com.do\/v1\/wp-content\/uploads\/2021\/11\/00c.jpg'><img loading=\"lazy\" decoding=\"async\" width=\"1024\" height=\"683\" src=\"https:\/\/elmundodelosnegocios.com.do\/v1\/wp-content\/uploads\/2021\/11\/00c-1024x683.jpg\" class=\"attachment-large size-large\" alt=\"\" srcset=\"https:\/\/elmundodelosnegocios.com.do\/v1\/wp-content\/uploads\/2021\/11\/00c-1024x683.jpg 1024w, https:\/\/elmundodelosnegocios.com.do\/v1\/wp-content\/uploads\/2021\/11\/00c-300x200.jpg 300w, https:\/\/elmundodelosnegocios.com.do\/v1\/wp-content\/uploads\/2021\/11\/00c-768x512.jpg 768w, https:\/\/elmundodelosnegocios.com.do\/v1\/wp-content\/uploads\/2021\/11\/00c-1536x1024.jpg 1536w, https:\/\/elmundodelosnegocios.com.do\/v1\/wp-content\/uploads\/2021\/11\/00c.jpg 1680w\" sizes=\"auto, (max-width: 1024px) 100vw, 1024px\" \/><\/a>\n\t\t\t<\/div><\/figure>\n\t\t<\/div>\n<\/p>\n<p>La amenaza del coronavirus no es solo de salud, tambi\u00e9n es econ\u00f3mica. Personas han perdido sus ingresos y por eso se han implementado iniciativas que aportan en la recuperaci\u00f3n econ\u00f3mica. Espa\u00f1a colabor\u00f3 con la Junta Agroempresarial Dominicana en un proyecto de ganader\u00eda y agricultura familiar, al igual que Italia que concentr\u00f3 sus esfuerzos en el sector agr\u00edcola. El Banco Europeo de Inversi\u00f3n junto al Banco de Ahorro y Cr\u00e9dito Adopem activ\u00f3 una cartera de cr\u00e9ditos dirigida principalmente a mipymes lideradas por mujeres.   <\/p>\n<p>En el sector salud se han realizado iniciativas para mitigar la pandemia; el plan de vacunaci\u00f3n a trav\u00e9s del mecanismo COVAX, con el que se busca garantizar el acceso justo y equitativo a las vacunas. Francia desarroll\u00f3 un proyecto piloto de vigilancia epidemiol\u00f3gica para mejorar la toma de decisiones p\u00fablicas en futuras crisis sanitarias y otro programa de pol\u00edticas p\u00fablicas y de asistencia t\u00e9cnica para fortalecer la resiliencia del sistema de salud y protecci\u00f3n social. <\/p>\n<p>Equipo Europa tambi\u00e9n trabaja en aras de la conservaci\u00f3n del medio ambiente y la lucha contra el cambio clim\u00e1tico. Alemania desarroll\u00f3 en el pa\u00eds un proyecto de transici\u00f3n energ\u00e9tica para fomentar el uso de energ\u00eda renovables y la reducci\u00f3n de riesgos ante desastres a trav\u00e9s de capacitaciones al personal del Sistema Integrado  Nacional de Informaci\u00f3n para la Gesti\u00f3n de Riesgos.  Pa\u00edses Bajos tambi\u00e9n se suma a los esfuerzos de una recuperaci\u00f3n m\u00e1s verde apoyando a la ciudad de Santo Domingo a fomentar m\u00e9todos de transporte sostenibles e impulsando las acciones que se llevan para rescatar el rio Ozama. <\/p>\n<p>Con estas acciones el Equipo Europa reafirma su compromiso con ayudar a la Rep\u00fablica Dominicana a recuperarse de la pandemia, y enfatizando que su labor no terminar\u00e1 aqu\u00ed. El Equipo Europa seguir\u00e1 implementando programas que ayuden en el desarrollo porque #JuntosSomosM\u00e1sFuertes.<\/p>\n","protected":false},"excerpt":{"rendered":"<p>Equipo Europa lidera la respuesta mundial ante la pandemia de COVID-19, demostrando la solidaridad entre todos sus miembros y la eficacia en la ejecuci\u00f3n de proyectos en distintos sectores que&hellip; <\/p>\n","protected":false},"author":2,"featured_media":12290,"comment_status":"closed","ping_status":"closed","sticky":false,"template":"","format":"standard","meta":{"fifu_image_url":"","fifu_image_alt":"","footnotes":""},"categories":[80],"tags":[],"class_list":["post-12289","post","type-post","status-publish","format-standard","has-post-thumbnail","hentry","category-salud"],"_links":{"self":[{"href":"https:\/\/elmundodelosnegocios.com.do\/v1\/wp-json\/wp\/v2\/posts\/12289","targetHints":{"allow":["GET"]}}],"collection":[{"href":"https:\/\/elmundodelosnegocios.com.do\/v1\/wp-json\/wp\/v2\/posts"}],"about":[{"href":"https:\/\/elmundodelosnegocios.com.do\/v1\/wp-json\/wp\/v2\/types\/post"}],"author":[{"embeddable":true,"href":"https:\/\/elmundodelosnegocios.com.do\/v1\/wp-json\/wp\/v2\/users\/2"}],"replies":[{"embeddable":true,"href":"https:\/\/elmundodelosnegocios.com.do\/v1\/wp-json\/wp\/v2\/comments?post=12289"}],"version-history":[{"count":0,"href":"https:\/\/elmundodelosnegocios.com.do\/v1\/wp-json\/wp\/v2\/posts\/12289\/revisions"}],"wp:featuredmedia":[{"embeddable":true,"href":"https:\/\/elmundodelosnegocios.com.do\/v1\/wp-json\/wp\/v2\/media\/12290"}],"wp:attachment":[{"href":"https:\/\/elmundodelosnegocios.com.do\/v1\/wp-json\/wp\/v2\/media?parent=12289"}],"wp:term":[{"taxonomy":"category","embeddable":true,"href":"https:\/\/elmundodelosnegocios.com.do\/v1\/wp-json\/wp\/v2\/categories?post=12289"},{"taxonomy":"post_tag","embeddable":true,"href":"https:\/\/elmundodelosnegocios.com.do\/v1\/wp-json\/wp\/v2\/tags?post=12289"}],"curies":[{"name":"wp","href":"https:\/\/api.w.org\/{rel}","templated":true}]}}