{"id":12778,"date":"2021-11-29T13:40:31","date_gmt":"2021-11-29T18:10:31","guid":{"rendered":"http:\/\/elmundodelosnegocios.com.do\/v1\/?p=12778"},"modified":"2021-11-29T13:40:31","modified_gmt":"2021-11-29T18:10:31","slug":"gobierno-anuncia-inversion-de-mas-de-rd10000-millones-en-infraestructuras-para-santiago","status":"publish","type":"post","link":"https:\/\/elmundodelosnegocios.com.do\/v1\/gobierno-anuncia-inversion-de-mas-de-rd10000-millones-en-infraestructuras-para-santiago\/","title":{"rendered":"Gobierno anuncia inversi\u00f3n de m\u00e1s de RD$10,000 millones en infraestructuras para Santiago"},"content":{"rendered":"<p>Santiago. -El ministro de Obras P\u00fablicas y Comunicaciones, Deligne Ascenci\u00f3n, anunci\u00f3 que el Gobierno, a trav\u00e9s de esta entidad, realizar\u00e1 un conjunto de obras de infraestructura en la provincia Santiago, por un monto superior a los 10,000 millones de pesos.<\/p>\n<p>Adelant\u00f3 que con la construcci\u00f3n de esas obras se pretende cambiar la fisonom\u00eda geogr\u00e1fica y dinamizar la econom\u00eda de la provincia Santiago, impactando as\u00ed de manera positiva la vida de todos sus habitantes.<\/p>\n<p>\u201cSi hici\u00e9ramos una sumatoria de las inversiones que a trav\u00e9s del Ministerio de Obras P\u00fablicas est\u00e1 realizando el Gobierno del presidente Luis Abinader, estar\u00edamos hablando de una inversi\u00f3n que sobrepasa los 10,000 millones de pesos. Lo que est\u00e1 pasando en Santiago transformar\u00e1 la conformaci\u00f3n de esta provincia y la colocar\u00e1 en el espacio y lugar que hace mucho tiempo debi\u00f3 haber estado\u201d, dijo.<\/p>\n<p>Ascenci\u00f3n pronunci\u00f3 el discurso central en el acto del primer palazo que dej\u00f3 iniciados los trabajos de reconstrucci\u00f3n de la avenida Francia, con una inversi\u00f3n de 20 millones de pesos, actividad encabezada por el presidente Abinader.<\/p>\n<p>En septiembre pasado, Abinader lanz\u00f3 el Proyecto Santiago 2025, con una inversi\u00f3n de m\u00e1s de 42,000 millones de pesos en cuatro a\u00f1os, que contempla una serie de importantes obras para la transformaci\u00f3n de dicha provincia. Esta es la iniciativa donde se enmarcan los trabajos en la avenida Francia, los cuales incluyen un \u00e1rea de 1.3 kil\u00f3metros, desde la Circunvalaci\u00f3n Norte de Santiago hasta la calle El Sol.<\/p>\n<p>Al dejar iniciados los trabajos, Ascenci\u00f3n dijo que estos forman parte del plan de accesibilidad y transformaci\u00f3n urbana que el gobierno del presidente Abinader ejecuta en la provincia Santiago, como parte integral del referido Proyecto Santiago 2025, anunciado por el mandatario.<\/p>\n<p>El ministro de Obras P\u00fablicas anunci\u00f3 que, conjuntamente con el inicio de los trabajos de reconstrucci\u00f3n de la avenida Francia, ser\u00e1n intervenidas las calles y avenidas de todos los barrios del municipio Santiago con un amplio plan de asfaltado y construcci\u00f3n de aceras y contenes, lo que dijo conlleva una inversi\u00f3n de 850 millones de pesos.<\/p>\n<p>Inform\u00f3 que, previo a estas intervenciones, el MOPC ha desarrollado trabajos importantes de reconstrucci\u00f3n de calles, asfaltado y bacheo en sectores como El Congo, Pueblo Nuevo, los ensanches Rom\u00e1n, Berm\u00fadez, Dolores, los barrios La Altagracia, Unidos por la Paz, 27 de Febrero, De Jes\u00fas Le\u00f3n, Villa Progreso, Los Maestros, Viejo Carril, La Rotonda, Hermanas Mirabal, Los Profesores y otros m\u00e1s.<\/p>\n<p>Al respecto se\u00f1al\u00f3 que ya en el municipio de Navarrete se han asfaltado la mayor\u00eda de sus calles y se han realizado otros trabajos de importancia.<\/p>\n<p>La gobernadora provincial, Rosa Santos, destac\u00f3 la importancia que reviste para los santiagueros la decisi\u00f3n del presidente Abinader, de instruir al ministro Ascenci\u00f3n para la reconstrucci\u00f3n de la avenida Francia. Destac\u00f3 que la intervenci\u00f3n que se inicia era un gran anhelo de los habitantes de Santiago, \u201cque se sent\u00edan abandonados por las autoridades anteriores\u201d.<\/p>\n<p>Las labores previas a realizar por el MOPC para la ejecuci\u00f3n de dicha obra incluyen estudio de mec\u00e1nica de suelos en todo el tramo de la v\u00eda, fresado y remoci\u00f3n de la capa de rodadura y de carpeta asf\u00e1ltica en tramo cr\u00edtico, el cual presenta ondulaciones y hundimientos. Luego se proceder\u00e1 a la colocaci\u00f3n de base y sub-base, imprimaci\u00f3n, asfaltado y se\u00f1alizaci\u00f3n horizontal y vertical. Tambi\u00e9n se har\u00e1 la reparaci\u00f3n de juntas en puente.<\/p>\n<p>Asistieron a la actividad el ministro administrativo de la Presidencia, Jos\u00e9 Ignacio Paliza; el presidente del Senado, Eduardo Estrella, tambi\u00e9n senador por la provincia Santiago; la gobernadora provincial, Rosa Santos; el empresario M\u00edcalo Berm\u00fadez, as\u00ed como Roberto Herrera, viceministro de MOPC, y el director regional Alexis Sosa.<\/p>\n","protected":false},"excerpt":{"rendered":"<p>Santiago. -El ministro de Obras P\u00fablicas y Comunicaciones, Deligne Ascenci\u00f3n, anunci\u00f3 que el Gobierno, a trav\u00e9s de esta entidad, realizar\u00e1 un conjunto de obras de infraestructura en la provincia Santiago,&hellip; <\/p>\n","protected":false},"author":2,"featured_media":12780,"comment_status":"closed","ping_status":"closed","sticky":false,"template":"","format":"standard","meta":{"fifu_image_url":"","fifu_image_alt":"","footnotes":""},"categories":[69],"tags":[],"class_list":["post-12778","post","type-post","status-publish","format-standard","has-post-thumbnail","hentry","category-construccion"],"_links":{"self":[{"href":"https:\/\/elmundodelosnegocios.com.do\/v1\/wp-json\/wp\/v2\/posts\/12778","targetHints":{"allow":["GET"]}}],"collection":[{"href":"https:\/\/elmundodelosnegocios.com.do\/v1\/wp-json\/wp\/v2\/posts"}],"about":[{"href":"https:\/\/elmundodelosnegocios.com.do\/v1\/wp-json\/wp\/v2\/types\/post"}],"author":[{"embeddable":true,"href":"https:\/\/elmundodelosnegocios.com.do\/v1\/wp-json\/wp\/v2\/users\/2"}],"replies":[{"embeddable":true,"href":"https:\/\/elmundodelosnegocios.com.do\/v1\/wp-json\/wp\/v2\/comments?post=12778"}],"version-history":[{"count":0,"href":"https:\/\/elmundodelosnegocios.com.do\/v1\/wp-json\/wp\/v2\/posts\/12778\/revisions"}],"wp:featuredmedia":[{"embeddable":true,"href":"https:\/\/elmundodelosnegocios.com.do\/v1\/wp-json\/wp\/v2\/media\/12780"}],"wp:attachment":[{"href":"https:\/\/elmundodelosnegocios.com.do\/v1\/wp-json\/wp\/v2\/media?parent=12778"}],"wp:term":[{"taxonomy":"category","embeddable":true,"href":"https:\/\/elmundodelosnegocios.com.do\/v1\/wp-json\/wp\/v2\/categories?post=12778"},{"taxonomy":"post_tag","embeddable":true,"href":"https:\/\/elmundodelosnegocios.com.do\/v1\/wp-json\/wp\/v2\/tags?post=12778"}],"curies":[{"name":"wp","href":"https:\/\/api.w.org\/{rel}","templated":true}]}}