{"id":12964,"date":"2021-12-05T20:22:18","date_gmt":"2021-12-06T00:52:18","guid":{"rendered":"http:\/\/elmundodelosnegocios.com.do\/v1\/?p=12964"},"modified":"2021-12-05T20:22:46","modified_gmt":"2021-12-06T00:52:46","slug":"participo-republica-dominicana-en-feria-art-basel","status":"publish","type":"post","link":"https:\/\/elmundodelosnegocios.com.do\/v1\/participo-republica-dominicana-en-feria-art-basel\/","title":{"rendered":"Particip\u00f3 Rep\u00fablica Dominicana en Feria Art Basel"},"content":{"rendered":"<p>Miami Beach, Fla. Diciembre 2021.- El Centro de Exportaci\u00f3n e Inversi\u00f3n de la Rep\u00fablica Dominicana (ProDominicana), resalt\u00f3 la representaci\u00f3n de la cultura dominicana en Miami Art Basel. La feria presenta galer\u00edas que permiten el acceso a una audiencia internacional de coleccionistas, directores de museos y conservadores.<\/p>\n<p>La feria internacional de arte contempor\u00e1neo m\u00e1s grande y completa de Am\u00e9rica del Norte, cuenta con m\u00e1s de 250 galer\u00edas de 36 pa\u00edses que exhiben obras de 4,000 artistas. Recibe m\u00e1s de 80,000 visitantes a Miami, desde artistas, coleccionistas y aficionados. Se ha convertido en el evento cultural m\u00e1s llamativo del calendario de Miami, al que asisten celebridades y creadores de tendencias.<br \/>\n<div id='gallery-1' class='gallery galleryid-12964 gallery-columns-2 gallery-size-large'><figure class='gallery-item'>\n\t\t\t<div class='gallery-icon landscape'>\n\t\t\t\t<a href='https:\/\/elmundodelosnegocios.com.do\/v1\/wp-content\/uploads\/2021\/12\/MG_3169-4.jpg'><img loading=\"lazy\" decoding=\"async\" width=\"1024\" height=\"683\" src=\"https:\/\/elmundodelosnegocios.com.do\/v1\/wp-content\/uploads\/2021\/12\/MG_3169-4-1024x683.jpg\" class=\"attachment-large size-large\" alt=\"\" srcset=\"https:\/\/elmundodelosnegocios.com.do\/v1\/wp-content\/uploads\/2021\/12\/MG_3169-4-1024x683.jpg 1024w, https:\/\/elmundodelosnegocios.com.do\/v1\/wp-content\/uploads\/2021\/12\/MG_3169-4-300x200.jpg 300w, https:\/\/elmundodelosnegocios.com.do\/v1\/wp-content\/uploads\/2021\/12\/MG_3169-4-768x512.jpg 768w, https:\/\/elmundodelosnegocios.com.do\/v1\/wp-content\/uploads\/2021\/12\/MG_3169-4-1536x1024.jpg 1536w, https:\/\/elmundodelosnegocios.com.do\/v1\/wp-content\/uploads\/2021\/12\/MG_3169-4.jpg 1792w\" sizes=\"auto, (max-width: 1024px) 100vw, 1024px\" \/><\/a>\n\t\t\t<\/div><\/figure><figure class='gallery-item'>\n\t\t\t<div class='gallery-icon landscape'>\n\t\t\t\t<a href='https:\/\/elmundodelosnegocios.com.do\/v1\/wp-content\/uploads\/2021\/12\/MG_4146-4.jpg'><img loading=\"lazy\" decoding=\"async\" width=\"1024\" height=\"683\" src=\"https:\/\/elmundodelosnegocios.com.do\/v1\/wp-content\/uploads\/2021\/12\/MG_4146-4-1024x683.jpg\" class=\"attachment-large size-large\" alt=\"\" srcset=\"https:\/\/elmundodelosnegocios.com.do\/v1\/wp-content\/uploads\/2021\/12\/MG_4146-4-1024x683.jpg 1024w, https:\/\/elmundodelosnegocios.com.do\/v1\/wp-content\/uploads\/2021\/12\/MG_4146-4-300x200.jpg 300w, https:\/\/elmundodelosnegocios.com.do\/v1\/wp-content\/uploads\/2021\/12\/MG_4146-4-768x512.jpg 768w, https:\/\/elmundodelosnegocios.com.do\/v1\/wp-content\/uploads\/2021\/12\/MG_4146-4-1536x1024.jpg 1536w, https:\/\/elmundodelosnegocios.com.do\/v1\/wp-content\/uploads\/2021\/12\/MG_4146-4.jpg 1792w\" sizes=\"auto, (max-width: 1024px) 100vw, 1024px\" \/><\/a>\n\t\t\t<\/div><\/figure>\n\t\t<\/div>\n<\/p>\n<p>La doctora Biviana Riveiro, Directora Ejecutiva de ProDominicana expres\u00f3 que: \u201cMiami se ha convertido en un destino art\u00edstico pr\u00f3spero, con una vibrante escena de galer\u00edas, museos de vanguardia y arte callejero de clase mundial. Art Basel ofrece una plataforma para exponer el talento de artistas y exportadores dominicanos a trav\u00e9s de galer\u00edas y eventos, permitiendo el acceso a una audiencia internacional.\u201d<\/p>\n<p>En esta edici\u00f3n, artistas dominicanos dijeron presente en la semana de Art Basel que se celebra en Miami del 2 al 5 de diciembre, con una exposici\u00f3n de obras de representantes dominicanos, como Michelle Urtecho, Laura Tosato, Patricio Correa, Juan Reyes, F\u00e9lix Suriel, entre otros. Asimismo, se destac\u00f3 la presencia de productos de la oferta exportable de los segmentos de bienestar, ron y tabaco.<\/p>\n<p>Cabe se\u00f1alar que Estados Unidos, es nuestro principal socio comercial y donde reside la mayor\u00eda de los dominicanos. El intercambio comercial entre ambos pa\u00edses para el per\u00edodo enero 2015-octubre 2021, fue de US$85,869.40 millones, siendo el 63% correspondientes a importaciones de bienes y el restante 37% a las exportaciones.<\/p>\n","protected":false},"excerpt":{"rendered":"<p>Miami Beach, Fla. Diciembre 2021.- El Centro de Exportaci\u00f3n e Inversi\u00f3n de la Rep\u00fablica Dominicana (ProDominicana), resalt\u00f3 la representaci\u00f3n de la cultura dominicana en Miami Art Basel. La feria presenta&hellip; <\/p>\n","protected":false},"author":2,"featured_media":12966,"comment_status":"closed","ping_status":"closed","sticky":false,"template":"","format":"standard","meta":{"fifu_image_url":"","fifu_image_alt":"","footnotes":""},"categories":[179],"tags":[],"class_list":["post-12964","post","type-post","status-publish","format-standard","has-post-thumbnail","hentry","category-arte"],"_links":{"self":[{"href":"https:\/\/elmundodelosnegocios.com.do\/v1\/wp-json\/wp\/v2\/posts\/12964","targetHints":{"allow":["GET"]}}],"collection":[{"href":"https:\/\/elmundodelosnegocios.com.do\/v1\/wp-json\/wp\/v2\/posts"}],"about":[{"href":"https:\/\/elmundodelosnegocios.com.do\/v1\/wp-json\/wp\/v2\/types\/post"}],"author":[{"embeddable":true,"href":"https:\/\/elmundodelosnegocios.com.do\/v1\/wp-json\/wp\/v2\/users\/2"}],"replies":[{"embeddable":true,"href":"https:\/\/elmundodelosnegocios.com.do\/v1\/wp-json\/wp\/v2\/comments?post=12964"}],"version-history":[{"count":0,"href":"https:\/\/elmundodelosnegocios.com.do\/v1\/wp-json\/wp\/v2\/posts\/12964\/revisions"}],"wp:featuredmedia":[{"embeddable":true,"href":"https:\/\/elmundodelosnegocios.com.do\/v1\/wp-json\/wp\/v2\/media\/12966"}],"wp:attachment":[{"href":"https:\/\/elmundodelosnegocios.com.do\/v1\/wp-json\/wp\/v2\/media?parent=12964"}],"wp:term":[{"taxonomy":"category","embeddable":true,"href":"https:\/\/elmundodelosnegocios.com.do\/v1\/wp-json\/wp\/v2\/categories?post=12964"},{"taxonomy":"post_tag","embeddable":true,"href":"https:\/\/elmundodelosnegocios.com.do\/v1\/wp-json\/wp\/v2\/tags?post=12964"}],"curies":[{"name":"wp","href":"https:\/\/api.w.org\/{rel}","templated":true}]}}