{"id":13270,"date":"2021-12-15T11:18:05","date_gmt":"2021-12-15T15:48:05","guid":{"rendered":"http:\/\/elmundodelosnegocios.com.do\/v1\/?p=13270"},"modified":"2021-12-15T11:18:05","modified_gmt":"2021-12-15T15:48:05","slug":"motiva-vicepresidenta-pena-industriales-promover-investigacion-e-innovacion-alianza-universidades","status":"publish","type":"post","link":"https:\/\/elmundodelosnegocios.com.do\/v1\/motiva-vicepresidenta-pena-industriales-promover-investigacion-e-innovacion-alianza-universidades\/","title":{"rendered":"Motiva Vicepresidenta Pe\u00f1a industriales promover investigaci\u00f3n e innovaci\u00f3n alianza universidades"},"content":{"rendered":"<p>Destaca resultados positivos de alianzas p\u00fablico-privadas impulsadas por el Gobierno, durante encuentro con la AIRD<\/p>\n<p>Santo Domingo, R.D.-La vicepresidenta de la Rep\u00fablica, Raquel Pe\u00f1a, inst\u00f3 al sector Industrial a promover la investigaci\u00f3n e innovaci\u00f3n, a trav\u00e9s de alianzas con las distintas universidades del pa\u00eds.<\/p>\n<p>Al participar en un conversatorio con la Asociaci\u00f3n de Industrias de la Rep\u00fablica Dominicana (AIRD), en la sede de la entidad empresarial, la vicemandataria plante\u00f3 la conformaci\u00f3n de mesas de trabajo integradas por representantes del sector, el Ministerio de Educaci\u00f3n Superior, Ciencia y Tecnolog\u00eda y las universidades, con la finalidad de seguir impulsando acciones innovadoras que contribuyan al desarrollo de la naci\u00f3n.<br \/>\n<div id='gallery-1' class='gallery galleryid-13270 gallery-columns-3 gallery-size-large'><figure class='gallery-item'>\n\t\t\t<div class='gallery-icon landscape'>\n\t\t\t\t<a href='https:\/\/elmundodelosnegocios.com.do\/v1\/wp-content\/uploads\/2021\/12\/000-1.jpeg'><img loading=\"lazy\" decoding=\"async\" width=\"1013\" height=\"619\" src=\"https:\/\/elmundodelosnegocios.com.do\/v1\/wp-content\/uploads\/2021\/12\/000-1.jpeg\" class=\"attachment-large size-large\" alt=\"\" srcset=\"https:\/\/elmundodelosnegocios.com.do\/v1\/wp-content\/uploads\/2021\/12\/000-1.jpeg 1013w, https:\/\/elmundodelosnegocios.com.do\/v1\/wp-content\/uploads\/2021\/12\/000-1-300x183.jpeg 300w, https:\/\/elmundodelosnegocios.com.do\/v1\/wp-content\/uploads\/2021\/12\/000-1-768x469.jpeg 768w\" sizes=\"auto, (max-width: 1013px) 100vw, 1013px\" \/><\/a>\n\t\t\t<\/div><\/figure><figure class='gallery-item'>\n\t\t\t<div class='gallery-icon landscape'>\n\t\t\t\t<a href='https:\/\/elmundodelosnegocios.com.do\/v1\/wp-content\/uploads\/2021\/12\/00000-FD-07-1-1.jpg'><img loading=\"lazy\" decoding=\"async\" width=\"1013\" height=\"676\" src=\"https:\/\/elmundodelosnegocios.com.do\/v1\/wp-content\/uploads\/2021\/12\/00000-FD-07-1-1.jpg\" class=\"attachment-large size-large\" alt=\"\" srcset=\"https:\/\/elmundodelosnegocios.com.do\/v1\/wp-content\/uploads\/2021\/12\/00000-FD-07-1-1.jpg 1013w, https:\/\/elmundodelosnegocios.com.do\/v1\/wp-content\/uploads\/2021\/12\/00000-FD-07-1-1-300x200.jpg 300w, https:\/\/elmundodelosnegocios.com.do\/v1\/wp-content\/uploads\/2021\/12\/00000-FD-07-1-1-768x513.jpg 768w\" sizes=\"auto, (max-width: 1013px) 100vw, 1013px\" \/><\/a>\n\t\t\t<\/div><\/figure><figure class='gallery-item'>\n\t\t\t<div class='gallery-icon landscape'>\n\t\t\t\t<a href='https:\/\/elmundodelosnegocios.com.do\/v1\/wp-content\/uploads\/2021\/12\/000-4.jpg'><img loading=\"lazy\" decoding=\"async\" width=\"1013\" height=\"675\" src=\"https:\/\/elmundodelosnegocios.com.do\/v1\/wp-content\/uploads\/2021\/12\/000-4.jpg\" class=\"attachment-large size-large\" alt=\"\" srcset=\"https:\/\/elmundodelosnegocios.com.do\/v1\/wp-content\/uploads\/2021\/12\/000-4.jpg 1013w, https:\/\/elmundodelosnegocios.com.do\/v1\/wp-content\/uploads\/2021\/12\/000-4-300x200.jpg 300w, https:\/\/elmundodelosnegocios.com.do\/v1\/wp-content\/uploads\/2021\/12\/000-4-768x512.jpg 768w\" sizes=\"auto, (max-width: 1013px) 100vw, 1013px\" \/><\/a>\n\t\t\t<\/div><\/figure>\n\t\t<\/div>\n<\/p>\n<p>\u201cTienen un gobierno que los apoya y por eso hay burocracia cero en cualquier tr\u00e1mite que necesiten, el objetivo de esta gesti\u00f3n que encabeza el presidente Luis Abinader es cambiar a la Rep\u00fablica Dominicana, seguir impulsando el sector productivo nacional, por eso les exhortamos a continuar invirtiendo en investigaci\u00f3n e innovaci\u00f3n en conjunto con las academias. El Gobierno seguir\u00e1 acompa\u00f1\u00e1ndolos en todas las iniciativas que ustedes emprendan como sector empresarial-industrial\u201d, expres\u00f3 Raquel Pe\u00f1a.<\/p>\n<p>La vicepresidenta, tambi\u00e9n indic\u00f3 que crear\u00e1n mesas de trabajos que integren al sector, para discutir lo concerniente al etiquetado frontal de los alimentos con advertencia nutricional, lo cual se traducir\u00e1 en una alimentaci\u00f3n m\u00e1s saludable para la poblaci\u00f3n dominicana.<\/p>\n<p>Asimismo, destac\u00f3 que la labor del Gabinete de Salud ha sido clave para la recuperaci\u00f3n econ\u00f3mica del pa\u00eds, resaltando el impacto positivo del Plan Nacional de Vacunaci\u00f3n Vac\u00fanate RD, contra el Covid-19.<\/p>\n<p>Mientras que, el presidente de la AIRD, Celso Marranzini, asegur\u00f3 que \u201cA pesar de la adversidad de la pandemia, la industria dominicana muestra hoy gran optimismo basado en la estabilidad econ\u00f3mica, la certidumbre y la institucionalidad\u201d.<\/p>\n<p>Marranzini asegur\u00f3 que el manejo de la pandemia ha sido clave para crear ese ambiente de confianza que existe en el pa\u00eds y para la reactivaci\u00f3n de la econom\u00eda dominicana.<\/p>\n<p>El presidente de la AIRD, adem\u00e1s present\u00f3 datos de indicadores positivos en el sector industrial, as\u00ed como las perspectivas de nuevas inversiones para el 2022.<\/p>\n<p>En el encuentro fueron tratados temas como el comportamiento de la econom\u00eda y el rol clave del sector privado en el crecimiento econ\u00f3mico, las diversas iniciativas de apoyo ante la situaci\u00f3n sanitaria, la necesidad de impulsar una alianza Gobierno-Universidad-Empresas para incrementar la productividad y la innovaci\u00f3n en el pa\u00eds.<\/p>\n<p>En la actividad participaron, el ministro de Industria, Comercio y Mipymes Victor- Ito-Bison\u00f3; Fantino Polanco, viceministro de Desarrollo Industrial, entre otros l\u00edderes empresariales.<\/p>\n","protected":false},"excerpt":{"rendered":"<p>Destaca resultados positivos de alianzas p\u00fablico-privadas impulsadas por el Gobierno, durante encuentro con la AIRD Santo Domingo, R.D.-La vicepresidenta de la Rep\u00fablica, Raquel Pe\u00f1a, inst\u00f3 al sector Industrial a promover&hellip; <\/p>\n","protected":false},"author":2,"featured_media":13273,"comment_status":"closed","ping_status":"closed","sticky":false,"template":"","format":"standard","meta":{"fifu_image_url":"","fifu_image_alt":"","footnotes":""},"categories":[151],"tags":[],"class_list":["post-13270","post","type-post","status-publish","format-standard","has-post-thumbnail","hentry","category-gerencia"],"_links":{"self":[{"href":"https:\/\/elmundodelosnegocios.com.do\/v1\/wp-json\/wp\/v2\/posts\/13270","targetHints":{"allow":["GET"]}}],"collection":[{"href":"https:\/\/elmundodelosnegocios.com.do\/v1\/wp-json\/wp\/v2\/posts"}],"about":[{"href":"https:\/\/elmundodelosnegocios.com.do\/v1\/wp-json\/wp\/v2\/types\/post"}],"author":[{"embeddable":true,"href":"https:\/\/elmundodelosnegocios.com.do\/v1\/wp-json\/wp\/v2\/users\/2"}],"replies":[{"embeddable":true,"href":"https:\/\/elmundodelosnegocios.com.do\/v1\/wp-json\/wp\/v2\/comments?post=13270"}],"version-history":[{"count":0,"href":"https:\/\/elmundodelosnegocios.com.do\/v1\/wp-json\/wp\/v2\/posts\/13270\/revisions"}],"wp:featuredmedia":[{"embeddable":true,"href":"https:\/\/elmundodelosnegocios.com.do\/v1\/wp-json\/wp\/v2\/media\/13273"}],"wp:attachment":[{"href":"https:\/\/elmundodelosnegocios.com.do\/v1\/wp-json\/wp\/v2\/media?parent=13270"}],"wp:term":[{"taxonomy":"category","embeddable":true,"href":"https:\/\/elmundodelosnegocios.com.do\/v1\/wp-json\/wp\/v2\/categories?post=13270"},{"taxonomy":"post_tag","embeddable":true,"href":"https:\/\/elmundodelosnegocios.com.do\/v1\/wp-json\/wp\/v2\/tags?post=13270"}],"curies":[{"name":"wp","href":"https:\/\/api.w.org\/{rel}","templated":true}]}}