{"id":13423,"date":"2021-12-20T10:15:53","date_gmt":"2021-12-20T14:45:53","guid":{"rendered":"http:\/\/elmundodelosnegocios.com.do\/v1\/?p=13423"},"modified":"2021-12-20T10:15:53","modified_gmt":"2021-12-20T14:45:53","slug":"firman-fedocamaras-y-airen-acuerdo-colaboracion-favor-pymes","status":"publish","type":"post","link":"https:\/\/elmundodelosnegocios.com.do\/v1\/firman-fedocamaras-y-airen-acuerdo-colaboracion-favor-pymes\/","title":{"rendered":"Firman Fedoc\u00e1maras y AIREN acuerdo colaboraci\u00f3n favor Pymes"},"content":{"rendered":"<p>Distrito Nacional. La Federaci\u00f3n Dominicana de C\u00e1maras de Comercio (Fedoc\u00e1maras) y la Asociaci\u00f3n de Industriales de la Regi\u00f3n Norte (AIREN), firmaron un acuerdo de cooperaci\u00f3n interinstitucional, con el objetivo de apoyar la implementaci\u00f3n de acciones conjuntas para un protocolo en favor de las Pymes de las regiones Sur, Este y Noroeste del pa\u00eds.<\/p>\n<p>El convenio fue rubricado por el presidente de Fedoc\u00e1maras, Manuel Luna Sued, y Juan Bautista Ventura Pichardo, presidente de la AIREN, y establece creaciones directas para el Centro de Desarrollo de las Empresas Familiares (CDEF), iniciativa auspiciada por el FOMIN-BID, que busca incentivar la continuidad y permanencia de las empresas familiares.<br \/>\n<a href=\"http:\/\/elmundodelosnegocios.com.do\/v1\/wp-content\/uploads\/2021\/12\/1.-Mnuel-Luna-Sued-yy-Juan-Bautista-Ventura-Pichardo..jpeg\"><img loading=\"lazy\" decoding=\"async\" src=\"http:\/\/elmundodelosnegocios.com.do\/v1\/wp-content\/uploads\/2021\/12\/1.-Mnuel-Luna-Sued-yy-Juan-Bautista-Ventura-Pichardo..jpeg\" alt=\"\" width=\"1280\" height=\"853\" class=\"aligncenter size-full wp-image-13425\" srcset=\"https:\/\/elmundodelosnegocios.com.do\/v1\/wp-content\/uploads\/2021\/12\/1.-Mnuel-Luna-Sued-yy-Juan-Bautista-Ventura-Pichardo..jpeg 1280w, https:\/\/elmundodelosnegocios.com.do\/v1\/wp-content\/uploads\/2021\/12\/1.-Mnuel-Luna-Sued-yy-Juan-Bautista-Ventura-Pichardo.-300x200.jpeg 300w, https:\/\/elmundodelosnegocios.com.do\/v1\/wp-content\/uploads\/2021\/12\/1.-Mnuel-Luna-Sued-yy-Juan-Bautista-Ventura-Pichardo.-1024x682.jpeg 1024w, https:\/\/elmundodelosnegocios.com.do\/v1\/wp-content\/uploads\/2021\/12\/1.-Mnuel-Luna-Sued-yy-Juan-Bautista-Ventura-Pichardo.-768x512.jpeg 768w\" sizes=\"auto, (max-width: 1280px) 100vw, 1280px\" \/><\/a><\/p>\n<p><a href=\"http:\/\/elmundodelosnegocios.com.do\/v1\/wp-content\/uploads\/2021\/12\/1.Mnuel-Luna-Sued-yy-Juan-Bautista-Ventura-Pichardo-mientras-firman-el-acuer.jpeg\"><img loading=\"lazy\" decoding=\"async\" src=\"http:\/\/elmundodelosnegocios.com.do\/v1\/wp-content\/uploads\/2021\/12\/1.Mnuel-Luna-Sued-yy-Juan-Bautista-Ventura-Pichardo-mientras-firman-el-acuer.jpeg\" alt=\"\" width=\"1280\" height=\"853\" class=\"aligncenter size-full wp-image-13426\" srcset=\"https:\/\/elmundodelosnegocios.com.do\/v1\/wp-content\/uploads\/2021\/12\/1.Mnuel-Luna-Sued-yy-Juan-Bautista-Ventura-Pichardo-mientras-firman-el-acuer.jpeg 1280w, https:\/\/elmundodelosnegocios.com.do\/v1\/wp-content\/uploads\/2021\/12\/1.Mnuel-Luna-Sued-yy-Juan-Bautista-Ventura-Pichardo-mientras-firman-el-acuer-300x200.jpeg 300w, https:\/\/elmundodelosnegocios.com.do\/v1\/wp-content\/uploads\/2021\/12\/1.Mnuel-Luna-Sued-yy-Juan-Bautista-Ventura-Pichardo-mientras-firman-el-acuer-1024x682.jpeg 1024w, https:\/\/elmundodelosnegocios.com.do\/v1\/wp-content\/uploads\/2021\/12\/1.Mnuel-Luna-Sued-yy-Juan-Bautista-Ventura-Pichardo-mientras-firman-el-acuer-768x512.jpeg 768w\" sizes=\"auto, (max-width: 1280px) 100vw, 1280px\" \/><\/a><\/p>\n<p>\u201cEl objetivo principal de este acuerdo consiste en el apoyo directo de la Federaci\u00f3n Dominicana de C\u00e1maras de Comercio (FEDOC\u00c1MARAS) al Centro de Desarrollo de las Empresas Familiares (CDEF), de la Asociaci\u00f3n de Industrias de la Regi\u00f3n Norte (AIREN) y su proyecto de implantaci\u00f3n de un protocolo en Pymes en las regiones Sur, Este y Noroeste, auspiciado por el FOMIN-BID\u201d, rese\u00f1\u00f3 Luna Sued, tras la firma del documento.<\/p>\n<p>De su lado, el presindente de la AIREN, Ventura Pichardo valor\u00f3 de manera positiva la firma de este convenio, destacando que permitir\u00e1 desarrollar seminarios y difundir las ventajas del Proyecto para las Pymes dominicanas.<\/p>\n<p>En el acto estuvieron tambi\u00e9n presentes los se\u00f1ores Carlos Iglesias, presidente de la C\u00e1mara de Comercio de Santiago de los Caballeros; Francisco Caro, presidente de la C\u00e1mara de Comercio de la Provincia de Santo Domingo. La firma del acuerdo, se realiz\u00f3 en el marco de la reuni\u00f3n anual de la Junta Directiva de Fedoc\u00e1maras.<\/p>\n","protected":false},"excerpt":{"rendered":"<p>Distrito Nacional. La Federaci\u00f3n Dominicana de C\u00e1maras de Comercio (Fedoc\u00e1maras) y la Asociaci\u00f3n de Industriales de la Regi\u00f3n Norte (AIREN), firmaron un acuerdo de cooperaci\u00f3n interinstitucional, con el objetivo de&hellip; <\/p>\n","protected":false},"author":2,"featured_media":13425,"comment_status":"closed","ping_status":"closed","sticky":false,"template":"","format":"standard","meta":{"fifu_image_url":"","fifu_image_alt":"","footnotes":""},"categories":[247],"tags":[],"class_list":["post-13423","post","type-post","status-publish","format-standard","has-post-thumbnail","hentry","category-organizaciones"],"_links":{"self":[{"href":"https:\/\/elmundodelosnegocios.com.do\/v1\/wp-json\/wp\/v2\/posts\/13423","targetHints":{"allow":["GET"]}}],"collection":[{"href":"https:\/\/elmundodelosnegocios.com.do\/v1\/wp-json\/wp\/v2\/posts"}],"about":[{"href":"https:\/\/elmundodelosnegocios.com.do\/v1\/wp-json\/wp\/v2\/types\/post"}],"author":[{"embeddable":true,"href":"https:\/\/elmundodelosnegocios.com.do\/v1\/wp-json\/wp\/v2\/users\/2"}],"replies":[{"embeddable":true,"href":"https:\/\/elmundodelosnegocios.com.do\/v1\/wp-json\/wp\/v2\/comments?post=13423"}],"version-history":[{"count":0,"href":"https:\/\/elmundodelosnegocios.com.do\/v1\/wp-json\/wp\/v2\/posts\/13423\/revisions"}],"wp:featuredmedia":[{"embeddable":true,"href":"https:\/\/elmundodelosnegocios.com.do\/v1\/wp-json\/wp\/v2\/media\/13425"}],"wp:attachment":[{"href":"https:\/\/elmundodelosnegocios.com.do\/v1\/wp-json\/wp\/v2\/media?parent=13423"}],"wp:term":[{"taxonomy":"category","embeddable":true,"href":"https:\/\/elmundodelosnegocios.com.do\/v1\/wp-json\/wp\/v2\/categories?post=13423"},{"taxonomy":"post_tag","embeddable":true,"href":"https:\/\/elmundodelosnegocios.com.do\/v1\/wp-json\/wp\/v2\/tags?post=13423"}],"curies":[{"name":"wp","href":"https:\/\/api.w.org\/{rel}","templated":true}]}}