{"id":13464,"date":"2021-12-20T07:11:00","date_gmt":"2021-12-20T11:41:00","guid":{"rendered":"http:\/\/elmundodelosnegocios.com.do\/v1\/?p=13464"},"modified":"2021-12-22T07:14:34","modified_gmt":"2021-12-22T11:44:34","slug":"gobernador-valdez-albizu-recibe-a-la-asociacion-de-navieros-y-pasan-revista-a-la-economia-y-a-los-avances-del-sector","status":"publish","type":"post","link":"https:\/\/elmundodelosnegocios.com.do\/v1\/gobernador-valdez-albizu-recibe-a-la-asociacion-de-navieros-y-pasan-revista-a-la-economia-y-a-los-avances-del-sector\/","title":{"rendered":"Gobernador Valdez Albizu recibe a la Asociaci\u00f3n de Navieros y pasan revista a la econom\u00eda y a los avances del sector"},"content":{"rendered":"<p>Santo Domingo, Rep\u00fablica Dominicana. El Banco Central de la Rep\u00fablica Dominicana (BCRD) y la Asociaci\u00f3n de Navieros de la Rep\u00fablica Dominicana (ANRD) pasaron revista a la econom\u00eda y a los avances del sector naviero, durante una reuni\u00f3n encabezada por el gobernador, H\u00e9ctor Valdez Albizu, y el presidente de dicha asociaci\u00f3n, Teddy Heinsen.<\/p>\n<p>Durante el encuentro, celebrado en el Banco Central, Heinsen destac\u00f3 que la estabilidad macroecon\u00f3mica ha permitido que, a pesar de la pandemia y las dificultades de transporte y log\u00edstica a nivel mundial, el sector naviero dominicano haya podido operar con resultados positivos.<\/p>\n<p>Se\u00f1al\u00f3 que, fruto de la certidumbre y la confianza que exhibe el pa\u00eds, se ha registrado un alto dinamismo en los principales puertos dominicanos, tanto a nivel de importaciones como de exportaciones.<\/p>\n<p>Consider\u00f3 que, por las condiciones econ\u00f3micas favorables y una ubicaci\u00f3n geogr\u00e1fica privilegiada, Rep\u00fablica Dominicana est\u00e1 preparada para convertirse en un gran HUB log\u00edstico del Caribe, con puertos de clase mundial, equipos de \u00faltima tecnolog\u00eda, recursos humanos capacitados y sobre todo, seguridad jur\u00eddica y un clima de paz social.<\/p>\n<p>Heinsen aprovech\u00f3 el encuentro para solicitar a Valdez Albizu la colaboraci\u00f3n del Banco Central para poder disponer de estad\u00edsticas m\u00e1s detalladas sobre el aporte al producto interno bruto (PIB) de la log\u00edstica de carga y transporte, incluyendo los servicios de dep\u00f3sito y almacenaje, que los ayude a planificar mejor sus inversiones y la expansi\u00f3n de operaciones.<\/p>\n<p>Ante esta petici\u00f3n, el gobernador prometi\u00f3 atender la solicitud de lograr una mayor desagregaci\u00f3n en la presentaci\u00f3n de los resultados de la actividad transporte y almacenamiento, que actualmente representa un 8.3 % del PIB, en sus diversos componentes, como son los servicios de transporte terrestre de pasajeros, transporte terrestre de carga y servicios de apoyo log\u00edstico incluyendo el almacenamiento y manejo de mercanc\u00edas, entre otros.<\/p>\n<p>Valdez Albizu puntualiz\u00f3 que el momento es id\u00f3neo ya que actualmente el departamento de Cuentas Nacionales y Estad\u00edsticas Econ\u00f3micas del BCRD se encuentra trabajando en el cambio de a\u00f1o de referencia de las cuentas naciones, donde se produce un exhaustivo operativo estad\u00edstico para mejorar la cobertura y precisi\u00f3n de las estimaciones del producto interno bruto.<\/p>\n<p>Agreg\u00f3 que con la colaboraci\u00f3n Asociaci\u00f3n de Navieros de la Rep\u00fablica Dominicana y la Direcci\u00f3n General de Aduanas (DGA) se podr\u00eda trabajar en un estudio pormenorizado de cada una de las etapas en los servicios de la cadena log\u00edstica y los eslabonamientos e interacciones de la actividad trasporte y almacenamiento con el resto de las actividades econ\u00f3micas, en especial con la manufactura local y de zonas francas, lo cual constituye uno pasos previos m\u00e1s importantes requeridos para la elaboraci\u00f3n de una cuenta sat\u00e9lite.<\/p>\n<p>El gobernador Valdez Albizu felicit\u00f3 a la directiva de la ANRN por sus logros institucionales y su contribuci\u00f3n a la recuperaci\u00f3n econ\u00f3mica del pa\u00eds a trav\u00e9s de una actividad de vital importancia como el transporte y almacenaje de mercanc\u00edas. Reiter\u00f3 que la econom\u00eda dominicana marcha por buen camino e inform\u00f3 que todo apunta a que el pa\u00eds cierre el a\u00f1o 2021 con un crecimiento en torno a 11 %, uno de los m\u00e1s altos de Am\u00e9rica Latina.<\/p>\n<p>Record\u00f3 que el BCRD y la Junta Monetaria han tomado acciones puntuales para contribuir con la reactivaci\u00f3n econ\u00f3mica durante la pandemia, citando entre ellas las facilidades por RD$215 mil millones de pesos que favorecieron a m\u00e1s de 95 mil sujetos de cr\u00e9dito, entre ellos, grandes empresas, mediados y peque\u00f1os negocios y personas f\u00edsicas.<\/p>\n<p>Asimismo, mencion\u00f3 la reducci\u00f3n de las tasas de inter\u00e9s y la estabilidad del tipo de cambio, como factores que aportaron a la dinamizaci\u00f3n de los distintos sectores productivos del pa\u00eds.<\/p>\n<p>Valdez Albizu destac\u00f3 que el pa\u00eds ha logrado a octubre reservas internacionales por m\u00e1s de RD$12,500 millones de d\u00f3lares, equivalentes a 6.3 meses de importaciones y 13.4 % del PIB, por encima de las m\u00e9tricas de tres meses de importaciones y 10 % del PIB sugeridas por el Fondo Monetario Internacional. \u201cEsto fortalece los fundamentos de la econom\u00eda dominicana\u201d, afirm\u00f3 el gobernador.<\/p>\n<p>Resalt\u00f3 el gran trabajo realizado por el gobierno del presidente Luis Abinader, especialmente en la exitosa gesti\u00f3n de salud para enfrentar la pandemia, la recuperaci\u00f3n del empleo y el dinamismo del sector turismo.<\/p>\n<p>En la reuni\u00f3n, acompa\u00f1aron al se\u00f1or Heinsen, la vicepresidenta ejecutiva de la ANRD, Odile Mini\u00f1o, Alexander Schad y Jaak Rannik, vicepresidentes, Gustavo Tavares pasado presidente, y Erik Alma, Gabriel Rodr\u00edguez y Ram\u00f3n Bad\u00eda, vocales.<\/p>\n<p>Por el BCRD, estuvieron presentes la vicegobernadora, Clarissa de la Rocha de Torres; el asesor de la Gobernaci\u00f3n, Julio And\u00fajar; el subgerente de Cuentas Nacionales, Ram\u00f3n Gonz\u00e1lez; el director de Programaci\u00f3n Monetaria, Joel Gonz\u00e1lez y la consultora del departamento Internacional, Carmen Luc\u00eda S\u00e1nchez.<\/p>\n","protected":false},"excerpt":{"rendered":"<p>Santo Domingo, Rep\u00fablica Dominicana. El Banco Central de la Rep\u00fablica Dominicana (BCRD) y la Asociaci\u00f3n de Navieros de la Rep\u00fablica Dominicana (ANRD) pasaron revista a la econom\u00eda y a los&hellip; <\/p>\n","protected":false},"author":2,"featured_media":13466,"comment_status":"closed","ping_status":"closed","sticky":false,"template":"","format":"standard","meta":{"fifu_image_url":"","fifu_image_alt":"","footnotes":""},"categories":[147],"tags":[],"class_list":["post-13464","post","type-post","status-publish","format-standard","has-post-thumbnail","hentry","category-comercio"],"_links":{"self":[{"href":"https:\/\/elmundodelosnegocios.com.do\/v1\/wp-json\/wp\/v2\/posts\/13464","targetHints":{"allow":["GET"]}}],"collection":[{"href":"https:\/\/elmundodelosnegocios.com.do\/v1\/wp-json\/wp\/v2\/posts"}],"about":[{"href":"https:\/\/elmundodelosnegocios.com.do\/v1\/wp-json\/wp\/v2\/types\/post"}],"author":[{"embeddable":true,"href":"https:\/\/elmundodelosnegocios.com.do\/v1\/wp-json\/wp\/v2\/users\/2"}],"replies":[{"embeddable":true,"href":"https:\/\/elmundodelosnegocios.com.do\/v1\/wp-json\/wp\/v2\/comments?post=13464"}],"version-history":[{"count":0,"href":"https:\/\/elmundodelosnegocios.com.do\/v1\/wp-json\/wp\/v2\/posts\/13464\/revisions"}],"wp:featuredmedia":[{"embeddable":true,"href":"https:\/\/elmundodelosnegocios.com.do\/v1\/wp-json\/wp\/v2\/media\/13466"}],"wp:attachment":[{"href":"https:\/\/elmundodelosnegocios.com.do\/v1\/wp-json\/wp\/v2\/media?parent=13464"}],"wp:term":[{"taxonomy":"category","embeddable":true,"href":"https:\/\/elmundodelosnegocios.com.do\/v1\/wp-json\/wp\/v2\/categories?post=13464"},{"taxonomy":"post_tag","embeddable":true,"href":"https:\/\/elmundodelosnegocios.com.do\/v1\/wp-json\/wp\/v2\/tags?post=13464"}],"curies":[{"name":"wp","href":"https:\/\/api.w.org\/{rel}","templated":true}]}}