{"id":14211,"date":"2022-01-28T14:48:36","date_gmt":"2022-01-28T19:18:36","guid":{"rendered":"http:\/\/elmundodelosnegocios.com.do\/v1\/?p=14211"},"modified":"2022-01-28T14:48:36","modified_gmt":"2022-01-28T19:18:36","slug":"nueva-embajada-incrementaria-relaciones-con-india","status":"publish","type":"post","link":"https:\/\/elmundodelosnegocios.com.do\/v1\/nueva-embajada-incrementaria-relaciones-con-india\/","title":{"rendered":"Nueva embajada incrementar\u00eda relaciones con India"},"content":{"rendered":"<p>Santo Domingo, RD. Enero 28, 2022.- El presidente de la Mesa Redonda de los Pa\u00edses de la Mancomunidad de la Rep\u00fablica Dominicana, Fernando Gonz\u00e1lez Nicol\u00e1s, valor\u00f3 como muy positiva la apertura de la embajada de la India en Santo Domingo, naci\u00f3n a la que se exportaron en el 2021 unos 665 millones de d\u00f3lares, mayormente de minerales como el oro.<\/p>\n<p>Gonz\u00e1lez Nicolas, quien fue el primer c\u00f3nsul general de la India en el pa\u00eds, destac\u00f3 que esta nueva sede diplom\u00e1tica contribuir\u00e1 a atraer m\u00e1s inversiones procedentes de esa naci\u00f3n, y a dinamizar el volumen de negocios que han mantenido los dos estados, especialmente en el sector de la miner\u00eda.<\/p>\n<p>A\u00f1adi\u00f3 que la India es un pa\u00eds que pertenece a la Mancomunidad y es la democracia m\u00e1s grande del mundo, y que se convirti\u00f3 en uno de los principales socios comerciales que tiene Rep\u00fablica Dominicana, debido al significativo volumen del intercambio comercial entre ambos pa\u00edses.<\/p>\n<p>Las declaraciones del presidente de la Mesa de la Mancomunidad fueron externadas mientras participaba en la celebraci\u00f3n del 73 aniversario de la Rep\u00fablica de la India, efectuada en el Jard\u00edn Bot\u00e1nico Nacional.<\/p>\n<p>En el evento, el nuevo encargado de negocios de la embajada de la India, Arup Kumar Saha, tuvo a su cargo la lectura del mensaje del presidente de la India, por motivo de esa ocasi\u00f3n especial.<\/p>\n<p>Asistieron, adem\u00e1s, Antonio Lama, c\u00f3nsul de India; Dharmendra Basita, presidente de la C\u00e1mara de Comercio de la India en la Rep\u00fablica Dominicana; Campos de Moya, ex c\u00f3nsul de la India, entre otros empresarios e invitados especiales.<\/p>\n","protected":false},"excerpt":{"rendered":"<p>Santo Domingo, RD. Enero 28, 2022.- El presidente de la Mesa Redonda de los Pa\u00edses de la Mancomunidad de la Rep\u00fablica Dominicana, Fernando Gonz\u00e1lez Nicol\u00e1s, valor\u00f3 como muy positiva la&hellip; <\/p>\n","protected":false},"author":2,"featured_media":14212,"comment_status":"closed","ping_status":"closed","sticky":false,"template":"","format":"standard","meta":{"fifu_image_url":"","fifu_image_alt":"","footnotes":""},"categories":[74],"tags":[],"class_list":["post-14211","post","type-post","status-publish","format-standard","has-post-thumbnail","hentry","category-comercio-internacional"],"_links":{"self":[{"href":"https:\/\/elmundodelosnegocios.com.do\/v1\/wp-json\/wp\/v2\/posts\/14211","targetHints":{"allow":["GET"]}}],"collection":[{"href":"https:\/\/elmundodelosnegocios.com.do\/v1\/wp-json\/wp\/v2\/posts"}],"about":[{"href":"https:\/\/elmundodelosnegocios.com.do\/v1\/wp-json\/wp\/v2\/types\/post"}],"author":[{"embeddable":true,"href":"https:\/\/elmundodelosnegocios.com.do\/v1\/wp-json\/wp\/v2\/users\/2"}],"replies":[{"embeddable":true,"href":"https:\/\/elmundodelosnegocios.com.do\/v1\/wp-json\/wp\/v2\/comments?post=14211"}],"version-history":[{"count":0,"href":"https:\/\/elmundodelosnegocios.com.do\/v1\/wp-json\/wp\/v2\/posts\/14211\/revisions"}],"wp:featuredmedia":[{"embeddable":true,"href":"https:\/\/elmundodelosnegocios.com.do\/v1\/wp-json\/wp\/v2\/media\/14212"}],"wp:attachment":[{"href":"https:\/\/elmundodelosnegocios.com.do\/v1\/wp-json\/wp\/v2\/media?parent=14211"}],"wp:term":[{"taxonomy":"category","embeddable":true,"href":"https:\/\/elmundodelosnegocios.com.do\/v1\/wp-json\/wp\/v2\/categories?post=14211"},{"taxonomy":"post_tag","embeddable":true,"href":"https:\/\/elmundodelosnegocios.com.do\/v1\/wp-json\/wp\/v2\/tags?post=14211"}],"curies":[{"name":"wp","href":"https:\/\/api.w.org\/{rel}","templated":true}]}}