{"id":14874,"date":"2022-02-24T10:58:17","date_gmt":"2022-02-24T15:28:17","guid":{"rendered":"http:\/\/elmundodelosnegocios.com.do\/v1\/?p=14874"},"modified":"2022-02-24T10:58:17","modified_gmt":"2022-02-24T15:28:17","slug":"avanzan-instituciones-desarrollo-gobierno-digital","status":"publish","type":"post","link":"https:\/\/elmundodelosnegocios.com.do\/v1\/avanzan-instituciones-desarrollo-gobierno-digital\/","title":{"rendered":"Avanzan instituciones desarrollo Gobierno Digital"},"content":{"rendered":"<p>SANTO DOMINGO, R.D. Febrero 2022.- El establecimiento de un sistema integral para el dise\u00f1o y desarrollo de servicios digitales, la creaci\u00f3n de una plataforma \u00fanica de interoperabilidad para el Estado y de plataformas para servicios de salud y migraci\u00f3n, as\u00ed como una aplicaci\u00f3n para la gesti\u00f3n de denuncias de seguridad ciudadana, son algunos de los proyectos en los que avanzan las instituciones p\u00fablicas que integran la mesa de Gobierno Digital, en el marco de la Agenda Digital 2030. <\/p>\n<p>Tambi\u00e9n, en el desarrollo de sistemas de identidad digital, con miras a implantar una plataforma \u00fanica de identificaci\u00f3n y autenticaci\u00f3n del ciudadano, la implementaci\u00f3n de porta firmas y la expansi\u00f3n de la firma digital en el Estado dominicano, entre otros. <\/p>\n<p>As\u00ed lo informaron el titular del Ministerio de Administraci\u00f3n P\u00fablica (MAP), Dar\u00edo Castillo Lugo, el viceministro de Agenda Digital del Ministerio de la Presidencia (MINPRE), Jos\u00e9 David Montilla, y el director de la Oficina Gubernamental de Tecnolog\u00edas de la Informaci\u00f3n y Comunicaci\u00f3n (OGTIC), Pedro Quezada, durante una reuni\u00f3n de seguimiento a los avances del eje de Gobierno Digital y la ruta cr\u00edtica para este a\u00f1o 2022. <\/p>\n<p>Participaron, adem\u00e1s, el director ejecutivo del Consejo Nacional de Competitividad y del Programa Burocracia Cero, Peter Prazmowski, y el rector del Instituto Tecnol\u00f3gico de las Am\u00e9ricas (ITLA), Omar M\u00e9ndez, entre otros funcionarios y t\u00e9cnicos. <\/p>\n<p>El encuentro se realiz\u00f3 en las instalaciones del MAP, instituci\u00f3n que coordina la mesa de Gobierno Digital, donde los participantes trataron, adem\u00e1s, sobre los comit\u00e9s de trabajo para la propuesta de gobierno abierto y datos abiertos, el flujograma del proceso de revisi\u00f3n de compras de tecnolog\u00edas de la informaci\u00f3n y comunicaci\u00f3n (TIC), y los avances en el desarrollo del Sistema Integrado de Gesti\u00f3n Institucional (SIGEI), entre otros temas. <\/p>\n<p>Uno de los retos del Gobierno Digital es el fortalecimiento de la infraestructura digital p\u00fablica que sustenta las operaciones de los sistemas de informaci\u00f3n y las aplicaciones cr\u00edticas de las instituciones p\u00fablicas, para lo cual se necesita ampliar las capacidades del Data Center del Estado y las redes de conectividad gubernamental. <\/p>\n<p>El Gobierno Digital busca lograr la eficiencia y transparencia de la Administraci\u00f3n P\u00fablica mediante el uso y adopci\u00f3n de las tecnolog\u00edas digitales, acercando cada vez m\u00e1s el Estado a la ciudadan\u00eda para mejorar su calidad de vida. <\/p>\n<p>Se enmarca en las reformas de Transformaci\u00f3n Digital y de Administraci\u00f3n P\u00fablica, impulsadas por el presidente Luis Abinader, y el programa Burocracia Cero.-.<\/p>\n","protected":false},"excerpt":{"rendered":"<p>SANTO DOMINGO, R.D. Febrero 2022.- El establecimiento de un sistema integral para el dise\u00f1o y desarrollo de servicios digitales, la creaci\u00f3n de una plataforma \u00fanica de interoperabilidad para el Estado&hellip; <\/p>\n","protected":false},"author":2,"featured_media":14875,"comment_status":"closed","ping_status":"closed","sticky":false,"template":"","format":"standard","meta":{"fifu_image_url":"","fifu_image_alt":"","footnotes":""},"categories":[166],"tags":[],"class_list":["post-14874","post","type-post","status-publish","format-standard","has-post-thumbnail","hentry","category-tecnologia"],"_links":{"self":[{"href":"https:\/\/elmundodelosnegocios.com.do\/v1\/wp-json\/wp\/v2\/posts\/14874","targetHints":{"allow":["GET"]}}],"collection":[{"href":"https:\/\/elmundodelosnegocios.com.do\/v1\/wp-json\/wp\/v2\/posts"}],"about":[{"href":"https:\/\/elmundodelosnegocios.com.do\/v1\/wp-json\/wp\/v2\/types\/post"}],"author":[{"embeddable":true,"href":"https:\/\/elmundodelosnegocios.com.do\/v1\/wp-json\/wp\/v2\/users\/2"}],"replies":[{"embeddable":true,"href":"https:\/\/elmundodelosnegocios.com.do\/v1\/wp-json\/wp\/v2\/comments?post=14874"}],"version-history":[{"count":0,"href":"https:\/\/elmundodelosnegocios.com.do\/v1\/wp-json\/wp\/v2\/posts\/14874\/revisions"}],"wp:featuredmedia":[{"embeddable":true,"href":"https:\/\/elmundodelosnegocios.com.do\/v1\/wp-json\/wp\/v2\/media\/14875"}],"wp:attachment":[{"href":"https:\/\/elmundodelosnegocios.com.do\/v1\/wp-json\/wp\/v2\/media?parent=14874"}],"wp:term":[{"taxonomy":"category","embeddable":true,"href":"https:\/\/elmundodelosnegocios.com.do\/v1\/wp-json\/wp\/v2\/categories?post=14874"},{"taxonomy":"post_tag","embeddable":true,"href":"https:\/\/elmundodelosnegocios.com.do\/v1\/wp-json\/wp\/v2\/tags?post=14874"}],"curies":[{"name":"wp","href":"https:\/\/api.w.org\/{rel}","templated":true}]}}