{"id":14922,"date":"2022-02-24T12:44:25","date_gmt":"2022-02-24T17:14:25","guid":{"rendered":"http:\/\/elmundodelosnegocios.com.do\/v1\/?p=14922"},"modified":"2022-02-24T12:44:25","modified_gmt":"2022-02-24T17:14:25","slug":"presidente-abinader-participa-lanzamiento-red-5g-de-altice-en-la-ciudad-colonial-y-santiago","status":"publish","type":"post","link":"https:\/\/elmundodelosnegocios.com.do\/v1\/presidente-abinader-participa-lanzamiento-red-5g-de-altice-en-la-ciudad-colonial-y-santiago\/","title":{"rendered":"Presidente Abinader participa lanzamiento red 5G de Altice en la Ciudad Colonial y Santiago"},"content":{"rendered":"<p>Con el objetivo de apoyar el progreso a trav\u00e9s de la tecnolog\u00eda, el presidente Luis Abinader particip\u00f3 en el lanzamiento de la red 5G de Altice en la Ciudad Colonial de Santo Domingo y en Santiago de los Caballeros, con una inversi\u00f3n de US$6 millones. <\/p>\n<p>Altice Dominicana marc\u00f3 un hito al poner en marcha oficialmente su red 5G en la Ciudad Colonial de Santo Domingo y en Santiago de los Caballeros. Con este lanzamiento se est\u00e1 dotando a estas localidades de una experiencia de navegaci\u00f3n con velocidades de hasta 1 Gbps, entre otros grandes beneficios de esta tecnolog\u00eda, modernizando la ciudad m\u00e1s antigua del Nuevo Mundo y a Santiago.<\/p>\n<p>La empresa, identifica su red 5G como \u201cla red global de los dominicanos\u201d, que contribuir\u00e1 a fortalecer el desarrollo de Rep\u00fablica Dominicana, incrementado sus niveles de productividad y competitividad.<\/p>\n<p>El acto para comunicar al pa\u00eds los detalles que marcan esta nueva era tecnol\u00f3gica fue encabezado por el presidente de la Rep\u00fablica, Luis Abinader, y la CEO de Altice Dominicana, Ana Figueiredo.<\/p>\n<p>Figueiredo inform\u00f3 que la empresa ejecutar\u00e1 un robusto plan de expansi\u00f3n de esta red 5G en todo el territorio nacional en un per\u00edodo de 5 a\u00f1os, con una inversi\u00f3n sostenida que asciende a los RD$5,000 millones.<\/p>\n<p>En ese sentido, puntualiz\u00f3 que para el inicio de la cobertura Altice 5G fue seleccionada la emblem\u00e1tica Ciudad Colonial lo que refleja la visi\u00f3n estrat\u00e9gica de la empresa, al transformar este centro hist\u00f3rico, patrimonio de la humanidad, en la primera ciudad inteligente del continente.<\/p>\n<p>Adem\u00e1s de otorgar esta capacidad a la importante ciudad de Santiago de los Caballeros, iniciando la cobertura de la misma con el Monumento de los H\u00e9roes y la Pontificia Universidad Cat\u00f3lica Madre y Maestra.<\/p>\n<p>La alta ejecutiva dijo que esta innovaci\u00f3n tecnol\u00f3gica impulsar\u00e1 la competitividad del sector empresarial de la zona que ahora tambi\u00e9n cuenta con mayor poder de conectividad mediante fibra \u00f3ptica, para elevar su propuesta de valor.<\/p>\n<p>\u201cCreemos firmemente que, a partir de esta nueva era, Altice se coloca en primer lugar en calidad de servicio para satisfacer a nuestros clientes, respaldados por todo el conocimiento y capacidades que posee Grupo Altice a nivel global, lo que nos permite fungir como ente catalizador de transformaci\u00f3n en beneficio del desarrollo social y econ\u00f3mico de esta gran naci\u00f3n\u201d, expres\u00f3.<\/p>\n<p>Mientras que Danilo Ginebra, vicepresidente Comercial del Segmento Personal de Altice, anunci\u00f3 que la empresa es pionera en lanzar el Roaming 5G incluido, sin costo adicional en Espa\u00f1a, Canad\u00e1, Portugal y a partir de marzo, en Estados Unidos, para que sus clientes disfruten del poder de la red Global de los dominicanos en las principales ciudades del mundo. Inform\u00f3 adem\u00e1s que los clientes con planes PRO contar\u00e1n con Altice 5G incluido en su plan, sin costo adicional\u201d.<\/p>\n<p>\u201cPara acceder a la red Altice 5G es tan simple como adquirir uno de los 12 Smartphones 5G compatibles, tener o activar un plan Pospago y habilitar el acceso a trav\u00e9s de la aplicaci\u00f3n Mi Altice\u201d, sostuvo.<\/p>\n<p>Ginebra anuncio que, a la par con este lanzamiento, Altice es la primera y \u00fanica empresa en ofrecer 500 megas en Fibra \u00d3ptica, la mayor velocidad de navegaci\u00f3n del pa\u00eds, que revolucionar\u00e1 la experiencia y capacidad de conectividad en los hogares y empresas de Rep\u00fablica Dominicana.<\/p>\n<p>A la actividad de Lanzamiento de la red Altice 5G, realizada en la Fortaleza Ozama, asistieron la alcaldesa del Distrito Nacional, Carolina Mej\u00eda; el ministro de Turismo, David Collado; la ministra de Cultura, Milagros Germ\u00e1n; el presidente del Instituto Dominicano de las Telecomunicaciones, Nelson Arroyo; entre otros funcionarios del gobierno central y l\u00edderes empresariales del pa\u00eds.<\/p>\n<p>Con este salto tecnol\u00f3gico, Altice contin\u00faa reafirmando su compromiso de conectar lo mejor de la Rep\u00fablica Dominicana con el resto del mundo y llevar progreso, desarrollo y bienestar a todas las comunidades del pa\u00eds.<\/p>\n","protected":false},"excerpt":{"rendered":"<p>Con el objetivo de apoyar el progreso a trav\u00e9s de la tecnolog\u00eda, el presidente Luis Abinader particip\u00f3 en el lanzamiento de la red 5G de Altice en la Ciudad Colonial&hellip; <\/p>\n","protected":false},"author":2,"featured_media":14924,"comment_status":"closed","ping_status":"closed","sticky":false,"template":"","format":"standard","meta":{"fifu_image_url":"","fifu_image_alt":"","footnotes":""},"categories":[64],"tags":[],"class_list":["post-14922","post","type-post","status-publish","format-standard","has-post-thumbnail","hentry","category-telecomunicaciones"],"_links":{"self":[{"href":"https:\/\/elmundodelosnegocios.com.do\/v1\/wp-json\/wp\/v2\/posts\/14922","targetHints":{"allow":["GET"]}}],"collection":[{"href":"https:\/\/elmundodelosnegocios.com.do\/v1\/wp-json\/wp\/v2\/posts"}],"about":[{"href":"https:\/\/elmundodelosnegocios.com.do\/v1\/wp-json\/wp\/v2\/types\/post"}],"author":[{"embeddable":true,"href":"https:\/\/elmundodelosnegocios.com.do\/v1\/wp-json\/wp\/v2\/users\/2"}],"replies":[{"embeddable":true,"href":"https:\/\/elmundodelosnegocios.com.do\/v1\/wp-json\/wp\/v2\/comments?post=14922"}],"version-history":[{"count":0,"href":"https:\/\/elmundodelosnegocios.com.do\/v1\/wp-json\/wp\/v2\/posts\/14922\/revisions"}],"wp:featuredmedia":[{"embeddable":true,"href":"https:\/\/elmundodelosnegocios.com.do\/v1\/wp-json\/wp\/v2\/media\/14924"}],"wp:attachment":[{"href":"https:\/\/elmundodelosnegocios.com.do\/v1\/wp-json\/wp\/v2\/media?parent=14922"}],"wp:term":[{"taxonomy":"category","embeddable":true,"href":"https:\/\/elmundodelosnegocios.com.do\/v1\/wp-json\/wp\/v2\/categories?post=14922"},{"taxonomy":"post_tag","embeddable":true,"href":"https:\/\/elmundodelosnegocios.com.do\/v1\/wp-json\/wp\/v2\/tags?post=14922"}],"curies":[{"name":"wp","href":"https:\/\/api.w.org\/{rel}","templated":true}]}}