{"id":14935,"date":"2022-02-25T09:32:05","date_gmt":"2022-02-25T14:02:05","guid":{"rendered":"http:\/\/elmundodelosnegocios.com.do\/v1\/?p=14935"},"modified":"2022-02-25T09:32:05","modified_gmt":"2022-02-25T14:02:05","slug":"micm-codoca-y-aneih-firman-acuerdo-para-lanzamiento-de-quinta-edicion-del-premio-nacional-a-la-calidad-del-sector-privado","status":"publish","type":"post","link":"https:\/\/elmundodelosnegocios.com.do\/v1\/micm-codoca-y-aneih-firman-acuerdo-para-lanzamiento-de-quinta-edicion-del-premio-nacional-a-la-calidad-del-sector-privado\/","title":{"rendered":"MICM, CODOCA y ANEIH firman acuerdo para lanzamiento de quinta edici\u00f3n del Premio Nacional a la Calidad del Sector Privado"},"content":{"rendered":"<p>Santo Domingo. \u2013 El Ministerio de Industria, Comercio y Mipymes (MICM), el Consejo Dominicano para la Calidad (CODOCA) y la Asociaci\u00f3n Nacional de Empresas e Industrias de Herrera (ANEIH) firmaron un acuerdo de colaboraci\u00f3n para poner en marcha la quinta edici\u00f3n del Premio Nacional a la Calidad del Sector Privado.<\/p>\n<p>El convenio lo rubricaron el ministro del MICM y presidente del CODOCA, V\u00edctor Bison\u00f3, y el presidente de la ANEIH, Noel Ure\u00f1a, en un acto que tuvo lugar este mi\u00e9rcoles en la sede del Ministerio.<\/p>\n<p>Bison\u00f3 asegur\u00f3 que con la firma del documento se reafirma el compromiso del MICM y del CODOCA para promover una cultura de calidad; \u201csi queremos posicionarnos en los mercados internacionales y convertirnos en referentes de calidad, debemos procurar la mejora de los bienes y servicios producidos y prestados en el pa\u00eds\u201d, indic\u00f3.<\/p>\n<p>Mencion\u00f3 que es la primera vez que se vincula el premio a la Pol\u00edtica Nacional de Calidad 2021-2024, la hoja de ruta hacia el fomento de una cultura de calidad en el pa\u00eds.<\/p>\n<p>Con el acuerdo se persigue desarrollar los t\u00e9rminos de la colaboraci\u00f3n entre las instituciones mencionadas para el apoyo y la promoci\u00f3n de la quinta edici\u00f3n del Premio Nacional a la Calidad del Sector Privado, el m\u00e1ximo reconocimiento en el \u00e1mbito nacional que se otorga a la gesti\u00f3n de calidad y excelencia de las empresas dominicanas dedicadas a la producci\u00f3n de bienes y servicios en el pa\u00eds.<\/p>\n<p>Dicho reconocimiento fue instituido mediante el decreto No.141-13 del Poder Ejecutivo, de fecha 22 de mayo de 2013, para promover mejoras en el desempe\u00f1o, competitividad y desarrollo sostenible de las empresas.<\/p>\n<p>En el acto tambi\u00e9n estuvieron Ignacio M\u00e9ndez, director del premio, y Fantino Polanco, viceministro de Desarrollo Industrial del MICM y secretario general interino del CODOCA.<\/p>\n","protected":false},"excerpt":{"rendered":"<p>Santo Domingo. \u2013 El Ministerio de Industria, Comercio y Mipymes (MICM), el Consejo Dominicano para la Calidad (CODOCA) y la Asociaci\u00f3n Nacional de Empresas e Industrias de Herrera (ANEIH) firmaron&hellip; <\/p>\n","protected":false},"author":2,"featured_media":14936,"comment_status":"closed","ping_status":"closed","sticky":false,"template":"","format":"standard","meta":{"fifu_image_url":"","fifu_image_alt":"","footnotes":""},"categories":[83],"tags":[],"class_list":["post-14935","post","type-post","status-publish","format-standard","has-post-thumbnail","hentry","category-empresariales-empresariales"],"_links":{"self":[{"href":"https:\/\/elmundodelosnegocios.com.do\/v1\/wp-json\/wp\/v2\/posts\/14935","targetHints":{"allow":["GET"]}}],"collection":[{"href":"https:\/\/elmundodelosnegocios.com.do\/v1\/wp-json\/wp\/v2\/posts"}],"about":[{"href":"https:\/\/elmundodelosnegocios.com.do\/v1\/wp-json\/wp\/v2\/types\/post"}],"author":[{"embeddable":true,"href":"https:\/\/elmundodelosnegocios.com.do\/v1\/wp-json\/wp\/v2\/users\/2"}],"replies":[{"embeddable":true,"href":"https:\/\/elmundodelosnegocios.com.do\/v1\/wp-json\/wp\/v2\/comments?post=14935"}],"version-history":[{"count":0,"href":"https:\/\/elmundodelosnegocios.com.do\/v1\/wp-json\/wp\/v2\/posts\/14935\/revisions"}],"wp:featuredmedia":[{"embeddable":true,"href":"https:\/\/elmundodelosnegocios.com.do\/v1\/wp-json\/wp\/v2\/media\/14936"}],"wp:attachment":[{"href":"https:\/\/elmundodelosnegocios.com.do\/v1\/wp-json\/wp\/v2\/media?parent=14935"}],"wp:term":[{"taxonomy":"category","embeddable":true,"href":"https:\/\/elmundodelosnegocios.com.do\/v1\/wp-json\/wp\/v2\/categories?post=14935"},{"taxonomy":"post_tag","embeddable":true,"href":"https:\/\/elmundodelosnegocios.com.do\/v1\/wp-json\/wp\/v2\/tags?post=14935"}],"curies":[{"name":"wp","href":"https:\/\/api.w.org\/{rel}","templated":true}]}}