{"id":14946,"date":"2022-02-25T15:20:54","date_gmt":"2022-02-25T19:50:54","guid":{"rendered":"http:\/\/elmundodelosnegocios.com.do\/v1\/?p=14946"},"modified":"2022-02-25T15:20:54","modified_gmt":"2022-02-25T19:50:54","slug":"turismo-dominicano-sigue-ganando-premios-en-ferias-internacionales","status":"publish","type":"post","link":"https:\/\/elmundodelosnegocios.com.do\/v1\/turismo-dominicano-sigue-ganando-premios-en-ferias-internacionales\/","title":{"rendered":"Turismo dominicano sigue ganando premios en ferias internacionales"},"content":{"rendered":"<p>Reconocen al pa\u00eds como Mejor Destino Internacional en feria de Colombia.<\/p>\n<p>Bogot\u00e1, Colombia.- Rep\u00fablica Dominicana sigue cosechando \u00e9xitos y logros en ferias internacionales de Turismo, al obtener importantes reconocimientos tras su exitosa recuperaci\u00f3n.<\/p>\n<p>En esta ocasi\u00f3n, una de las agencias m\u00e1s grandes de Colombia, Price Travel Holding, con sede en M\u00e9xico, otorg\u00f3 el premio a Rep\u00fablica Dominicana como \u201cMejor Destino Internacional\u201d, inform\u00f3 el ministro de Turismo, David Collado, en su cuenta de Twitter.<\/p>\n<p>El pa\u00eds caribe\u00f1o recibi\u00f3 ese reconocimiento por haber sido el destino m\u00e1s vendido durante el 2021 y con proyecci\u00f3n de ventas hist\u00f3ricas en este 2022.<\/p>\n<p>Ese premio fue otorgado en el marco de la 41 Vitrina Tur\u00edstica Anato, en Colombia, una de las ferias m\u00e1s importantes de Latinoam\u00e9rica.<\/p>\n<p><a href=\"http:\/\/elmundodelosnegocios.com.do\/v1\/wp-content\/uploads\/2022\/02\/40f0175fda053928ea8b0a1ae626b142-17.jpg\"><img loading=\"lazy\" decoding=\"async\" src=\"http:\/\/elmundodelosnegocios.com.do\/v1\/wp-content\/uploads\/2022\/02\/40f0175fda053928ea8b0a1ae626b142-17.jpg\" alt=\"\" width=\"768\" height=\"1024\" class=\"aligncenter size-full wp-image-14947\" srcset=\"https:\/\/elmundodelosnegocios.com.do\/v1\/wp-content\/uploads\/2022\/02\/40f0175fda053928ea8b0a1ae626b142-17.jpg 768w, https:\/\/elmundodelosnegocios.com.do\/v1\/wp-content\/uploads\/2022\/02\/40f0175fda053928ea8b0a1ae626b142-17-225x300.jpg 225w\" sizes=\"auto, (max-width: 768px) 100vw, 768px\" \/><\/a><\/p>\n<p>Rep\u00fablica Dominicana se ha convertido en un referente mundial por su recuperaci\u00f3n en la industria tur\u00edstica por lo que ha sido reconocida en diferentes ferias internacionales de turismo.<\/p>\n<p>En FITUR, c\u00f3mo se conoce, la m\u00e1s importante feria tur\u00edstica de Espa\u00f1a y una de las m\u00e1s grande del mundo, el pa\u00eds quisqueyano gan\u00f3 el primer lugar con el Mejor Stand.<\/p>\n","protected":false},"excerpt":{"rendered":"<p>Reconocen al pa\u00eds como Mejor Destino Internacional en feria de Colombia. Bogot\u00e1, Colombia.- Rep\u00fablica Dominicana sigue cosechando \u00e9xitos y logros en ferias internacionales de Turismo, al obtener importantes reconocimientos tras&hellip; <\/p>\n","protected":false},"author":2,"featured_media":14949,"comment_status":"closed","ping_status":"closed","sticky":false,"template":"","format":"standard","meta":{"fifu_image_url":"","fifu_image_alt":"","footnotes":""},"categories":[172],"tags":[],"class_list":["post-14946","post","type-post","status-publish","format-standard","has-post-thumbnail","hentry","category-turismo"],"_links":{"self":[{"href":"https:\/\/elmundodelosnegocios.com.do\/v1\/wp-json\/wp\/v2\/posts\/14946","targetHints":{"allow":["GET"]}}],"collection":[{"href":"https:\/\/elmundodelosnegocios.com.do\/v1\/wp-json\/wp\/v2\/posts"}],"about":[{"href":"https:\/\/elmundodelosnegocios.com.do\/v1\/wp-json\/wp\/v2\/types\/post"}],"author":[{"embeddable":true,"href":"https:\/\/elmundodelosnegocios.com.do\/v1\/wp-json\/wp\/v2\/users\/2"}],"replies":[{"embeddable":true,"href":"https:\/\/elmundodelosnegocios.com.do\/v1\/wp-json\/wp\/v2\/comments?post=14946"}],"version-history":[{"count":0,"href":"https:\/\/elmundodelosnegocios.com.do\/v1\/wp-json\/wp\/v2\/posts\/14946\/revisions"}],"wp:featuredmedia":[{"embeddable":true,"href":"https:\/\/elmundodelosnegocios.com.do\/v1\/wp-json\/wp\/v2\/media\/14949"}],"wp:attachment":[{"href":"https:\/\/elmundodelosnegocios.com.do\/v1\/wp-json\/wp\/v2\/media?parent=14946"}],"wp:term":[{"taxonomy":"category","embeddable":true,"href":"https:\/\/elmundodelosnegocios.com.do\/v1\/wp-json\/wp\/v2\/categories?post=14946"},{"taxonomy":"post_tag","embeddable":true,"href":"https:\/\/elmundodelosnegocios.com.do\/v1\/wp-json\/wp\/v2\/tags?post=14946"}],"curies":[{"name":"wp","href":"https:\/\/api.w.org\/{rel}","templated":true}]}}