{"id":15268,"date":"2022-03-08T15:50:58","date_gmt":"2022-03-08T20:20:58","guid":{"rendered":"https:\/\/elmundodelosnegocios.com.do\/v1\/?p=15268"},"modified":"2022-03-08T15:51:30","modified_gmt":"2022-03-08T20:21:30","slug":"cementos-argos-es-referente-igualdad-genero-sector-construccion","status":"publish","type":"post","link":"https:\/\/elmundodelosnegocios.com.do\/v1\/cementos-argos-es-referente-igualdad-genero-sector-construccion\/","title":{"rendered":"Cementos Argos es referente igualdad g\u00e9nero sector construcci\u00f3n"},"content":{"rendered":"\r\n<div class=\"wp-block-media-text\" style=\"grid-template-columns: 25% auto;\">\r\n<figure class=\"wp-block-media-text__media\"><img loading=\"lazy\" decoding=\"async\" class=\"wp-image-19231  alignleft\" src=\"http:\/\/elmundo-delosnegocios.com\/wp-content\/uploads\/2022\/03\/0-1-640x360-2.png\" alt=\"\" width=\"221\" height=\"221\" \/><\/figure>\r\n<div class=\"wp-block-media-text__content\"> \u201cNunca en mi vida pens\u00e9 en trabajar en un rol de estos. La empresa afortunadamente nos dio la oportunidad de hacer lo que los hombres hacen y nosotras demostramos que s\u00ed podemos\u201d. \r\n\r\n <strong>Luz Mar\u00eda Vanegas<\/strong> Conductora de cami\u00f3n mezclador <\/div>\r\n<\/div>\r\n\r\n\r\n\r\n<p>Argos, empresa de cemento del Grupo Argos, est\u00e1 convencida de que la diversidad y la inclusi\u00f3n son pilares fundamentales para la competitividad y sostenibilidad de su negocio. Por esta raz\u00f3n, promociona e implementa procesos equitativos de selecci\u00f3n, formaci\u00f3n y desarrollo en sus equipos de trabajo. Este compromiso se ha visto materializado, entre otros, con la adquisici\u00f3n de tres cr\u00e9ditos ligados a desempe\u00f1o ASG, en los que la tasa de inter\u00e9s est\u00e1 ligada a indicadores como la participaci\u00f3n de mujeres en posiciones de liderazgo.<\/p>\r\n\r\n\r\n\r\n<p>Hoy la cementera cuenta con m\u00e1s de 1.000 mujeres en su equipo de trabajo, entre ellas 72 conductoras de camiones mezcladores y m\u00e1s de 160 que ocupan cargos que tradicionalmente han sido desempe\u00f1ados por hombres como: oficiales de mantenimiento, t\u00e9cnicas de laboratorio, operadoras de b\u00e1scula, entre otros.<\/p>\r\n\r\n\r\n\r\n<div class=\"wp-block-media-text\" style=\"grid-template-columns: 25% auto;\">\r\n<figure class=\"wp-block-media-text__media\"><img loading=\"lazy\" decoding=\"async\" class=\"wp-image-19232  alignleft\" src=\"http:\/\/elmundo-delosnegocios.com\/wp-content\/uploads\/2022\/03\/00A-7-1-683x1024.jpg\" alt=\"\" width=\"250\" height=\"376\" \/><\/figure>\r\n<div class=\"wp-block-media-text__content\"> \u201cEn Argos valoramos y vivimos permanentemente la equidad de g\u00e9nero. Queremos ser ejemplo de transformaci\u00f3n en nuestro pa\u00eds y el mundo a trav\u00e9s de la promoci\u00f3n e implementaci\u00f3n de iniciativas orientadas a la inclusi\u00f3n. Actualmente, un 30 % de los roles de liderazgo son ocupados por mujeres; esto reitera nuestra determinada convicci\u00f3n por seguir materializando iniciativas que tengan como fundamento la diversidad en todos sus aspectos\u00bb. \r\n\r\n <strong>Mar\u00eda Isabel Echeverri<\/strong>, vicepresidenta Legal y de Sostenibilidad de Cementos Argos. <\/div>\r\n<\/div>\r\n\r\n\r\n\r\n<p>Cabe resaltar la cementera cuenta con el Sello Equipares nivel oro, menci\u00f3n que destaca a las empresas que implementan efectivamente un s\u00f3lido sistema de gesti\u00f3n de igualdad de g\u00e9nero. Asimismo, fue reconocida como la empresa m\u00e1s equitativa del sector de la construcci\u00f3n, seg\u00fan el Ranking PAR de Equidad de G\u00e9nero 2021.<\/p>\r\n\r\n\r\n\r\n<p><strong>Hechos destacados en materia de g\u00e9nero:<\/strong><\/p>\r\n\r\n\r\n\r\n<ul class=\"wp-block-list\">\r\n<li>Cuenta con tres cr\u00e9ditos ligados a desempe\u00f1o ASG, en los que la tasa de inter\u00e9s est\u00e1 ligada, entre otros, a indicadores como la participaci\u00f3n de mujeres en posiciones de liderazgo.<\/li>\r\n<li>En 2021 recibi\u00f3 el sello de Empresa Socialmente Responsable de la Fundaci\u00f3n Hondure\u00f1a de Responsabilidad Social Empresarial (Fundahrse).<\/li>\r\n<li>Cuenta con la certificaci\u00f3n SIG\u00e9nero de Panam\u00e1.<\/li>\r\n<li>Fue seleccionada por PNUD y Spotligth Regional como empresa piloto en el Caribe, Centroam\u00e9rica y Colombia para el programa GES-VCM que propende por la construcci\u00f3n de entornos libres de violencias basadas en g\u00e9nero.<\/li>\r\n<\/ul>","protected":false},"excerpt":{"rendered":"<p>\u201cNunca en mi vida pens\u00e9 en trabajar en un rol de estos. La empresa afortunadamente nos dio la oportunidad de hacer lo que los hombres hacen y nosotras demostramos que&hellip; <\/p>\n","protected":false},"author":2,"featured_media":15272,"comment_status":"closed","ping_status":"closed","sticky":false,"template":"","format":"standard","meta":{"fifu_image_url":"","fifu_image_alt":"","footnotes":""},"categories":[69],"tags":[],"class_list":["post-15268","post","type-post","status-publish","format-standard","has-post-thumbnail","hentry","category-construccion"],"_links":{"self":[{"href":"https:\/\/elmundodelosnegocios.com.do\/v1\/wp-json\/wp\/v2\/posts\/15268","targetHints":{"allow":["GET"]}}],"collection":[{"href":"https:\/\/elmundodelosnegocios.com.do\/v1\/wp-json\/wp\/v2\/posts"}],"about":[{"href":"https:\/\/elmundodelosnegocios.com.do\/v1\/wp-json\/wp\/v2\/types\/post"}],"author":[{"embeddable":true,"href":"https:\/\/elmundodelosnegocios.com.do\/v1\/wp-json\/wp\/v2\/users\/2"}],"replies":[{"embeddable":true,"href":"https:\/\/elmundodelosnegocios.com.do\/v1\/wp-json\/wp\/v2\/comments?post=15268"}],"version-history":[{"count":0,"href":"https:\/\/elmundodelosnegocios.com.do\/v1\/wp-json\/wp\/v2\/posts\/15268\/revisions"}],"wp:featuredmedia":[{"embeddable":true,"href":"https:\/\/elmundodelosnegocios.com.do\/v1\/wp-json\/wp\/v2\/media\/15272"}],"wp:attachment":[{"href":"https:\/\/elmundodelosnegocios.com.do\/v1\/wp-json\/wp\/v2\/media?parent=15268"}],"wp:term":[{"taxonomy":"category","embeddable":true,"href":"https:\/\/elmundodelosnegocios.com.do\/v1\/wp-json\/wp\/v2\/categories?post=15268"},{"taxonomy":"post_tag","embeddable":true,"href":"https:\/\/elmundodelosnegocios.com.do\/v1\/wp-json\/wp\/v2\/tags?post=15268"}],"curies":[{"name":"wp","href":"https:\/\/api.w.org\/{rel}","templated":true}]}}