{"id":15717,"date":"2022-03-21T10:31:43","date_gmt":"2022-03-21T15:01:43","guid":{"rendered":"https:\/\/elmundodelosnegocios.com.do\/v1\/?p=15717"},"modified":"2022-03-21T10:31:43","modified_gmt":"2022-03-21T15:01:43","slug":"tratara-secretaria-adjunta-medina-en-costa-rica-y-mexico-dialogos-corredor-marino-pacifico-este","status":"publish","type":"post","link":"https:\/\/elmundodelosnegocios.com.do\/v1\/tratara-secretaria-adjunta-medina-en-costa-rica-y-mexico-dialogos-corredor-marino-pacifico-este\/","title":{"rendered":"Tratara Secretaria adjunta Medina en Costa Rica y M\u00e9xico dialogos Corredor Marino Pacifico Este"},"content":{"rendered":"\r\n<p>Washington, D.C., March 21, 2022, Departamento de Estado de los Estados Unidos, Oficina del Portavoz.- La secretaria de Estado adjunta de la Oficina de Oc\u00e9anos y Asuntos Ambientales y Cient\u00edficos Internacionales, M\u00f3nica P. Medina, viaja a Costa Rica, del 20 al 23 de marzo, para acompa\u00f1ar al subsecretario de Estado para Crecimiento Econ\u00f3mico, Energ\u00eda y Medioambiente, Jos\u00e9 W. Fern\u00e1ndez, en los di\u00e1logos sobre el Corredor Marino del Pac\u00edfico Este Tropical (CMAR). La Secretaria adjunta tambi\u00e9n intervendr\u00e1 en importantes esfuerzos de conservaci\u00f3n e impulsar\u00e1 que se incrementen las acciones para preservar la naturaleza tanto en las \u00e1reas terrestres como oce\u00e1nicas.<\/p>\r\n\r\n\r\n\r\n<p>Entre el 23 y el 25 de marzo, la secretaria adjunta Medina viajar\u00e1 a M\u00e9xico para consolidar nuestra relaci\u00f3n bilateral en una variedad de cuestiones ambientales, que incluyen la conservaci\u00f3n mar\u00edtima, la contaminaci\u00f3n por pl\u00e1stico y la pesca ilegal, no declarada y no reglamentada. Tambi\u00e9n se reunir\u00e1 con mujeres de las \u00e1reas de ciencia, tecnolog\u00eda, ingenier\u00eda y matem\u00e1ticas (STEM) del sector de la industria, el \u00e1mbito acad\u00e9mico y la sociedad civil, y conversar\u00e1 sobre cooperaci\u00f3n espacial con representantes de la Agencia Espacial Mexicana.<\/p>\r\n","protected":false},"excerpt":{"rendered":"<p>Washington, D.C., March 21, 2022, Departamento de Estado de los Estados Unidos, Oficina del Portavoz.- La secretaria de Estado adjunta de la Oficina de Oc\u00e9anos y Asuntos Ambientales y Cient\u00edficos&hellip; <\/p>\n","protected":false},"author":2,"featured_media":15719,"comment_status":"closed","ping_status":"closed","sticky":false,"template":"","format":"standard","meta":{"fifu_image_url":"","fifu_image_alt":"","footnotes":""},"categories":[74],"tags":[],"class_list":["post-15717","post","type-post","status-publish","format-standard","has-post-thumbnail","hentry","category-comercio-internacional"],"_links":{"self":[{"href":"https:\/\/elmundodelosnegocios.com.do\/v1\/wp-json\/wp\/v2\/posts\/15717","targetHints":{"allow":["GET"]}}],"collection":[{"href":"https:\/\/elmundodelosnegocios.com.do\/v1\/wp-json\/wp\/v2\/posts"}],"about":[{"href":"https:\/\/elmundodelosnegocios.com.do\/v1\/wp-json\/wp\/v2\/types\/post"}],"author":[{"embeddable":true,"href":"https:\/\/elmundodelosnegocios.com.do\/v1\/wp-json\/wp\/v2\/users\/2"}],"replies":[{"embeddable":true,"href":"https:\/\/elmundodelosnegocios.com.do\/v1\/wp-json\/wp\/v2\/comments?post=15717"}],"version-history":[{"count":0,"href":"https:\/\/elmundodelosnegocios.com.do\/v1\/wp-json\/wp\/v2\/posts\/15717\/revisions"}],"wp:featuredmedia":[{"embeddable":true,"href":"https:\/\/elmundodelosnegocios.com.do\/v1\/wp-json\/wp\/v2\/media\/15719"}],"wp:attachment":[{"href":"https:\/\/elmundodelosnegocios.com.do\/v1\/wp-json\/wp\/v2\/media?parent=15717"}],"wp:term":[{"taxonomy":"category","embeddable":true,"href":"https:\/\/elmundodelosnegocios.com.do\/v1\/wp-json\/wp\/v2\/categories?post=15717"},{"taxonomy":"post_tag","embeddable":true,"href":"https:\/\/elmundodelosnegocios.com.do\/v1\/wp-json\/wp\/v2\/tags?post=15717"}],"curies":[{"name":"wp","href":"https:\/\/api.w.org\/{rel}","templated":true}]}}