{"id":15791,"date":"2022-03-23T10:21:19","date_gmt":"2022-03-23T14:51:19","guid":{"rendered":"https:\/\/elmundodelosnegocios.com.do\/v1\/?p=15791"},"modified":"2022-03-23T10:21:19","modified_gmt":"2022-03-23T14:51:19","slug":"autoridad-portuaria-y-bid-recorren-bahia-de-manzanillo-para-dar-seguimiento-a-proyecto-de-rehabilitacion-del-puerto","status":"publish","type":"post","link":"https:\/\/elmundodelosnegocios.com.do\/v1\/autoridad-portuaria-y-bid-recorren-bahia-de-manzanillo-para-dar-seguimiento-a-proyecto-de-rehabilitacion-del-puerto\/","title":{"rendered":"Autoridad Portuaria y BID recorren Bah\u00eda de Manzanillo para dar seguimiento a proyecto de rehabilitaci\u00f3n del puerto"},"content":{"rendered":"<p data-uw-styling-context=\"true\"><span data-uw-styling-context=\"true\">Bah\u00eda de Manzanillo, Montecristi. &#8211; El director ejecutivo de la Autoridad Portuaria Dominicana (Apordom),\u00a0<strong data-uw-styling-context=\"true\">Jean Luis Rodr\u00edguez<\/strong>, y la representante del\u00a0<strong data-uw-styling-context=\"true\">Banco Interamericano de Desarrollo (BID)<\/strong>,\u00a0<strong data-uw-styling-context=\"true\">Katarina Falker- Olmedo<\/strong>, recorrieron la Bah\u00eda de Manzanillo, como parte de los trabajos de seguimiento al\u00a0<strong data-uw-styling-context=\"true\">Programa de del Rehabilitaci\u00f3n y Ampliaci\u00f3n Puerto de Manzanillo<\/strong>, en Montecristi.<\/span><\/p>\n<p data-uw-styling-context=\"true\"><span data-uw-styling-context=\"true\">Jean Luis Rodr\u00edguez asegur\u00f3 que el desarrollo de este proyecto que se realiza con un contrato de pr\u00e9stamo por\u00a0<strong data-uw-styling-context=\"true\">US$ 100 millones<\/strong>\u00a0con el Banco Interamericano de Desarrollo garantizar\u00e1 el\u00a0<strong data-uw-styling-context=\"true\">crecimiento socioecon\u00f3mico<\/strong>\u00a0de la regi\u00f3n.<\/span><\/p>\n<p data-uw-styling-context=\"true\"><span data-uw-styling-context=\"true\">Rodr\u00edguez asegur\u00f3 que \u201c<em data-uw-styling-context=\"true\">el desarrollo del puerto de Manzanillo promover\u00e1 la dinamizaci\u00f3n del sector econ\u00f3mico y social de la zona, propiciar\u00e1 la creaci\u00f3n de miles de empleos directos e indirectos. Adem\u00e1s, contempla la creaci\u00f3n de un nuevo modelo de administraci\u00f3n portuaria, el cual podr\u00e1 ser replicable en todos los puertos del pa\u00eds que administra APORDOM<\/em>\u201d.<\/span><\/p>\n<p data-uw-styling-context=\"true\"><span data-uw-styling-context=\"true\">El pr\u00e9stamo por 100 millones de d\u00f3lares para el financiamiento del programa de rehabilitaci\u00f3n y ampliaci\u00f3n del\u00a0<a href=\"https:\/\/presidencia.gob.do\/noticias\/proyecto-energetico-de-manzanillo-aportara-grandes-beneficios-region-noroeste\" data-uw-styling-context=\"true\">Puerto de Manzanillo<\/a>\u00a0fue aprobado en ambas c\u00e1maras legislativas y la pieza procede del Poder Ejecutivo. El contrato fue suscrito en junio del 2021 entre la Rep\u00fablica Dominicana y el Banco Interamericano de Desarrollo (BID).<\/span><\/p>\n<p data-uw-styling-context=\"true\"><img loading=\"lazy\" decoding=\"async\" src=\"https:\/\/presidencia.gob.do\/sites\/default\/files\/content\/image1%20%281%29%20%282%29.jpeg\" alt=\"\" width=\"5354\" height=\"3564\" data-entity-type=\"file\" data-entity-uuid=\"cfdbd230-7961-4283-b9c8-86a3498929e3\" data-uw-styling-context=\"true\" \/><\/p>\n<p data-uw-styling-context=\"true\"><span data-uw-styling-context=\"true\">Jean Luis Rodr\u00edguez cit\u00f3 que la rehabilitaci\u00f3n y ampliaci\u00f3n del Puerto de Manzanillo incorporar\u00e1 modernos est\u00e1ndares de resiliencia, cuidado del medioambiente natural de la bah\u00eda junto al nuevo y moderno espig\u00f3n, as\u00ed como el mejoramiento de las v\u00edas de acceso al puerto, asegurando una adecuada\u00a0<strong data-uw-styling-context=\"true\">conectividad<\/strong>\u00a0y\u00a0<strong data-uw-styling-context=\"true\">accesibilidad<\/strong>\u00a0de productores y empresas.<\/span><\/p>\n<p data-uw-styling-context=\"true\"><span data-uw-styling-context=\"true\">\u201c<em data-uw-styling-context=\"true\">Convertir a la Rep\u00fablica Dominicana en un referente de la regi\u00f3n en t\u00e9rminos del movimiento de carga es una de las metas del gobierno que encabeza el se\u00f1or presidente Luis Abinader y de nuestra gesti\u00f3n; este proyecto nos coloca un paso m\u00e1s cerca de lograr nuestro prop\u00f3sito de transformar completamente el sistema portuario naciona<\/em>l\u201d plante\u00f3 el servidor p\u00fablico.\u00a0<\/span><\/p>\n<p data-uw-styling-context=\"true\"><span data-uw-styling-context=\"true\">Agradeci\u00f3 el apoyo y la confianza tanto del Banco Interamericano de Desarrollo como de la C\u00e1mara de Diputados y del Senado de la Rep\u00fablica para la aprobaci\u00f3n del proyecto. \u00a0<\/span><\/p>\n<p data-uw-styling-context=\"true\"><span data-uw-styling-context=\"true\">El\u00a0<a href=\"https:\/\/presidencia.gob.do\/noticias\/presidente-abinader-asegura-proyecto-de-manzanillo-posicionara-pais-en-mas-altos-niveles\" data-uw-styling-context=\"true\">puerto de Manzanillo<\/a>, construido en los a\u00f1os 50, cuenta con\u00a0<strong data-uw-styling-context=\"true\">227.70 metros lineales de muelles<\/strong>, una profundidad de atraque de 36, 30 y 25 pies. Sus operaciones est\u00e1n basadas\u00a0<strong data-uw-styling-context=\"true\">en exportaci\u00f3n de contenedores<\/strong>\u00a0refrigerados (bananos y frutos menores), as\u00ed como carga general y carga suelta (Clinker y carb\u00f3n mineral) para importaci\u00f3n. Este puerto es considerado el de mayor calado del pa\u00eds.<\/span><\/p>\n<h5 data-uw-styling-context=\"true\"><span data-uw-styling-context=\"true\"><strong data-uw-styling-context=\"true\">Sobre Autoridad Portuaria Dominicana<\/strong><\/span><\/h5>\n<p data-uw-styling-context=\"true\"><span data-uw-styling-context=\"true\">La Autoridad Portuaria Dominicana fue fundada el 17 de diciembre del 1970 constituy\u00e9ndose en el\u00a0<strong data-uw-styling-context=\"true\">organismo regulador<\/strong>\u00a0del sistema portuario nacional. Es su tarea dirigir y administrar los puertos mar\u00edtimos e incrementar el comercio internacional del pa\u00eds. El sistema portuario nacional est\u00e1 conformado por\u00a0<strong data-uw-styling-context=\"true\">20 recintos portuarios<\/strong>.<\/span><\/p>\n","protected":false},"excerpt":{"rendered":"<p>Bah\u00eda de Manzanillo, Montecristi. &#8211; El director ejecutivo de la Autoridad Portuaria Dominicana (Apordom),\u00a0Jean Luis Rodr\u00edguez, y la representante del\u00a0Banco Interamericano de Desarrollo (BID),\u00a0Katarina Falker- Olmedo, recorrieron la Bah\u00eda de&hellip; <\/p>\n","protected":false},"author":2,"featured_media":15793,"comment_status":"closed","ping_status":"closed","sticky":false,"template":"","format":"standard","meta":{"fifu_image_url":"","fifu_image_alt":"","footnotes":""},"categories":[261],"tags":[],"class_list":["post-15791","post","type-post","status-publish","format-standard","has-post-thumbnail","hentry","category-infraestructura"],"_links":{"self":[{"href":"https:\/\/elmundodelosnegocios.com.do\/v1\/wp-json\/wp\/v2\/posts\/15791","targetHints":{"allow":["GET"]}}],"collection":[{"href":"https:\/\/elmundodelosnegocios.com.do\/v1\/wp-json\/wp\/v2\/posts"}],"about":[{"href":"https:\/\/elmundodelosnegocios.com.do\/v1\/wp-json\/wp\/v2\/types\/post"}],"author":[{"embeddable":true,"href":"https:\/\/elmundodelosnegocios.com.do\/v1\/wp-json\/wp\/v2\/users\/2"}],"replies":[{"embeddable":true,"href":"https:\/\/elmundodelosnegocios.com.do\/v1\/wp-json\/wp\/v2\/comments?post=15791"}],"version-history":[{"count":0,"href":"https:\/\/elmundodelosnegocios.com.do\/v1\/wp-json\/wp\/v2\/posts\/15791\/revisions"}],"wp:featuredmedia":[{"embeddable":true,"href":"https:\/\/elmundodelosnegocios.com.do\/v1\/wp-json\/wp\/v2\/media\/15793"}],"wp:attachment":[{"href":"https:\/\/elmundodelosnegocios.com.do\/v1\/wp-json\/wp\/v2\/media?parent=15791"}],"wp:term":[{"taxonomy":"category","embeddable":true,"href":"https:\/\/elmundodelosnegocios.com.do\/v1\/wp-json\/wp\/v2\/categories?post=15791"},{"taxonomy":"post_tag","embeddable":true,"href":"https:\/\/elmundodelosnegocios.com.do\/v1\/wp-json\/wp\/v2\/tags?post=15791"}],"curies":[{"name":"wp","href":"https:\/\/api.w.org\/{rel}","templated":true}]}}