{"id":15949,"date":"2022-03-29T09:19:27","date_gmt":"2022-03-29T13:49:27","guid":{"rendered":"https:\/\/elmundodelosnegocios.com.do\/v1\/?p=15949"},"modified":"2022-03-29T09:19:27","modified_gmt":"2022-03-29T13:49:27","slug":"ompi-apoyara-rd-en-uso-de-la-propiedad-intelectual-como-herramienta-de-innovacion-y-desarrollo","status":"publish","type":"post","link":"https:\/\/elmundodelosnegocios.com.do\/v1\/ompi-apoyara-rd-en-uso-de-la-propiedad-intelectual-como-herramienta-de-innovacion-y-desarrollo\/","title":{"rendered":"OMPI apoyar\u00e1 RD en uso de la propiedad intelectual como herramienta de innovaci\u00f3n y desarrollo"},"content":{"rendered":"<p>SANTO DOMINGO.- La Organizaci\u00f3n Mundial de la Propiedad Intelectual (OMPI) y el Ministerio de Industria, Comercio y Mipymes (MICM) trabajar\u00e1n de manera conjunta para fomentar el uso de la propiedad intelectual como herramienta de innovaci\u00f3n y desarrollo en la Rep\u00fablica Dominicana.<\/p>\n<figure class=\"wp-block-image\"><img decoding=\"async\" class=\"td-animation-stack-type0-1\" src=\"https:\/\/micm.gob.do\/images\/noticias\/2022\/03-marzo\/OMPI_apoyara_a_la_RD_02.jpg\" alt=\"\" \/><figcaption>.<\/figcaption><\/figure>\n<p>As\u00ed qued\u00f3 establecido en la Carta de Entendimiento que firmaron el ministro del MICM, V\u00edctor -Ito- Bison\u00f3, y el director general de la OMPI, Daren Tang, durante un acto que tuvo lugar en la sede del Ministerio y que form\u00f3 parte de las actividades realizadas durante la VII Reuni\u00f3n Ministerial de Centroam\u00e9rica y la Rep\u00fablica Dominicana sobre Propiedad Intelectual.<\/p>\n<p>Bison\u00f3 manifest\u00f3 su satisfacci\u00f3n con la firma del documento y explic\u00f3 que el acuerdo \u201cpersigue dar continuidad al fortalecimiento de las relaciones MICM-OMPI\u201d.<\/p>\n<p>El titular del MICM precis\u00f3 que el convenio se vincula al tercer eje de la Estrategia Nacional de Desarrollo, \u201cque busca lograr una econom\u00eda sostenible, competitiva e innovadora, as\u00ed como disminuir las brechas en materia de propiedad intelectual que tenemos como pa\u00eds\u201d.<\/p>\n<p>Esta nueva alianza abarcar\u00e1, en una primera etapa, la revisi\u00f3n y actualizaci\u00f3n de la Estrategia Nacional de Propiedad Intelectual de la Rep\u00fablica Dominicana y la implementaci\u00f3n de la Estrategia Nacional de Exportaci\u00f3n de Servicios Modernos, que prepar\u00f3 el MICM y que favorece a las industrias creativas y culturales.<\/p>\n<p>Adem\u00e1s, la creaci\u00f3n de capacidades para favorecer el uso y gesti\u00f3n de activos de propiedad intelectual, y finalmente, el fortalecimiento del sector p\u00fablico para generar pol\u00edticas sustentadas en mejores pr\u00e1cticas para el desarrollo y protecci\u00f3n de los derechos de propiedad intelectual.<\/p>\n<p>El director general de la OMPI, Daren Tang, agot\u00f3 una agenda de actividades en el pa\u00eds, con el inter\u00e9s de estrechar lazos y ampliar los aliados estrat\u00e9gicos de la organizaci\u00f3n, a prop\u00f3sito de los avances hacia la recuperaci\u00f3n post pandemia. Su periplo incluy\u00f3 una reuni\u00f3n con el presidente Luis Abinader.<\/p>\n<p>La VII reuni\u00f3n ministerial la organiz\u00f3 el MICM, junto a la ONAPI y la ONDA, y cont\u00f3 con el apoyo de la OMPI y el respaldo y colaboraci\u00f3n de la Misi\u00f3n Permanente de la Rep\u00fablica Dominicana ante la OMC, que encabeza el embajador dominicano Virgilio Alc\u00e1ntara.<\/p>\n","protected":false},"excerpt":{"rendered":"<p>SANTO DOMINGO.- La Organizaci\u00f3n Mundial de la Propiedad Intelectual (OMPI) y el Ministerio de Industria, Comercio y Mipymes (MICM) trabajar\u00e1n de manera conjunta para fomentar el uso de la propiedad&hellip; <\/p>\n","protected":false},"author":2,"featured_media":15951,"comment_status":"closed","ping_status":"closed","sticky":false,"template":"","format":"standard","meta":{"fifu_image_url":"","fifu_image_alt":"","footnotes":""},"categories":[83],"tags":[],"class_list":["post-15949","post","type-post","status-publish","format-standard","has-post-thumbnail","hentry","category-empresariales-empresariales"],"_links":{"self":[{"href":"https:\/\/elmundodelosnegocios.com.do\/v1\/wp-json\/wp\/v2\/posts\/15949","targetHints":{"allow":["GET"]}}],"collection":[{"href":"https:\/\/elmundodelosnegocios.com.do\/v1\/wp-json\/wp\/v2\/posts"}],"about":[{"href":"https:\/\/elmundodelosnegocios.com.do\/v1\/wp-json\/wp\/v2\/types\/post"}],"author":[{"embeddable":true,"href":"https:\/\/elmundodelosnegocios.com.do\/v1\/wp-json\/wp\/v2\/users\/2"}],"replies":[{"embeddable":true,"href":"https:\/\/elmundodelosnegocios.com.do\/v1\/wp-json\/wp\/v2\/comments?post=15949"}],"version-history":[{"count":0,"href":"https:\/\/elmundodelosnegocios.com.do\/v1\/wp-json\/wp\/v2\/posts\/15949\/revisions"}],"wp:featuredmedia":[{"embeddable":true,"href":"https:\/\/elmundodelosnegocios.com.do\/v1\/wp-json\/wp\/v2\/media\/15951"}],"wp:attachment":[{"href":"https:\/\/elmundodelosnegocios.com.do\/v1\/wp-json\/wp\/v2\/media?parent=15949"}],"wp:term":[{"taxonomy":"category","embeddable":true,"href":"https:\/\/elmundodelosnegocios.com.do\/v1\/wp-json\/wp\/v2\/categories?post=15949"},{"taxonomy":"post_tag","embeddable":true,"href":"https:\/\/elmundodelosnegocios.com.do\/v1\/wp-json\/wp\/v2\/tags?post=15949"}],"curies":[{"name":"wp","href":"https:\/\/api.w.org\/{rel}","templated":true}]}}