{"id":15965,"date":"2022-03-29T09:30:20","date_gmt":"2022-03-29T14:00:20","guid":{"rendered":"https:\/\/elmundodelosnegocios.com.do\/v1\/?p=15965"},"modified":"2022-03-29T09:30:20","modified_gmt":"2022-03-29T14:00:20","slug":"presidente-abinader-anuncia-que-el-pais-supero-la-barrera-de-los-us12-mil-millones-en-exportacion","status":"publish","type":"post","link":"https:\/\/elmundodelosnegocios.com.do\/v1\/presidente-abinader-anuncia-que-el-pais-supero-la-barrera-de-los-us12-mil-millones-en-exportacion\/","title":{"rendered":"Presidente Abinader anuncia que el pa\u00eds super\u00f3 la barrera de los US$12 mil millones en exportaci\u00f3n"},"content":{"rendered":"<p data-uw-styling-context=\"true\"><span data-uw-styling-context=\"true\">Santo Domingo.- El presidente\u00a0<strong data-uw-styling-context=\"true\">Luis Abinader<\/strong>\u00a0anunci\u00f3 este lunes que el pa\u00eds super\u00f3 la barrera de los\u00a0<strong data-uw-styling-context=\"true\">12,000 millones de d\u00f3lares en\u00a0exportaci\u00f3n<\/strong>, lo que considera es un\u00a0<strong data-uw-styling-context=\"true\">cambio<\/strong>\u00a0y una transformaci\u00f3n profunda en favor del\u00a0<strong data-uw-styling-context=\"true\">desarrollo sostenible<\/strong>\u00a0y contin\u00fao del pa\u00eds.<\/span><\/p>\n<p data-uw-styling-context=\"true\"><span data-uw-styling-context=\"true\"><em data-uw-styling-context=\"true\">\u00abEsto es el cambio, la transformaci\u00f3n profunda que abordamos todos los sectores del pa\u00eds en favor del desarrollo sostenible y continuado de la Rep\u00fablica Dominicana<\/em>\u00ab, dijo el jefe de Estado durante la presentaci\u00f3n en el Palacio Nacional del\u00a0<strong data-uw-styling-context=\"true\">Plan Nacional de Fomento a las Exportaciones\u00a0(PNFE) 2020-2030.<\/strong><\/span><\/p>\n<p data-uw-styling-context=\"true\"><img loading=\"lazy\" decoding=\"async\" src=\"https:\/\/presidencia.gob.do\/sites\/default\/files\/content\/2_9.jpeg\" alt=\"\" width=\"1280\" height=\"853\" data-entity-type=\"file\" data-entity-uuid=\"69b17997-8866-4877-ae80-8089b7bdf6aa\" data-uw-styling-context=\"true\" \/><\/p>\n<h5 data-uw-styling-context=\"true\"><span data-uw-styling-context=\"true\"><strong data-uw-styling-context=\"true\">Trabajo tesonero de exportadores<\/strong><\/span><\/h5>\n<p data-uw-styling-context=\"true\"><span data-uw-styling-context=\"true\">Consider\u00f3 que este logro se debe al trabajo tesonero de los\u00a0<strong data-uw-styling-context=\"true\">exportadores<\/strong>, y de todos los agentes vinculados a la actividad exportadora.<\/span><\/p>\n<p data-uw-styling-context=\"true\"><span data-uw-styling-context=\"true\"><em data-uw-styling-context=\"true\">\u00abEllas y ellos conectan las f\u00e1bricas o plantaciones con el consumidor final en los distintos mercados donde llevamos nuestros bienes y servicios<\/em>\u00ab, apunt\u00f3 el mandatario.<\/span><\/p>\n<p data-uw-styling-context=\"true\"><span data-uw-styling-context=\"true\">Agreg\u00f3 adem\u00e1s que<em data-uw-styling-context=\"true\">\u00a0\u00abcon una cifra extraordinaria de US$12,483.3 millones, dejamos atr\u00e1s un l\u00edmite que por a\u00f1os fue causa de discusiones y preocupaciones en torno a la promoci\u00f3n de nuestra oferta exportable\u00bb.<\/em><\/span><\/p>\n<p data-uw-styling-context=\"true\"><span data-uw-styling-context=\"true\">Con el\u00a0<strong data-uw-styling-context=\"true\">Plan Nacional de Fomento de las Exportaciones,<\/strong>\u00a0el presidente Abinader entiende que se reafirma el compromiso con la\u00a0<strong data-uw-styling-context=\"true\">generaci\u00f3n de divisas<\/strong>, la creaci\u00f3n de\u00a0<strong data-uw-styling-context=\"true\">empleos<\/strong>\u00a0de calidad y el\u00a0<strong data-uw-styling-context=\"true\">crecimiento econ\u00f3mico.<\/strong><\/span><\/p>\n<p data-uw-styling-context=\"true\"><span data-uw-styling-context=\"true\"><em data-uw-styling-context=\"true\">\u00abImpulsamos una agenda de internacionalizaci\u00f3n de nuestra econom\u00eda en m\u00faltiples \u00e1mbitos<\/em>\u201d, destac\u00f3.<\/span><\/p>\n<h5 data-uw-styling-context=\"true\"><span data-uw-styling-context=\"true\"><strong data-uw-styling-context=\"true\">Exportaciones son prioridad<\/strong><\/span><\/h5>\n<p data-uw-styling-context=\"true\"><span data-uw-styling-context=\"true\">Asimismo, afirm\u00f3 que las exportaciones son prioridad para alcanzar las metas pa\u00eds que el Gobierno se propuso junto a todos los dominicanos y dominicanas.<\/span><\/p>\n<p data-uw-styling-context=\"true\"><span data-uw-styling-context=\"true\">A su juicio, el Plan Nacional de Fomento a las Exportaciones precisa de la participaci\u00f3n activa y comprometida de todas las instituciones p\u00fablicas, a fin de que cumplan a tiempo y con eficiencia las\u00a0<strong data-uw-styling-context=\"true\">280 acciones planteadas<\/strong>\u00a0para lograr las metas exportadoras al 2030.<\/span><\/p>\n<p data-uw-styling-context=\"true\"><span data-uw-styling-context=\"true\"><em data-uw-styling-context=\"true\">\u201cAprovecho para extender una propuesta e invitaci\u00f3n al sector privado a que contin\u00faen acompa\u00f1\u00e1ndonos en la jornada que hemos emprendido. Parte del \u00e9xito de este plan descansa en la veedur\u00eda, monitoreo y participaci\u00f3n activa de cada uno de ustedes, con trabajo y la voluntad inquebrantable que nos caracteriza<\/em>\u201d, manifest\u00f3 el presidente Abinader.<\/span><\/p>\n<p data-uw-styling-context=\"true\"><img loading=\"lazy\" decoding=\"async\" src=\"https:\/\/presidencia.gob.do\/sites\/default\/files\/content\/WhatsApp%20Image%202022-03-28%20at%207.15.54%20PM%20%281%29_0.jpeg\" alt=\"\" width=\"1280\" height=\"853\" data-entity-type=\"file\" data-entity-uuid=\"050ce5eb-586a-4cee-9451-32adc770ccd7\" data-uw-styling-context=\"true\" \/><\/p>\n<h5 data-uw-styling-context=\"true\"><span data-uw-styling-context=\"true\"><strong data-uw-styling-context=\"true\">27 millones de d\u00f3lares adicionales<\/strong><\/span><\/h5>\n<p data-uw-styling-context=\"true\"><span data-uw-styling-context=\"true\">De su lado, la directora ejecutiva del<strong data-uw-styling-context=\"true\">\u00a0Centro de Exportaci\u00f3n e Inversi\u00f3n de la Rep\u00fablica Dominicana (PRODOMINICANA<\/strong>),\u00a0<strong data-uw-styling-context=\"true\">Bibiana Riveiro<\/strong>, se\u00f1al\u00f3 el significativo incremento de un\u00a0<strong data-uw-styling-context=\"true\">21.1%\u00a0<\/strong>en las exportaciones de bienes para el 2021, sobrepasando la meta propuesta en un 105%.\u00a0<\/span><\/p>\n<p data-uw-styling-context=\"true\"><span data-uw-styling-context=\"true\"><em data-uw-styling-context=\"true\">\u201cUn hito jam\u00e1s experimentado en la historia de las exportaciones dominicanas<\/em>\u201d.<\/span><\/p>\n<p data-uw-styling-context=\"true\"><span data-uw-styling-context=\"true\">Riveiro explic\u00f3 que esto se tradujo en un incremento superior al\u00a0<strong data-uw-styling-context=\"true\">20%\u00a0<\/strong>en las exportaciones per c\u00e1pita y la expansi\u00f3n en las exportaciones de bienes como participaci\u00f3n en la econom\u00eda medida por el PIB se incrementa a un<strong data-uw-styling-context=\"true\">\u00a013.21%.<\/strong>\u00a0\u201c<em data-uw-styling-context=\"true\">Esa participaci\u00f3n fue un 5% mayor al a\u00f1o 2019, previo a la crisis sanitaria\u201d.<\/em><\/span><\/p>\n<p data-uw-styling-context=\"true\"><span data-uw-styling-context=\"true\"><em data-uw-styling-context=\"true\">\u201cEn detalle, las exportaciones nacionales incrementaron en 21%, las exportaciones de zonas francas en 22%, las agropecuarias en 7%, las de minerales en 8% y las industriales en un 26%\u201d,<\/em>\u00a0indic\u00f3.<\/span><\/p>\n<p data-uw-styling-context=\"true\"><span data-uw-styling-context=\"true\">Del mismo modo, se\u00f1al\u00f3 que las exportaciones de las peque\u00f1as y medianas empresas incrementaron en un 106%, equivalente a 27 millones de d\u00f3lares adicionales.<\/span><\/p>\n<p data-uw-styling-context=\"true\"><span data-uw-styling-context=\"true\">En el acto tambi\u00e9n habl\u00f3 el coordinador del Plan Nacional de fomento a las Exportaciones, Vladimir Pimentel, quien ofreci\u00f3 diferentes detalles del plan.<\/span><\/p>\n<p data-uw-styling-context=\"true\"><span data-uw-styling-context=\"true\">Durante la actividad, estuvieron presentes, el ministro Administrativo de la Presidencia, Jos\u00e9 Ignacio Paliza; la viceministra de Comercio Exterior, Vilma Arbaje, en representaci\u00f3n del ministro de Industria, Comercio y Mipymes, Ito Bison\u00f3; del ministerio de Relaciones Exteriores, Hugo Rivera, en representaci\u00f3n del Canciller, Roberto \u00c1lvarez y del ministerio de Econom\u00eda, Planificaci\u00f3n y Desarrollo, el viceministro Pavel Isa Contreras.<\/span><\/p>\n","protected":false},"excerpt":{"rendered":"<p>Santo Domingo.- El presidente\u00a0Luis Abinader\u00a0anunci\u00f3 este lunes que el pa\u00eds super\u00f3 la barrera de los\u00a012,000 millones de d\u00f3lares en\u00a0exportaci\u00f3n, lo que considera es un\u00a0cambio\u00a0y una transformaci\u00f3n profunda en favor del\u00a0desarrollo&hellip; <\/p>\n","protected":false},"author":2,"featured_media":15967,"comment_status":"closed","ping_status":"closed","sticky":false,"template":"","format":"standard","meta":{"fifu_image_url":"","fifu_image_alt":"","footnotes":""},"categories":[150],"tags":[],"class_list":["post-15965","post","type-post","status-publish","format-standard","has-post-thumbnail","hentry","category-exportaciones"],"_links":{"self":[{"href":"https:\/\/elmundodelosnegocios.com.do\/v1\/wp-json\/wp\/v2\/posts\/15965","targetHints":{"allow":["GET"]}}],"collection":[{"href":"https:\/\/elmundodelosnegocios.com.do\/v1\/wp-json\/wp\/v2\/posts"}],"about":[{"href":"https:\/\/elmundodelosnegocios.com.do\/v1\/wp-json\/wp\/v2\/types\/post"}],"author":[{"embeddable":true,"href":"https:\/\/elmundodelosnegocios.com.do\/v1\/wp-json\/wp\/v2\/users\/2"}],"replies":[{"embeddable":true,"href":"https:\/\/elmundodelosnegocios.com.do\/v1\/wp-json\/wp\/v2\/comments?post=15965"}],"version-history":[{"count":0,"href":"https:\/\/elmundodelosnegocios.com.do\/v1\/wp-json\/wp\/v2\/posts\/15965\/revisions"}],"wp:featuredmedia":[{"embeddable":true,"href":"https:\/\/elmundodelosnegocios.com.do\/v1\/wp-json\/wp\/v2\/media\/15967"}],"wp:attachment":[{"href":"https:\/\/elmundodelosnegocios.com.do\/v1\/wp-json\/wp\/v2\/media?parent=15965"}],"wp:term":[{"taxonomy":"category","embeddable":true,"href":"https:\/\/elmundodelosnegocios.com.do\/v1\/wp-json\/wp\/v2\/categories?post=15965"},{"taxonomy":"post_tag","embeddable":true,"href":"https:\/\/elmundodelosnegocios.com.do\/v1\/wp-json\/wp\/v2\/tags?post=15965"}],"curies":[{"name":"wp","href":"https:\/\/api.w.org\/{rel}","templated":true}]}}