{"id":16029,"date":"2022-03-30T14:40:13","date_gmt":"2022-03-30T19:10:13","guid":{"rendered":"https:\/\/elmundodelosnegocios.com.do\/v1\/?p=16029"},"modified":"2022-03-30T14:40:13","modified_gmt":"2022-03-30T19:10:13","slug":"lanzan-nueva-edicion-programa-internacional-direccion-creativa","status":"publish","type":"post","link":"https:\/\/elmundodelosnegocios.com.do\/v1\/lanzan-nueva-edicion-programa-internacional-direccion-creativa\/","title":{"rendered":"Lanzan nueva edici\u00f3n programa internacional direcci\u00f3n creativa"},"content":{"rendered":"<p>Un entrenamiento destinado a formar a los creativos en las habilidades que el liderazgo demanda<\/p>\n<p><strong>LatAm, 30 de marzo de 2020.-<\/strong> Tras el \u00e9xito del primer curso, dictado en noviembre de 2021, las escuelas de Buenos Aires, M\u00e9xico y Punta Cana de M.AD School of Ideas vuelven a ofrecer su Programa Internacional en Direcci\u00f3n Creativa.<\/p>\n<p>Nuevamente Fernando Vega Olmos -socio de Anita &amp; Vega, fundador de Lola y expresidente del Consejo Mundial Creativo de JWT-, estar\u00e1 a cargo de dos Masterclasses de liderazgo creativo. Diego Luque -partner y CSO de Picnic-, Vanina Rudaeff -Co.Founder BeenToBe Brand Builders- y Paola Aldaz -CEO Grupo DDB Colombia-, aportar\u00e1n sus visiones y recomendaciones sobre la direcci\u00f3n creativa desde sus experiencias en las \u00e1reas de Planning, Cuentas y Cliente, respectivamente.<\/p>\n<p>A ellos se suman Florencia Luque y Myriam Mihkelson -socias de Medio Mundo Gesti\u00f3n de Talento- que, como coaches del programa, son las encargadas de acompa\u00f1ar a los cursantes en el descubrimiento y desarrollo de su perfil de liderazgo y quienes consolidan las ense\u00f1anzas del dream team de disertantes, a partir de ejercicios y anclajes conceptuales. Abarcando temas como la gesti\u00f3n de equipos, la negociaci\u00f3n, la comunicaci\u00f3n emp\u00e1tica, la administraci\u00f3n de procesos y la comprensi\u00f3n del negocio, entre otros.<\/p>\n<p>\u201cA lo largo de siete encuentros, este Programa destinado a nuevos directores y directoras creativas o profesionales senior, pr\u00f3ximos a asumir el rol, entrega a los cursantes un bagaje de conocimientos y habilidades necesarios para encarar exitosamente la nueva funci\u00f3n\u201d, comenta Jorge Villegas, director acad\u00e9mico de M.AD Buenos Aires y coordinador del programa.<\/p>\n<p><strong>Sobre M.AD School of Ideas:<\/strong><\/p>\n<p>M.AD School of Ideas, fundada en 1993, cuenta hoy con 16 escuelas en Atlanta, Berl\u00edn, Buenos Aires, Ciudad de M\u00e9xico, Colombo, Hamburgo, Madrid, Miami, Mumbai, Nueva York, Punta Cana, R\u00edo de Janeiro, San Francisco, San Pablo, Sydney y Toronto. Su principal objetivo acad\u00e9mico es cultivar mentes no convencionales desarrollando en sus estudiantes su habilidad innata para generar, refinar y concretar las ideas capaces de cambiar percepciones, construir negocios y moldear la cultura. Siempre con la creatividad como eje principal de la propuesta, ofrece portfolio programs en direcci\u00f3n de arte y redacci\u00f3n, y bootcamps en planning y otras \u00e1reas de la comunicaci\u00f3n. Es la escuela m\u00e1s premiada en Clio, D&amp;AD, One Show y ANDYs 2021.<\/p>\n<p>&nbsp;<\/p>\n","protected":false},"excerpt":{"rendered":"<p>Un entrenamiento destinado a formar a los creativos en las habilidades que el liderazgo demanda LatAm, 30 de marzo de 2020.- Tras el \u00e9xito del primer curso, dictado en noviembre&hellip; <\/p>\n","protected":false},"author":2,"featured_media":16031,"comment_status":"closed","ping_status":"closed","sticky":false,"template":"","format":"standard","meta":{"fifu_image_url":"","fifu_image_alt":"","footnotes":""},"categories":[66],"tags":[],"class_list":["post-16029","post","type-post","status-publish","format-standard","has-post-thumbnail","hentry","category-publicidad-promocion-investigacion"],"_links":{"self":[{"href":"https:\/\/elmundodelosnegocios.com.do\/v1\/wp-json\/wp\/v2\/posts\/16029","targetHints":{"allow":["GET"]}}],"collection":[{"href":"https:\/\/elmundodelosnegocios.com.do\/v1\/wp-json\/wp\/v2\/posts"}],"about":[{"href":"https:\/\/elmundodelosnegocios.com.do\/v1\/wp-json\/wp\/v2\/types\/post"}],"author":[{"embeddable":true,"href":"https:\/\/elmundodelosnegocios.com.do\/v1\/wp-json\/wp\/v2\/users\/2"}],"replies":[{"embeddable":true,"href":"https:\/\/elmundodelosnegocios.com.do\/v1\/wp-json\/wp\/v2\/comments?post=16029"}],"version-history":[{"count":0,"href":"https:\/\/elmundodelosnegocios.com.do\/v1\/wp-json\/wp\/v2\/posts\/16029\/revisions"}],"wp:featuredmedia":[{"embeddable":true,"href":"https:\/\/elmundodelosnegocios.com.do\/v1\/wp-json\/wp\/v2\/media\/16031"}],"wp:attachment":[{"href":"https:\/\/elmundodelosnegocios.com.do\/v1\/wp-json\/wp\/v2\/media?parent=16029"}],"wp:term":[{"taxonomy":"category","embeddable":true,"href":"https:\/\/elmundodelosnegocios.com.do\/v1\/wp-json\/wp\/v2\/categories?post=16029"},{"taxonomy":"post_tag","embeddable":true,"href":"https:\/\/elmundodelosnegocios.com.do\/v1\/wp-json\/wp\/v2\/tags?post=16029"}],"curies":[{"name":"wp","href":"https:\/\/api.w.org\/{rel}","templated":true}]}}