{"id":16054,"date":"2022-03-31T09:22:20","date_gmt":"2022-03-31T13:52:20","guid":{"rendered":"https:\/\/elmundodelosnegocios.com.do\/v1\/?p=16054"},"modified":"2022-03-31T09:22:20","modified_gmt":"2022-03-31T13:52:20","slug":"micm-y-union-europea-inician-proyecto-capacitacion-a-beneficiarios-del-programa-rueda-de-negocios","status":"publish","type":"post","link":"https:\/\/elmundodelosnegocios.com.do\/v1\/micm-y-union-europea-inician-proyecto-capacitacion-a-beneficiarios-del-programa-rueda-de-negocios\/","title":{"rendered":"MICM y Uni\u00f3n Europea inician proyecto capacitaci\u00f3n a beneficiarios del programa \u201cRueda de Negocios\u201d"},"content":{"rendered":"<p><strong>SANTO DOMINGO.-<\/strong>\u00a0El Ministerio de Industria Comercio y Mipymes (MICM) y la Uni\u00f3n Europea pusieron en marcha un proyecto de capacitaci\u00f3n y pr\u00e1cticas para identificar y satisfacer la demanda de bienes y servicios del sector turismo, comercio detallista y compras p\u00fablicas, a trav\u00e9s del plan \u201cRueda de Negocios\u201d.<\/p>\n<p><img decoding=\"async\" src=\"https:\/\/micm.gob.do\/images\/noticias\/2022\/03-marzo\/MICM_y_Union_Europea_inician_proyecto_02.jpeg\" alt=\"\" \/><br \/>\nEl proyecto contempla satisfacer v\u00eda las mipymes el programa del Fortalecimiento a la Calidad para el Desarrollo de las Mipymes, involucrados en el programa Rueda de Negocios, un espacio de acercamiento con las grandes empresas compradoras del pa\u00eds, para que puedan mostrarles los productos que ofertan y establezcan relaciones comerciales.<\/p>\n<p>La asociaci\u00f3n Nacional de Gastronom\u00eda y Hosteler\u00eda (AGH), junto al Viceministerio de Fomento a las Mipymes, crearon el servicio de vinculaci\u00f3n comercial con el objetivo de identificar las demandas de productos y servicios de las empresas miembros de la AGH con capacidad de compras y relacionarlas con mipymes que tengan atractivas ofertas de calidad y precios competitivos.<\/p>\n<p>Cristian Hern\u00e1ndez, director de Servicio de Apoyo a las Mipymes, se\u00f1al\u00f3 que desde el pasado a\u00f1o, y a pesar de la crisis econ\u00f3mica, el MICM inici\u00f3 un proceso de levantamiento de informaci\u00f3n, al tiempo que resalt\u00f3 la importancia de abrir las puertas a las empresas, y que el Gobierno se constituya en un puente amigo entre las mipymes y ese importante sector productivo.<\/p>\n<p>\u201cDe parte del ministro V\u00edctor Bison\u00f3 y los viceministros, agradecemos la confianza que han depositado en este proyecto, parte de los objetivos del Gobierno dominicano para apoyar a las mipymes\u201d, apunt\u00f3.<\/p>\n<p>En la Rueda de Negocios participaron 18 empresas compradoras miembros de la AGH y 35 mipymes, las cuales agotaron la agenda de reuniones a favor del desarrollo econ\u00f3mico del pa\u00eds.<br \/>\n<img decoding=\"async\" src=\"https:\/\/micm.gob.do\/images\/noticias\/2022\/03-marzo\/MICM_y_Union_Europea_inician_proyecto_03.jpeg\" alt=\"\" \/><br \/>\nAlan Fern\u00e1ndez, oficial de programa de la Uni\u00f3n Europea, resalt\u00f3 el apoyo que el organismo ofrece a los emprendedores e invit\u00f3 a visitar la p\u00e1gina web de la instituci\u00f3n, en la que podr\u00e1n encontrar todas las informaciones y facilidades para integrarse a los programas.<\/p>\n<p>Sara Cruz Cid, directora de la Fundaci\u00f3n Dominicana Compite, dijo que la actividad tiene el prop\u00f3sito de facilitar a mipymes acercamiento con grandes empresas compradoras del pa\u00eds, para que puedan mostrar los productos que ofertan y entablar posibles relaciones comerciales.<\/p>\n<p>La actividad se realiz\u00f3 en el auditorio de Phyex Word con el auspicio de la Uni\u00f3n Europea, a trav\u00e9s del Programa de Fortalecimiento de la Calidad para el Desarrollo de las Mipymes, y el apoyo log\u00edstico del Consorcio Dominicana Compite-Cruz Cid y de la Organizaci\u00f3n Nacional de Empresas Comerciales (ONEC).<\/p>\n","protected":false},"excerpt":{"rendered":"<p>SANTO DOMINGO.-\u00a0El Ministerio de Industria Comercio y Mipymes (MICM) y la Uni\u00f3n Europea pusieron en marcha un proyecto de capacitaci\u00f3n y pr\u00e1cticas para identificar y satisfacer la demanda de bienes&hellip; <\/p>\n","protected":false},"author":2,"featured_media":16056,"comment_status":"closed","ping_status":"closed","sticky":false,"template":"","format":"standard","meta":{"fifu_image_url":"","fifu_image_alt":"","footnotes":""},"categories":[151],"tags":[],"class_list":["post-16054","post","type-post","status-publish","format-standard","has-post-thumbnail","hentry","category-gerencia"],"_links":{"self":[{"href":"https:\/\/elmundodelosnegocios.com.do\/v1\/wp-json\/wp\/v2\/posts\/16054","targetHints":{"allow":["GET"]}}],"collection":[{"href":"https:\/\/elmundodelosnegocios.com.do\/v1\/wp-json\/wp\/v2\/posts"}],"about":[{"href":"https:\/\/elmundodelosnegocios.com.do\/v1\/wp-json\/wp\/v2\/types\/post"}],"author":[{"embeddable":true,"href":"https:\/\/elmundodelosnegocios.com.do\/v1\/wp-json\/wp\/v2\/users\/2"}],"replies":[{"embeddable":true,"href":"https:\/\/elmundodelosnegocios.com.do\/v1\/wp-json\/wp\/v2\/comments?post=16054"}],"version-history":[{"count":0,"href":"https:\/\/elmundodelosnegocios.com.do\/v1\/wp-json\/wp\/v2\/posts\/16054\/revisions"}],"wp:featuredmedia":[{"embeddable":true,"href":"https:\/\/elmundodelosnegocios.com.do\/v1\/wp-json\/wp\/v2\/media\/16056"}],"wp:attachment":[{"href":"https:\/\/elmundodelosnegocios.com.do\/v1\/wp-json\/wp\/v2\/media?parent=16054"}],"wp:term":[{"taxonomy":"category","embeddable":true,"href":"https:\/\/elmundodelosnegocios.com.do\/v1\/wp-json\/wp\/v2\/categories?post=16054"},{"taxonomy":"post_tag","embeddable":true,"href":"https:\/\/elmundodelosnegocios.com.do\/v1\/wp-json\/wp\/v2\/tags?post=16054"}],"curies":[{"name":"wp","href":"https:\/\/api.w.org\/{rel}","templated":true}]}}