{"id":16136,"date":"2022-04-04T21:28:02","date_gmt":"2022-04-05T01:58:02","guid":{"rendered":"https:\/\/elmundodelosnegocios.com.do\/v1\/?p=16136"},"modified":"2022-04-04T21:28:02","modified_gmt":"2022-04-05T01:58:02","slug":"orienta-mapfre-salud-ars-acerca-protocolo-tuberculosis-en-lugares-trabajo","status":"publish","type":"post","link":"https:\/\/elmundodelosnegocios.com.do\/v1\/orienta-mapfre-salud-ars-acerca-protocolo-tuberculosis-en-lugares-trabajo\/","title":{"rendered":"Orienta MAPFRE Salud ARS acerca protocolo tuberculosis en lugares trabajo"},"content":{"rendered":"<p>Santo Domingo, R.D. Abril 4, 2022.- Con la moderaci\u00f3n de su vicepresidente T\u00e9cnico\/Salud, Dr. Jaime Herrera, MAPFRE Salud ARS realiz\u00f3 el conversatorio \u201cEnfermedades respiratorias: cuidado y prevenci\u00f3n\u201d, dirigido a corredores de seguros y gestores de talento humano. En este se cont\u00f3 con las intervenciones de la Dra. Melanea Encarnaci\u00f3n, Coordinadora Nacional de Tuberculosis, y la Dra. Mar\u00eda Rodr\u00edguez de Dom\u00ednguez, neum\u00f3loga responsable de la Unidad T\u00e9cnica de Tuberculosis Multidrogorresistente, ambas del Ministerio de Salud P\u00fablica.<\/p>\n<p>El Dr. Herrera dio inicio a la actividad compartiendo estad\u00edsticas mundiales de esta enfermedad que, seg\u00fan la Organizaci\u00f3n Mundial de la Salud, registra 9.9 millones de casos por a\u00f1o y un estimado de 1.5 millones de muertes. \u201cPor esa raz\u00f3n, en MAPFRE Salud ARS promovemos activamente su prevenci\u00f3n y diagn\u00f3stico oportuno entre nuestros afiliados y los dominicanos en general\u201d, explic\u00f3.<\/p>\n<p>A pesar de considerarse de manera popular que la tuberculosis ya no tiene gran incidencia en el pa\u00eds, las doctoras explicaron que en 2021 se registraron 3,210 casos en Rep\u00fablica Dominicana, con \u201cuna evidente brecha estad\u00edstica a causa del COVID-19, que fue la principal afecci\u00f3n respiratoria descartada, producto de la pandemia\u201d, precis\u00f3 la Dra. Encarnaci\u00f3n. Asimismo, indic\u00f3 que el COVID-19 y la tuberculosis pueden convivir, por lo que, si se presenta una tos persistente por m\u00e1s de 15 d\u00edas, se debe descartar esta \u00faltima a trav\u00e9s de pruebas moleculares, especialmente en pacientes de alto riesgo como los de diabetes y VIH.<\/p>\n<figure class=\"wp-block-image size-full\"><img loading=\"lazy\" decoding=\"async\" class=\"wp-image-19577\" src=\"https:\/\/i0.wp.com\/elmundo-delosnegocios.com\/wp-content\/uploads\/2022\/04\/6.jpeg?resize=640%2C427\" sizes=\"auto, (max-width: 640px) 100vw, 640px\" srcset=\"https:\/\/i0.wp.com\/elmundo-delosnegocios.com\/wp-content\/uploads\/2022\/04\/6.jpeg?w=1000 1000w, https:\/\/i0.wp.com\/elmundo-delosnegocios.com\/wp-content\/uploads\/2022\/04\/6.jpeg?resize=300%2C200 300w, https:\/\/i0.wp.com\/elmundo-delosnegocios.com\/wp-content\/uploads\/2022\/04\/6.jpeg?resize=768%2C512 768w\" alt=\"\" width=\"640\" height=\"427\" data-attachment-id=\"19577\" data-permalink=\"http:\/\/elmundo-delosnegocios.com\/orienta-mapfre-salud-ars-acerca-protocolo-tuberculosis-en-lugares-trabajo\/6-9\/\" data-orig-file=\"https:\/\/i0.wp.com\/elmundo-delosnegocios.com\/wp-content\/uploads\/2022\/04\/6.jpeg?fit=1000%2C667\" data-orig-size=\"1000,667\" data-comments-opened=\"0\" data-image-meta=\"{&quot;aperture&quot;:&quot;0&quot;,&quot;credit&quot;:&quot;&quot;,&quot;camera&quot;:&quot;&quot;,&quot;caption&quot;:&quot;&quot;,&quot;created_timestamp&quot;:&quot;1647878132&quot;,&quot;copyright&quot;:&quot;\\u00a9 Iris Lizardo&quot;,&quot;focal_length&quot;:&quot;0&quot;,&quot;iso&quot;:&quot;0&quot;,&quot;shutter_speed&quot;:&quot;0&quot;,&quot;title&quot;:&quot;&quot;,&quot;orientation&quot;:&quot;1&quot;}\" data-image-title=\"6\" data-image-description=\"\" data-image-caption=\"\" data-medium-file=\"https:\/\/i0.wp.com\/elmundo-delosnegocios.com\/wp-content\/uploads\/2022\/04\/6.jpeg?fit=300%2C200\" data-large-file=\"https:\/\/i0.wp.com\/elmundo-delosnegocios.com\/wp-content\/uploads\/2022\/04\/6.jpeg?fit=640%2C427\" data-recalc-dims=\"1\" \/><figcaption><strong>Dr. Andr\u00e9s Mej\u00eda, Laura Pe\u00f1a Izquierdo y Christian Wazar<\/strong><\/figcaption><\/figure>\n<p>De su lado, la Dra. Rodr\u00edguez, enfatiz\u00f3 que la tos nunca debe ser considerada normal y, en el caso de la tuberculosis, sus otros s\u00edntomas caracter\u00edsticos son la fiebre, falta de apetito y p\u00e9rdida de peso. Aprovech\u00f3 para aconsejar a las empresas que, en caso de que un colaborador resulte positivo, se realicen pruebas entre los que tienen contacto cercano. Luego de iniciado el tratamiento, tan pronto como a las dos semanas el empleado podr\u00eda retomar sus labores presenciales, si su m\u00e9dico lo aprueba.<\/p>\n<figure class=\"wp-block-image size-full\"><img loading=\"lazy\" decoding=\"async\" class=\"wp-image-19576\" src=\"https:\/\/i0.wp.com\/elmundo-delosnegocios.com\/wp-content\/uploads\/2022\/04\/5.jpeg?resize=640%2C427\" sizes=\"auto, (max-width: 640px) 100vw, 640px\" srcset=\"https:\/\/i0.wp.com\/elmundo-delosnegocios.com\/wp-content\/uploads\/2022\/04\/5.jpeg?w=1000 1000w, https:\/\/i0.wp.com\/elmundo-delosnegocios.com\/wp-content\/uploads\/2022\/04\/5.jpeg?resize=300%2C200 300w, https:\/\/i0.wp.com\/elmundo-delosnegocios.com\/wp-content\/uploads\/2022\/04\/5.jpeg?resize=768%2C512 768w\" alt=\"\" width=\"640\" height=\"427\" data-attachment-id=\"19576\" data-permalink=\"http:\/\/elmundo-delosnegocios.com\/orienta-mapfre-salud-ars-acerca-protocolo-tuberculosis-en-lugares-trabajo\/5-13\/\" data-orig-file=\"https:\/\/i0.wp.com\/elmundo-delosnegocios.com\/wp-content\/uploads\/2022\/04\/5.jpeg?fit=1000%2C667\" data-orig-size=\"1000,667\" data-comments-opened=\"0\" data-image-meta=\"{&quot;aperture&quot;:&quot;0&quot;,&quot;credit&quot;:&quot;&quot;,&quot;camera&quot;:&quot;&quot;,&quot;caption&quot;:&quot;&quot;,&quot;created_timestamp&quot;:&quot;1647878310&quot;,&quot;copyright&quot;:&quot;\\u00a9 Iris Lizardo&quot;,&quot;focal_length&quot;:&quot;0&quot;,&quot;iso&quot;:&quot;0&quot;,&quot;shutter_speed&quot;:&quot;0&quot;,&quot;title&quot;:&quot;&quot;,&quot;orientation&quot;:&quot;1&quot;}\" data-image-title=\"5\" data-image-description=\"\" data-image-caption=\"\" data-medium-file=\"https:\/\/i0.wp.com\/elmundo-delosnegocios.com\/wp-content\/uploads\/2022\/04\/5.jpeg?fit=300%2C200\" data-large-file=\"https:\/\/i0.wp.com\/elmundo-delosnegocios.com\/wp-content\/uploads\/2022\/04\/5.jpeg?fit=640%2C427\" data-recalc-dims=\"1\" \/><figcaption>Natacha Quiterio, Karla Pou, Christian Wazar y M\u00f3nica Rojas<\/figcaption><\/figure>\n<p>El Dr. Herrera tom\u00f3 la ocasi\u00f3n para recordar que MAPFRE Salud ARS ofrece charlas gratuitas sobre la tuberculosis y otros temas de salud a todas las empresas afiliadas que est\u00e9n interesadas. Para solicitarlas, se debe enviar un correo a protege@mapfresaludars.com.do.<\/p>\n<figure class=\"wp-block-gallery has-nested-images columns-default is-cropped\">\n<figure class=\"wp-block-image size-large\"><img loading=\"lazy\" decoding=\"async\" class=\"wp-image-19580\" src=\"https:\/\/i2.wp.com\/elmundo-delosnegocios.com\/wp-content\/uploads\/2022\/04\/7.jpeg?resize=640%2C960\" sizes=\"auto, (max-width: 640px) 100vw, 640px\" srcset=\"https:\/\/i2.wp.com\/elmundo-delosnegocios.com\/wp-content\/uploads\/2022\/04\/7.jpeg?resize=683%2C1024 683w, https:\/\/i2.wp.com\/elmundo-delosnegocios.com\/wp-content\/uploads\/2022\/04\/7.jpeg?resize=200%2C300 200w, https:\/\/i2.wp.com\/elmundo-delosnegocios.com\/wp-content\/uploads\/2022\/04\/7.jpeg?resize=768%2C1152 768w, https:\/\/i2.wp.com\/elmundo-delosnegocios.com\/wp-content\/uploads\/2022\/04\/7.jpeg?resize=1024%2C1536 1024w, https:\/\/i2.wp.com\/elmundo-delosnegocios.com\/wp-content\/uploads\/2022\/04\/7.jpeg?w=1365 1365w, https:\/\/i2.wp.com\/elmundo-delosnegocios.com\/wp-content\/uploads\/2022\/04\/7.jpeg?w=1280 1280w\" alt=\"\" width=\"640\" height=\"960\" data-attachment-id=\"19580\" data-permalink=\"http:\/\/elmundo-delosnegocios.com\/orienta-mapfre-salud-ars-acerca-protocolo-tuberculosis-en-lugares-trabajo\/7-13\/\" data-orig-file=\"https:\/\/i2.wp.com\/elmundo-delosnegocios.com\/wp-content\/uploads\/2022\/04\/7.jpeg?fit=1365%2C2048\" data-orig-size=\"1365,2048\" data-comments-opened=\"0\" data-image-meta=\"{&quot;aperture&quot;:&quot;0&quot;,&quot;credit&quot;:&quot;&quot;,&quot;camera&quot;:&quot;&quot;,&quot;caption&quot;:&quot;&quot;,&quot;created_timestamp&quot;:&quot;0&quot;,&quot;copyright&quot;:&quot;\\u00a9 Iris Lizardo&quot;,&quot;focal_length&quot;:&quot;0&quot;,&quot;iso&quot;:&quot;0&quot;,&quot;shutter_speed&quot;:&quot;0&quot;,&quot;title&quot;:&quot;&quot;,&quot;orientation&quot;:&quot;0&quot;}\" data-image-title=\"7\" data-image-description=\"\" data-image-caption=\"\" data-medium-file=\"https:\/\/i2.wp.com\/elmundo-delosnegocios.com\/wp-content\/uploads\/2022\/04\/7.jpeg?fit=200%2C300\" data-large-file=\"https:\/\/i2.wp.com\/elmundo-delosnegocios.com\/wp-content\/uploads\/2022\/04\/7.jpeg?fit=640%2C960\" data-id=\"19580\" data-recalc-dims=\"1\" \/><figcaption>Jason Pichardo y Cinthia Delgado<\/figcaption><\/figure>\n<figure class=\"wp-block-image size-large\"><img loading=\"lazy\" decoding=\"async\" class=\"wp-image-19579\" src=\"https:\/\/i1.wp.com\/elmundo-delosnegocios.com\/wp-content\/uploads\/2022\/04\/8.jpeg?resize=640%2C960\" sizes=\"auto, (max-width: 640px) 100vw, 640px\" srcset=\"https:\/\/i1.wp.com\/elmundo-delosnegocios.com\/wp-content\/uploads\/2022\/04\/8.jpeg?resize=683%2C1024 683w, https:\/\/i1.wp.com\/elmundo-delosnegocios.com\/wp-content\/uploads\/2022\/04\/8.jpeg?resize=200%2C300 200w, https:\/\/i1.wp.com\/elmundo-delosnegocios.com\/wp-content\/uploads\/2022\/04\/8.jpeg?resize=768%2C1152 768w, https:\/\/i1.wp.com\/elmundo-delosnegocios.com\/wp-content\/uploads\/2022\/04\/8.jpeg?resize=1024%2C1536 1024w, https:\/\/i1.wp.com\/elmundo-delosnegocios.com\/wp-content\/uploads\/2022\/04\/8.jpeg?w=1365 1365w, https:\/\/i1.wp.com\/elmundo-delosnegocios.com\/wp-content\/uploads\/2022\/04\/8.jpeg?w=1280 1280w\" alt=\"\" width=\"640\" height=\"960\" data-attachment-id=\"19579\" data-permalink=\"http:\/\/elmundo-delosnegocios.com\/orienta-mapfre-salud-ars-acerca-protocolo-tuberculosis-en-lugares-trabajo\/8-11\/\" data-orig-file=\"https:\/\/i1.wp.com\/elmundo-delosnegocios.com\/wp-content\/uploads\/2022\/04\/8.jpeg?fit=1365%2C2048\" data-orig-size=\"1365,2048\" data-comments-opened=\"0\" data-image-meta=\"{&quot;aperture&quot;:&quot;0&quot;,&quot;credit&quot;:&quot;&quot;,&quot;camera&quot;:&quot;&quot;,&quot;caption&quot;:&quot;&quot;,&quot;created_timestamp&quot;:&quot;0&quot;,&quot;copyright&quot;:&quot;\\u00a9 Iris Lizardo&quot;,&quot;focal_length&quot;:&quot;0&quot;,&quot;iso&quot;:&quot;0&quot;,&quot;shutter_speed&quot;:&quot;0&quot;,&quot;title&quot;:&quot;&quot;,&quot;orientation&quot;:&quot;0&quot;}\" data-image-title=\"8\" data-image-description=\"\" data-image-caption=\"\" data-medium-file=\"https:\/\/i1.wp.com\/elmundo-delosnegocios.com\/wp-content\/uploads\/2022\/04\/8.jpeg?fit=200%2C300\" data-large-file=\"https:\/\/i1.wp.com\/elmundo-delosnegocios.com\/wp-content\/uploads\/2022\/04\/8.jpeg?fit=640%2C960\" data-id=\"19579\" data-recalc-dims=\"1\" \/><figcaption>Johanna Torres y Alicia Victoriano<\/figcaption><\/figure>\n<figure class=\"wp-block-image size-large\"><img loading=\"lazy\" decoding=\"async\" class=\"wp-image-19578\" src=\"https:\/\/i2.wp.com\/elmundo-delosnegocios.com\/wp-content\/uploads\/2022\/04\/9.jpeg?resize=640%2C427\" sizes=\"auto, (max-width: 640px) 100vw, 640px\" srcset=\"https:\/\/i2.wp.com\/elmundo-delosnegocios.com\/wp-content\/uploads\/2022\/04\/9.jpeg?resize=1024%2C683 1024w, https:\/\/i2.wp.com\/elmundo-delosnegocios.com\/wp-content\/uploads\/2022\/04\/9.jpeg?resize=300%2C200 300w, https:\/\/i2.wp.com\/elmundo-delosnegocios.com\/wp-content\/uploads\/2022\/04\/9.jpeg?resize=768%2C512 768w, https:\/\/i2.wp.com\/elmundo-delosnegocios.com\/wp-content\/uploads\/2022\/04\/9.jpeg?resize=1536%2C1024 1536w, https:\/\/i2.wp.com\/elmundo-delosnegocios.com\/wp-content\/uploads\/2022\/04\/9.jpeg?w=2048 2048w, https:\/\/i2.wp.com\/elmundo-delosnegocios.com\/wp-content\/uploads\/2022\/04\/9.jpeg?w=1280 1280w, https:\/\/i2.wp.com\/elmundo-delosnegocios.com\/wp-content\/uploads\/2022\/04\/9.jpeg?w=1920 1920w\" alt=\"\" width=\"640\" height=\"427\" data-attachment-id=\"19578\" data-permalink=\"http:\/\/elmundo-delosnegocios.com\/orienta-mapfre-salud-ars-acerca-protocolo-tuberculosis-en-lugares-trabajo\/9-4\/\" data-orig-file=\"https:\/\/i2.wp.com\/elmundo-delosnegocios.com\/wp-content\/uploads\/2022\/04\/9.jpeg?fit=2048%2C1365\" data-orig-size=\"2048,1365\" data-comments-opened=\"0\" data-image-meta=\"{&quot;aperture&quot;:&quot;0&quot;,&quot;credit&quot;:&quot;&quot;,&quot;camera&quot;:&quot;&quot;,&quot;caption&quot;:&quot;&quot;,&quot;created_timestamp&quot;:&quot;0&quot;,&quot;copyright&quot;:&quot;\\u00a9 Iris Lizardo&quot;,&quot;focal_length&quot;:&quot;0&quot;,&quot;iso&quot;:&quot;0&quot;,&quot;shutter_speed&quot;:&quot;0&quot;,&quot;title&quot;:&quot;&quot;,&quot;orientation&quot;:&quot;0&quot;}\" data-image-title=\"9\" data-image-description=\"\" data-image-caption=\"\" data-medium-file=\"https:\/\/i2.wp.com\/elmundo-delosnegocios.com\/wp-content\/uploads\/2022\/04\/9.jpeg?fit=300%2C200\" data-large-file=\"https:\/\/i2.wp.com\/elmundo-delosnegocios.com\/wp-content\/uploads\/2022\/04\/9.jpeg?fit=640%2C427\" data-id=\"19578\" data-recalc-dims=\"1\" \/><figcaption>Irene Ure\u00f1a y Gregory Lithgow<\/figcaption><\/figure>\n<\/figure>\n<p>Sobre MAPFRE Salud ARS<\/p>\n<p>Es una administradora de riesgos de salud, con experiencia de m\u00e1s de 50 a\u00f1os en el mercado, que tiene como prop\u00f3sito mejorar la calidad de vida de los dominicanos. Recientemente, pas\u00f3 a formar parte del Grupo MAPFRE, tras un acuerdo de esta multinacional de seguros con el Centro Financiero BHD Le\u00f3n.<\/p>\n<p>Sobre Grupo MAPFRE<\/p>\n<p>Es una aseguradora global con presencia en los cinco continentes. Compa\u00f1\u00eda de referencia en el mercado espa\u00f1ol, es la mayor aseguradora espa\u00f1ola en el mundo, la primera multinacional aseguradora en Latinoam\u00e9rica y se encuentra en el sexto puesto entre las mayores de Europa en No Vida por volumen de primas.<\/p>\n","protected":false},"excerpt":{"rendered":"<p>Santo Domingo, R.D. Abril 4, 2022.- Con la moderaci\u00f3n de su vicepresidente T\u00e9cnico\/Salud, Dr. Jaime Herrera, MAPFRE Salud ARS realiz\u00f3 el conversatorio \u201cEnfermedades respiratorias: cuidado y prevenci\u00f3n\u201d, dirigido a corredores&hellip; <\/p>\n","protected":false},"author":2,"featured_media":16138,"comment_status":"closed","ping_status":"closed","sticky":false,"template":"","format":"standard","meta":{"fifu_image_url":"","fifu_image_alt":"","footnotes":""},"categories":[80],"tags":[],"class_list":["post-16136","post","type-post","status-publish","format-standard","has-post-thumbnail","hentry","category-salud"],"_links":{"self":[{"href":"https:\/\/elmundodelosnegocios.com.do\/v1\/wp-json\/wp\/v2\/posts\/16136","targetHints":{"allow":["GET"]}}],"collection":[{"href":"https:\/\/elmundodelosnegocios.com.do\/v1\/wp-json\/wp\/v2\/posts"}],"about":[{"href":"https:\/\/elmundodelosnegocios.com.do\/v1\/wp-json\/wp\/v2\/types\/post"}],"author":[{"embeddable":true,"href":"https:\/\/elmundodelosnegocios.com.do\/v1\/wp-json\/wp\/v2\/users\/2"}],"replies":[{"embeddable":true,"href":"https:\/\/elmundodelosnegocios.com.do\/v1\/wp-json\/wp\/v2\/comments?post=16136"}],"version-history":[{"count":0,"href":"https:\/\/elmundodelosnegocios.com.do\/v1\/wp-json\/wp\/v2\/posts\/16136\/revisions"}],"wp:featuredmedia":[{"embeddable":true,"href":"https:\/\/elmundodelosnegocios.com.do\/v1\/wp-json\/wp\/v2\/media\/16138"}],"wp:attachment":[{"href":"https:\/\/elmundodelosnegocios.com.do\/v1\/wp-json\/wp\/v2\/media?parent=16136"}],"wp:term":[{"taxonomy":"category","embeddable":true,"href":"https:\/\/elmundodelosnegocios.com.do\/v1\/wp-json\/wp\/v2\/categories?post=16136"},{"taxonomy":"post_tag","embeddable":true,"href":"https:\/\/elmundodelosnegocios.com.do\/v1\/wp-json\/wp\/v2\/tags?post=16136"}],"curies":[{"name":"wp","href":"https:\/\/api.w.org\/{rel}","templated":true}]}}