{"id":16194,"date":"2022-04-05T09:57:45","date_gmt":"2022-04-05T14:27:45","guid":{"rendered":"https:\/\/elmundodelosnegocios.com.do\/v1\/?p=16194"},"modified":"2022-04-05T09:57:45","modified_gmt":"2022-04-05T14:27:45","slug":"gobierno-participara-en-congreso-regional-de-bosques-y-paisajes-sostenibles","status":"publish","type":"post","link":"https:\/\/elmundodelosnegocios.com.do\/v1\/gobierno-participara-en-congreso-regional-de-bosques-y-paisajes-sostenibles\/","title":{"rendered":"Gobierno participar\u00e1 en Congreso Regional de Bosques y Paisajes Sostenibles"},"content":{"rendered":"<p>Santo Domingo. &#8211; El ministro de Medio Ambiente y Recursos Naturales, Orlando Jorge Mera, encabezar\u00e1 la delegaci\u00f3n que representar\u00e1 al pa\u00eds en el primer Congreso Regional de Bosques y Paisajes Sostenibles, a realizarse del 6 al 8 de abril en Panam\u00e1.<\/p>\n<p>El evento tiene la finalidad de discutir junto a sus hom\u00f3logos de Centroam\u00e9rica, las propuestas que se incluir\u00e1n en el documento final que como regi\u00f3n se presentar\u00e1 en el XV Congreso Forestal Mundial que se celebrar\u00e1 en Corea en mayo.<\/p>\n<p>El Congreso Regional ha sido organizado por la Comisi\u00f3n Centroamericana de Ambiente y Desarrollo (CCAD), organismo ambiental del Sistema de la Integraci\u00f3n Centroamericana (SICA), del cual actualmente Panam\u00e1 es presidencia pro tempore. La Rep\u00fablica Dominicana asumir\u00e1 la presidencia tanto del SICA como de la CCAD a partir del 30 de junio y hasta el 31 de diciembre del presente a\u00f1o.<\/p>\n<p>En el congreso, el ministro Orlando Jorge Mera tendr\u00e1 una participaci\u00f3n en uno de los paneles, como parte de la unidad t\u00e9cnica, junto a sus dem\u00e1s hom\u00f3logos, donde contar\u00e1 un poco de la experiencia en Rep\u00fablica Dominicana en el manejo de bosques.<\/p>\n<p>Adem\u00e1s de la ponencia del ministro, habr\u00e1 otras participaciones de los delegados al evento, dentro de ellas la exposici\u00f3n desde la parte forestal, de Sol Teresa, Ram\u00f3n D\u00edaz y Francisca Rosario con relaci\u00f3n a la implementaci\u00f3n del programa REDD+. As\u00ed como la charla de la se\u00f1ora Fernanda de Le\u00f3n de manera virtual, en un panel que se llama \u201cG\u00e9nero y Bosque\u201d, al igual que la c\u00e1mara forestal dominicana tiene un panel con relaci\u00f3n al manejo forestal desde la perspectiva privada.<\/p>\n<p>Este di\u00e1logo contar\u00e1 con la participaci\u00f3n de expertos en bosques de toda la regi\u00f3n centroamericana y Rep\u00fablica Dominicana. El mismo ser\u00e1 una plataforma para que los pa\u00edses de la Regi\u00f3n incluidos en el Sistema de Integraci\u00f3n Centroamericano (SICA), puedan compartir historias de \u00e9xito y lecciones aprendidas en materia forestal, as\u00ed como visibilizar la relaci\u00f3n de las comunidades rurales, afrodescendientes e ind\u00edgenas en torno a los bosques.<\/p>\n<p>XV Congreso Forestal Mundial<br \/>\nEl Congreso permitir\u00e1 encontrar una posici\u00f3n regional firme de cara a la celebraci\u00f3n del XV Congreso Forestal Mundial que se celebrar\u00e1 en Corea del 2 al 6 de mayo de 2022. En el mismo se destac\u00f3 la funci\u00f3n primordial de los bosques en el contexto de los Objetivos Forestales Mundiales, el Acuerdo de Par\u00eds, el Marco mundial de la Diversidad Biol\u00f3gica posterior a 2020 y la Agenda 2030, as\u00ed lo destac\u00f3 Jair Urriola, secretario ejecutivo de la CCAD.<\/p>\n<p>Previo al evento, se reunir\u00e1n los diversos comit\u00e9s t\u00e9cnicos de la CCAD conformados por los puntos focales de bosques y paisajes sostenibles; cambio clim\u00e1tico y gesti\u00f3n de riesgo; y de la convenci\u00f3n de la lucha contra la desertificaci\u00f3n, tambi\u00e9n habr\u00e1 una reuni\u00f3n intersectorial de Ministros de turismo y medio ambiente, para aprobar una hoja de ruta conjunta. Finalmente, el ministro Mera participar\u00e1 en el Consejo de Ministras y Ministros de la CCAD donde abordar\u00e1n el estado de diferentes proyectos e iniciativas regionales ambientales y aprobar\u00e1n posiciones regionales ante el Congreso Mundial Forestal y la COP 15 de la Convenci\u00f3n de Desertificaci\u00f3n.<\/p>\n<p>De igual modo, la delegaci\u00f3n del Ministerio est\u00e1 conformada por: Rosa Otero, Nathalie Flores, M\u00e1ximo Aquino, Dominga Polanco y Jos\u00e9 Sergio Abreu. Adem\u00e1s, asistir\u00e1n al congreso Sol Teresa, Ram\u00f3n D\u00edaz y Francisca Rosario.<\/p>\n","protected":false},"excerpt":{"rendered":"<p>Santo Domingo. &#8211; El ministro de Medio Ambiente y Recursos Naturales, Orlando Jorge Mera, encabezar\u00e1 la delegaci\u00f3n que representar\u00e1 al pa\u00eds en el primer Congreso Regional de Bosques y Paisajes&hellip; <\/p>\n","protected":false},"author":2,"featured_media":16196,"comment_status":"closed","ping_status":"closed","sticky":false,"template":"","format":"standard","meta":{"fifu_image_url":"","fifu_image_alt":"","footnotes":""},"categories":[32],"tags":[],"class_list":["post-16194","post","type-post","status-publish","format-standard","has-post-thumbnail","hentry","category-eventos"],"_links":{"self":[{"href":"https:\/\/elmundodelosnegocios.com.do\/v1\/wp-json\/wp\/v2\/posts\/16194","targetHints":{"allow":["GET"]}}],"collection":[{"href":"https:\/\/elmundodelosnegocios.com.do\/v1\/wp-json\/wp\/v2\/posts"}],"about":[{"href":"https:\/\/elmundodelosnegocios.com.do\/v1\/wp-json\/wp\/v2\/types\/post"}],"author":[{"embeddable":true,"href":"https:\/\/elmundodelosnegocios.com.do\/v1\/wp-json\/wp\/v2\/users\/2"}],"replies":[{"embeddable":true,"href":"https:\/\/elmundodelosnegocios.com.do\/v1\/wp-json\/wp\/v2\/comments?post=16194"}],"version-history":[{"count":0,"href":"https:\/\/elmundodelosnegocios.com.do\/v1\/wp-json\/wp\/v2\/posts\/16194\/revisions"}],"wp:featuredmedia":[{"embeddable":true,"href":"https:\/\/elmundodelosnegocios.com.do\/v1\/wp-json\/wp\/v2\/media\/16196"}],"wp:attachment":[{"href":"https:\/\/elmundodelosnegocios.com.do\/v1\/wp-json\/wp\/v2\/media?parent=16194"}],"wp:term":[{"taxonomy":"category","embeddable":true,"href":"https:\/\/elmundodelosnegocios.com.do\/v1\/wp-json\/wp\/v2\/categories?post=16194"},{"taxonomy":"post_tag","embeddable":true,"href":"https:\/\/elmundodelosnegocios.com.do\/v1\/wp-json\/wp\/v2\/tags?post=16194"}],"curies":[{"name":"wp","href":"https:\/\/api.w.org\/{rel}","templated":true}]}}