{"id":16198,"date":"2022-04-05T10:00:16","date_gmt":"2022-04-05T14:30:16","guid":{"rendered":"https:\/\/elmundodelosnegocios.com.do\/v1\/?p=16198"},"modified":"2022-04-05T10:00:16","modified_gmt":"2022-04-05T14:30:16","slug":"ministro-bisono-dice-ley-tasa-cero-busca-proteger-a-la-poblacion-y-garantizar-acceso-a-la-canasta-basica","status":"publish","type":"post","link":"https:\/\/elmundodelosnegocios.com.do\/v1\/ministro-bisono-dice-ley-tasa-cero-busca-proteger-a-la-poblacion-y-garantizar-acceso-a-la-canasta-basica\/","title":{"rendered":"Ministro Bison\u00f3 dice \u201cLey Tasa Cero\u201d busca proteger a la poblaci\u00f3n y garantizar acceso a la canasta b\u00e1sica"},"content":{"rendered":"<p><strong>SANTO DOMINGO.-<\/strong>\u00a0El ministro de Industria, Comercio y Mipymes (MICM), V\u00edctor -Ito- Bison\u00f3, explic\u00f3 que el proyecto de Ley que busca reducir a tasa cero 67 productos de la canasta b\u00e1sica de manera temporal, tiene como finalidad proteger a la poblaci\u00f3n en momentos de crisis internacional, evitando escasez y manteniendo precios justos.<\/p>\n<p><img decoding=\"async\" src=\"https:\/\/micm.gob.do\/images\/noticias\/2022\/04-abril\/Ministro_Bisono_dice_Ley_Tasa_Cero_02.jpeg\" alt=\"\" \/><br \/>\nBison\u00f3 se reuni\u00f3 con el presidente de la C\u00e1mara de Diputados, Alfredo Pacheco, empresarios y productores nacionales. En su visita al titular de la C\u00e1mara de Diputados, resalt\u00f3 que, con esa iniciativa, el presidente Luis Abinader reafirma la transparencia y la participaci\u00f3n de todos los sectores productivos y dar garant\u00eda de que los m\u00e1s vulnerables del pa\u00eds tendr\u00e1n precios accesibles a los productos de la canasta b\u00e1sica.<\/p>\n<p>Bison\u00f3 destac\u00f3 que el presidente Abinader desde que lleg\u00f3 al gobierno reactiv\u00f3 la ley de Proindustria, que estaba inactiva, y destin\u00f3 recursos extraordinarios para subsidiar el sector productivo nacional con 1,500 millones de pesos para los peque\u00f1os productores de pollos, huevos, harina de trigo, ma\u00edz y aceite comestible en procura de que los productos de la canasta b\u00e1sica tengan precios asequibles y se mantenga en oferta para evitar escasez en el pa\u00eds.<\/p>\n<p>El proyecto de ley que busca gravar con tasa 0 de arancel a 67 productos de la canasta b\u00e1sica familiar, ya fue aprobado en la C\u00e1mara de Diputados la semana pasada en primera lectura con 99 votos. Entre los 67 productos a ser compensados con tasa 0 de arancel est\u00e1n la harina de trigo, soya, aceite, importaci\u00f3n las leches en polvo, en gr\u00e1nulos o dem\u00e1s formas s\u00f3lidas, entre otros. Asimismo, las harinas de trigo y de ma\u00edz, aceites de soya, de cacahuete (man\u00ed), de girasol y de ma\u00edz refinados; mantequilla, margarina, excepto margarina l\u00edquida, ajos, arvejas, frijoles negros, rojos, blancos, puntos, giros y jacomelos, lentejas, habas, guandules y guisantes, y otros.<\/p>\n<p>A Bison\u00f3 le acompa\u00f1aron Celso Juan Marranzini, presidente de la Asociaci\u00f3n de Industria de Rep\u00fablica Dominicana (AIRD); Miguel Laureno, director del Consejo Nacional de la Leche (Conaleche); Ulises de Veras, presidente de la Asociaci\u00f3n Dominicana de Hacendados y Agricultores; Wilfredo Cabrera, presidente de la Confederaci\u00f3n Nacional de Productores Agropecuarios (Confenagro), entre otros.<\/p>\n<p>Adem\u00e1s, estuvieron junto al presidente Alfredo Pacheco, los voceros de las diferentes bancadas partidarias, como son Julito Fulcar, del PRM; Gustavo S\u00e1nchez, del PLD; Rub\u00e9n Maldonado, de la Fuerza del Pueblo; M\u00e1ximo Castro Silverio, del Partido Reformista; y otros.<\/p>\n","protected":false},"excerpt":{"rendered":"<p>SANTO DOMINGO.-\u00a0El ministro de Industria, Comercio y Mipymes (MICM), V\u00edctor -Ito- Bison\u00f3, explic\u00f3 que el proyecto de Ley que busca reducir a tasa cero 67 productos de la canasta b\u00e1sica&hellip; <\/p>\n","protected":false},"author":2,"featured_media":16199,"comment_status":"closed","ping_status":"closed","sticky":false,"template":"","format":"standard","meta":{"fifu_image_url":"","fifu_image_alt":"","footnotes":""},"categories":[147],"tags":[],"class_list":["post-16198","post","type-post","status-publish","format-standard","has-post-thumbnail","hentry","category-comercio"],"_links":{"self":[{"href":"https:\/\/elmundodelosnegocios.com.do\/v1\/wp-json\/wp\/v2\/posts\/16198","targetHints":{"allow":["GET"]}}],"collection":[{"href":"https:\/\/elmundodelosnegocios.com.do\/v1\/wp-json\/wp\/v2\/posts"}],"about":[{"href":"https:\/\/elmundodelosnegocios.com.do\/v1\/wp-json\/wp\/v2\/types\/post"}],"author":[{"embeddable":true,"href":"https:\/\/elmundodelosnegocios.com.do\/v1\/wp-json\/wp\/v2\/users\/2"}],"replies":[{"embeddable":true,"href":"https:\/\/elmundodelosnegocios.com.do\/v1\/wp-json\/wp\/v2\/comments?post=16198"}],"version-history":[{"count":0,"href":"https:\/\/elmundodelosnegocios.com.do\/v1\/wp-json\/wp\/v2\/posts\/16198\/revisions"}],"wp:featuredmedia":[{"embeddable":true,"href":"https:\/\/elmundodelosnegocios.com.do\/v1\/wp-json\/wp\/v2\/media\/16199"}],"wp:attachment":[{"href":"https:\/\/elmundodelosnegocios.com.do\/v1\/wp-json\/wp\/v2\/media?parent=16198"}],"wp:term":[{"taxonomy":"category","embeddable":true,"href":"https:\/\/elmundodelosnegocios.com.do\/v1\/wp-json\/wp\/v2\/categories?post=16198"},{"taxonomy":"post_tag","embeddable":true,"href":"https:\/\/elmundodelosnegocios.com.do\/v1\/wp-json\/wp\/v2\/tags?post=16198"}],"curies":[{"name":"wp","href":"https:\/\/api.w.org\/{rel}","templated":true}]}}