{"id":16228,"date":"2022-04-06T07:42:13","date_gmt":"2022-04-06T12:12:13","guid":{"rendered":"https:\/\/elmundodelosnegocios.com.do\/v1\/?p=16228"},"modified":"2022-04-06T07:42:13","modified_gmt":"2022-04-06T12:12:13","slug":"infotep-y-procompetencia-destacan-valor-de-formacion-tecnica-para-sana-competencia","status":"publish","type":"post","link":"https:\/\/elmundodelosnegocios.com.do\/v1\/infotep-y-procompetencia-destacan-valor-de-formacion-tecnica-para-sana-competencia\/","title":{"rendered":"Infotep y ProCompetencia destacan valor de formaci\u00f3n t\u00e9cnica para sana competencia"},"content":{"rendered":"<p style=\"font-weight: 300;\">Santo Domingo. &#8211; La\u00a0Comisi\u00f3n Nacional de Defensa de la Competencia (ProCompetencia)\u00a0y el\u00a0Instituto Nacional de Formaci\u00f3n T\u00e9cnico Profesional (Infotep)\u00a0firmaron un acuerdo de colaboraci\u00f3n interinstitucional para el fortalecimiento acad\u00e9mico, cient\u00edfico, t\u00e9cnico y cultural y la mejor\u00eda de las capacidades de su personal.<\/p>\n<p style=\"font-weight: 300;\">Tras rubricar el documento marco, la presidenta del Consejo Directivo de ProCompetencia, profesora\u00a0Mar\u00eda Elena V\u00e1squez Taveras, y el director general del Infotep, profesor\u00a0Rafael Santos Bad\u00eda,\u00a0han resaltado la importancia del acercamiento entre ambas instituciones para capacitar a su personal y as\u00ed garantizar la calidad de los servicios a la ciudadan\u00eda.<\/p>\n<p style=\"font-weight: 300;\">V\u00e1squez Taveras ha destacado que la instituci\u00f3n que preside postula por una sana competencia como principio de convivencia en la sociedad para una participaci\u00f3n responsable en la actividad econ\u00f3mica. Ha dicho que colaboradores y colaboradoras de la instituci\u00f3n podr\u00e1n acceder a la formaci\u00f3n t\u00e9cnica de calidad que ofrece Infotep, mientras los de Infotep recibir\u00e1n\u00a0capacitaci\u00f3n\u00a0en materia de sana y libre competencia.<\/p>\n<p style=\"font-weight: 300;\"><em>\u201cLa promoci\u00f3n de una cultura de libre competencia es una misi\u00f3n con la que estamos plenamente comprometidos, y es por esto que, convencidos que la educaci\u00f3n es la mejor salvaguarda de la libertad, estamos enfocados en sensibilizar a la ciudadan\u00eda sobre los beneficios directos que genera la sana competencia en los mercados y en los consumidores\u201d,<\/em>\u00a0argument\u00f3.<\/p>\n<h5 style=\"font-weight: 500;\"><strong style=\"font-weight: 500;\">M\u00e1s eficiente la administraci\u00f3n p\u00fablica<\/strong><\/h5>\n<p style=\"font-weight: 300;\">Puntualiz\u00f3 que su gesti\u00f3n se ha propuesto trabajar conjuntamente con las dem\u00e1s instituciones del Estado y organizaciones de la sociedad civil en su prop\u00f3sito de hacer m\u00e1s\u00a0eficientela\u00a0administraci\u00f3n p\u00fablica\u00a0y construir una cultura de libre y leal competencia entre los agentes econ\u00f3micos de mercados de bienes y servicios que beneficie a los consumidores. Refiri\u00f3 que ya han firmado convenios con la\u00a0Direcci\u00f3n General de Contrataciones P\u00fablicas, el Tribunal Constitucional, el Instituto Dominicano de Aviaci\u00f3n Civil, las superintendencias de Banco y Seguros y\u00a0el Centro de Capacitaci\u00f3n en Pol\u00edtica y Gesti\u00f3n Fiscal.<\/p>\n<p style=\"font-weight: 300;\">Santos Bad\u00eda, entretanto, espera que el concepto de\u00a0competencia\u00a0sea un eje transversal del curr\u00edculum de la formaci\u00f3n en el pa\u00eds. Enfatiz\u00f3 que en este momento de grandes oportunidades y retos que vive el pa\u00eds en vista de la pandemia de la covid-19 y el conflicto Rusia-Ucrania, \u201cse necesitar\u00e1 de ProCompetencia y se necesitar\u00e1 de Infotep\u201d.<\/p>\n<p style=\"font-weight: 300;\">Refiri\u00f3 que desde 2020, Infotep colabora con ProCompetencia con la formaci\u00f3n del personal en varias \u00e1reas identificadas como importantes.<\/p>\n<p style=\"font-weight: 300;\"><em>\u201cAhora, con la formalizaci\u00f3n de este acuerdo, potenciaremos estas acciones y ampliaremos nuestra colaboraci\u00f3n en beneficio de todos los sectores productivos del pa\u00eds, con la formaci\u00f3n de t\u00e9cnicos que necesitan ustedes, pero tambi\u00e9n formar los t\u00e9cnicos para el pa\u00eds, que se necesitan para regir la competencia<\/em>\u201d.<\/p>\n<p style=\"font-weight: 300;\">En la actividad realizada en la sede de ProCompetencia, asistieron, adem\u00e1s de la presidenta del Consejo Directivo, la directora ejecutiva Fior D\u2019 Aliza Alduey, la consejera Gianna Franjul, as\u00ed como encargados departamentales.<\/p>\n<p style=\"font-weight: 300;\">Acompa\u00f1\u00f3 al director general de Infotep, Santos Bad\u00eda, una delegaci\u00f3n integrada por la subdirectora general Maira Morla; la directora de Innovaci\u00f3n y Desarrollo, Maura Corpor\u00e1n, y la directora de Rector\u00eda y Regulaci\u00f3n de Centros, Iris Hurtado; Patricia Arache, subencargada de Comunicaci\u00f3n, entre otros.<\/p>\n<p style=\"font-weight: 300;\">El acuerdo facilitar\u00e1 la participaci\u00f3n de egresados del INFOTEP en programas de pasant\u00edas en ProCompetencia; definir y desarrollar contenidos tem\u00e1ticos en materia de \u00e1reas t\u00e9cnicas, docentes y, en particular, sobre derecho de la competencia; promoci\u00f3n de programas conjuntos de servicio comunitario y responsabilidad social; favorecer la participaci\u00f3n en proyectos y programas de investigaci\u00f3n y desarrollo bilaterales y multilaterales en materia t\u00e9cnica y divulgaci\u00f3n de derecho de la competencia; cooperar en programas de formaci\u00f3n de personal de investigaci\u00f3n y t\u00e9cnico, entre otras.<\/p>\n","protected":false},"excerpt":{"rendered":"<p>Santo Domingo. &#8211; La\u00a0Comisi\u00f3n Nacional de Defensa de la Competencia (ProCompetencia)\u00a0y el\u00a0Instituto Nacional de Formaci\u00f3n T\u00e9cnico Profesional (Infotep)\u00a0firmaron un acuerdo de colaboraci\u00f3n interinstitucional para el fortalecimiento acad\u00e9mico, cient\u00edfico, t\u00e9cnico y&hellip; <\/p>\n","protected":false},"author":2,"featured_media":16230,"comment_status":"closed","ping_status":"closed","sticky":false,"template":"","format":"standard","meta":{"fifu_image_url":"","fifu_image_alt":"","footnotes":""},"categories":[151],"tags":[],"class_list":["post-16228","post","type-post","status-publish","format-standard","has-post-thumbnail","hentry","category-gerencia"],"_links":{"self":[{"href":"https:\/\/elmundodelosnegocios.com.do\/v1\/wp-json\/wp\/v2\/posts\/16228","targetHints":{"allow":["GET"]}}],"collection":[{"href":"https:\/\/elmundodelosnegocios.com.do\/v1\/wp-json\/wp\/v2\/posts"}],"about":[{"href":"https:\/\/elmundodelosnegocios.com.do\/v1\/wp-json\/wp\/v2\/types\/post"}],"author":[{"embeddable":true,"href":"https:\/\/elmundodelosnegocios.com.do\/v1\/wp-json\/wp\/v2\/users\/2"}],"replies":[{"embeddable":true,"href":"https:\/\/elmundodelosnegocios.com.do\/v1\/wp-json\/wp\/v2\/comments?post=16228"}],"version-history":[{"count":0,"href":"https:\/\/elmundodelosnegocios.com.do\/v1\/wp-json\/wp\/v2\/posts\/16228\/revisions"}],"wp:featuredmedia":[{"embeddable":true,"href":"https:\/\/elmundodelosnegocios.com.do\/v1\/wp-json\/wp\/v2\/media\/16230"}],"wp:attachment":[{"href":"https:\/\/elmundodelosnegocios.com.do\/v1\/wp-json\/wp\/v2\/media?parent=16228"}],"wp:term":[{"taxonomy":"category","embeddable":true,"href":"https:\/\/elmundodelosnegocios.com.do\/v1\/wp-json\/wp\/v2\/categories?post=16228"},{"taxonomy":"post_tag","embeddable":true,"href":"https:\/\/elmundodelosnegocios.com.do\/v1\/wp-json\/wp\/v2\/tags?post=16228"}],"curies":[{"name":"wp","href":"https:\/\/api.w.org\/{rel}","templated":true}]}}