{"id":16232,"date":"2022-04-06T07:46:21","date_gmt":"2022-04-06T12:16:21","guid":{"rendered":"https:\/\/elmundodelosnegocios.com.do\/v1\/?p=16232"},"modified":"2022-04-06T07:46:21","modified_gmt":"2022-04-06T12:16:21","slug":"inaugura-afp-reservas-instalaciones-en-santiago","status":"publish","type":"post","link":"https:\/\/elmundodelosnegocios.com.do\/v1\/inaugura-afp-reservas-instalaciones-en-santiago\/","title":{"rendered":"Inaugura AFP Reservas instalaciones en Santiago"},"content":{"rendered":"<p>Las oficinas satisfar\u00e1n la demanda de m\u00e1s de 202 mil afiliados en la regi\u00f3n norte<\/p>\n<p>SANTIAGO. &#8211; AFP Reservas inaugur\u00f3 sus nuevas instalaciones de servicio al cliente y oficinas administrativas de la empresa en la zona norte, que ahora cuentan con un local m\u00e1s amplio y adecuado para satisfacer la demanda de los m\u00e1s de 202 mil afiliados activos en la regi\u00f3n norte.<\/p>\n<p>Joel Santos, gerente general, expres\u00f3: \u201cEsta oficina se traslada para mejorar y ampliar su capacidad de aforo disponible, as\u00ed como aumentar la calidad en las atenciones y fortalecer su presencia regional, acompa\u00f1ados de la orientaci\u00f3n y servicio humano que garantiza la accesibilidad a los servicios que ofrecemos a los clientes de esta \u00e1rea geogr\u00e1fica, quienes representan el 34% de los m\u00e1s de 590 mil afiliados de AFP Reservas.\u201d<\/p>\n<p><a href=\"http:\/\/segurossaludpensionesseguridad.com\/wp-content\/uploads\/sites\/112\/2022\/04\/4.jpeg\" rel=\"lightbox\"><img loading=\"lazy\" decoding=\"async\" class=\"aligncenter size-full wp-image-14462\" src=\"http:\/\/segurossaludpensionesseguridad.com\/wp-content\/uploads\/sites\/112\/2022\/04\/4.jpeg\" alt=\"\" width=\"1000\" height=\"637\" \/><\/a><\/p>\n<p>El ejecutivo de la AFP dijo que la edificaci\u00f3n cuenta, adem\u00e1s, con nuevas \u00e1reas independientes para m\u00e1s privacidad de los usuarios, entre otros espacios que permitir\u00e1n el desarrollo del trabajo interno de los colaboradores de AFP Reservas. Agreg\u00f3 que como parte del plan de expansi\u00f3n que lleva a cabo la administradora de fondos de pensiones, el a\u00f1o pasado abri\u00f3 dos nuevas agencias, ubicadas en Azua y Punta Cana.<\/p>\n<p><a href=\"http:\/\/segurossaludpensionesseguridad.com\/wp-content\/uploads\/sites\/112\/2022\/04\/5.jpeg\" rel=\"lightbox\"><img loading=\"lazy\" decoding=\"async\" class=\"aligncenter size-full wp-image-14463\" src=\"http:\/\/segurossaludpensionesseguridad.com\/wp-content\/uploads\/sites\/112\/2022\/04\/5.jpeg\" alt=\"\" width=\"1000\" height=\"674\" \/><\/a><\/p>\n<p>Entre los servicios que se ofrecen en la oficina regional del norte est\u00e1n: tramitaci\u00f3n de solicitud de todos los beneficios proporcionados por la Ley 87-01 del sistema de seguridad social, actualizaci\u00f3n de los datos de los afiliados, solicitud de estados de cuenta, informaci\u00f3n sobre el proceso para solicitar la pensi\u00f3n.<\/p>\n<p>La nueva agencia de servicio al cliente y las oficinas administrativas est\u00e1n ubicadas en la calle Ram\u00f3n Peralta n\u00famero 12, de la urbanizaci\u00f3n Jardines Metropolitanos, pr\u00f3ximo a la avenida 27 de febrero. El horario de atenci\u00f3n al p\u00fablico es de lunes a viernes, de 8:00 a.m. a 5:00 p.m., adem\u00e1s de que los interesados pueden llamar al n\u00famero 809-521-3321, extensi\u00f3n 38678, adem\u00e1s de que tienen la opci\u00f3n de programar su fecha y hora de visita entrando al portal<\/p>\n<p>AFP Reservas entrega pago de beneficio a sus afiliados.<\/p>\n<p>La administradora de fondos de pensiones entreg\u00f3 durante el 2021 m\u00e1s de tres mil ochocientos treinta millones de pesos, (RD$3,830,990,602.49) por concepto de solicitudes aprobadas a sus afiliados, de los cuales m\u00e1s de novecientos cincuenta millones (RD$ 950,787,052.34) corresponden a los m\u00e1s de 15 mil casos atendidos en la zona, inform\u00f3 Santos.<\/p>\n<p><strong>Sobre AFP Reservas<\/strong><\/p>\n<p>AFP Reservas es una filial de la Familia Reservas, destinada a administrar los fondos de pensiones de los trabajadores dominicanos. Su misi\u00f3n es garantizar un retiro digno a los empleados del sector p\u00fablico y privado que decidan afiliarse de manera voluntaria, as\u00ed como asegurar un sustento econ\u00f3mico a sus dependientes por concepto de sobrevivencia.<\/p>\n","protected":false},"excerpt":{"rendered":"<p>Las oficinas satisfar\u00e1n la demanda de m\u00e1s de 202 mil afiliados en la regi\u00f3n norte SANTIAGO. &#8211; AFP Reservas inaugur\u00f3 sus nuevas instalaciones de servicio al cliente y oficinas administrativas&hellip; <\/p>\n","protected":false},"author":2,"featured_media":16234,"comment_status":"closed","ping_status":"closed","sticky":false,"template":"","format":"standard","meta":{"fifu_image_url":"","fifu_image_alt":"","footnotes":""},"categories":[187],"tags":[],"class_list":["post-16232","post","type-post","status-publish","format-standard","has-post-thumbnail","hentry","category-pensiones"],"_links":{"self":[{"href":"https:\/\/elmundodelosnegocios.com.do\/v1\/wp-json\/wp\/v2\/posts\/16232","targetHints":{"allow":["GET"]}}],"collection":[{"href":"https:\/\/elmundodelosnegocios.com.do\/v1\/wp-json\/wp\/v2\/posts"}],"about":[{"href":"https:\/\/elmundodelosnegocios.com.do\/v1\/wp-json\/wp\/v2\/types\/post"}],"author":[{"embeddable":true,"href":"https:\/\/elmundodelosnegocios.com.do\/v1\/wp-json\/wp\/v2\/users\/2"}],"replies":[{"embeddable":true,"href":"https:\/\/elmundodelosnegocios.com.do\/v1\/wp-json\/wp\/v2\/comments?post=16232"}],"version-history":[{"count":0,"href":"https:\/\/elmundodelosnegocios.com.do\/v1\/wp-json\/wp\/v2\/posts\/16232\/revisions"}],"wp:featuredmedia":[{"embeddable":true,"href":"https:\/\/elmundodelosnegocios.com.do\/v1\/wp-json\/wp\/v2\/media\/16234"}],"wp:attachment":[{"href":"https:\/\/elmundodelosnegocios.com.do\/v1\/wp-json\/wp\/v2\/media?parent=16232"}],"wp:term":[{"taxonomy":"category","embeddable":true,"href":"https:\/\/elmundodelosnegocios.com.do\/v1\/wp-json\/wp\/v2\/categories?post=16232"},{"taxonomy":"post_tag","embeddable":true,"href":"https:\/\/elmundodelosnegocios.com.do\/v1\/wp-json\/wp\/v2\/tags?post=16232"}],"curies":[{"name":"wp","href":"https:\/\/api.w.org\/{rel}","templated":true}]}}