{"id":16240,"date":"2022-04-06T10:22:48","date_gmt":"2022-04-06T14:52:48","guid":{"rendered":"https:\/\/elmundodelosnegocios.com.do\/v1\/?p=16240"},"modified":"2022-04-06T10:22:48","modified_gmt":"2022-04-06T14:52:48","slug":"director-de-onapi-resalta-el-fortalecimiento-de-la-propiedad-intelectual-e-industrial-para-el-desarrollo-economico","status":"publish","type":"post","link":"https:\/\/elmundodelosnegocios.com.do\/v1\/director-de-onapi-resalta-el-fortalecimiento-de-la-propiedad-intelectual-e-industrial-para-el-desarrollo-economico\/","title":{"rendered":"Director de Onapi resalta el fortalecimiento de la Propiedad Intelectual e Industrial para el desarrollo econ\u00f3mico"},"content":{"rendered":"<p>El Doctor Salvador Ramos, emiti\u00f3 estas declaraciones al presidir junto al Director de la Oficina Nacional de la Propiedad Intelectual, Rub\u00e9n Gonell, la Secretaria Pro tempore de la VII Reuni\u00f3n Ministerial de Centroam\u00e9rica y Rep\u00fablica Dominicana sobre Propiedad Intelectual.<\/p>\n<p>Santo Domingo. . El Director General de la Oficina Nacional de la Propiedad Industrial (Onapi), Doctor Salvador Ramos, manifest\u00f3 que la protecci\u00f3n a los derechos de la propiedad intelectual forma parte del desarrollo econ\u00f3mico de las naciones.<\/p>\n<p>El funcionario dijo que para Am\u00e9rica Latina y el mundo, es de especial relevancia para el desarrollo de la Propiedad intelectual, el apoyo y empoderamiento para lograr la inclusi\u00f3n de la materia en las pol\u00edticas p\u00fablicas.<\/p>\n<p>De igual forma el Dr. Ramos resalt\u00f3 que el uso y fortalecimiento del sistema de Propiedad intelectual sirve para la recuperaci\u00f3n econ\u00f3mica de Centroam\u00e9rica y Rep\u00fablica Dominicana.<\/p>\n<p>\u201cLas peque\u00f1as y medianas empresas juegan un papel preponderante en las metas de crecimiento econ\u00f3mico de un pa\u00eds, la recuperaci\u00f3n econ\u00f3mica y el esperado desarrollo solo ser\u00e1n logrados si se lleva a cabo una estrategia en conjunto \u201c. Manifest\u00f3 el funcionario.<\/p>\n<p>De igual forma indic\u00f3 que la Propiedad Industrial es el motor del desarrollo en los pa\u00edses y se encuentra en franco crecimiento en Rep\u00fablica Dominicana, junto al respeto de la propiedad intelectual.<\/p>\n<p>En el evento interinstitucional que se desarrolla en un hotel de Santo Domingo participan representantes de la Organizaci\u00f3n Mundial de la Propiedad Intelectual (OMPI) y de las Naciones de Centroam\u00e9rica y del Caribe, siendo el encuentro organizado por el Ministerio de Industria, Comercio y Mipymes.<\/p>\n","protected":false},"excerpt":{"rendered":"<p>El Doctor Salvador Ramos, emiti\u00f3 estas declaraciones al presidir junto al Director de la Oficina Nacional de la Propiedad Intelectual, Rub\u00e9n Gonell, la Secretaria Pro tempore de la VII Reuni\u00f3n&hellip; <\/p>\n","protected":false},"author":2,"featured_media":16242,"comment_status":"closed","ping_status":"closed","sticky":false,"template":"","format":"standard","meta":{"fifu_image_url":"","fifu_image_alt":"","footnotes":""},"categories":[250],"tags":[],"class_list":["post-16240","post","type-post","status-publish","format-standard","has-post-thumbnail","hentry","category-comunicaciones"],"_links":{"self":[{"href":"https:\/\/elmundodelosnegocios.com.do\/v1\/wp-json\/wp\/v2\/posts\/16240","targetHints":{"allow":["GET"]}}],"collection":[{"href":"https:\/\/elmundodelosnegocios.com.do\/v1\/wp-json\/wp\/v2\/posts"}],"about":[{"href":"https:\/\/elmundodelosnegocios.com.do\/v1\/wp-json\/wp\/v2\/types\/post"}],"author":[{"embeddable":true,"href":"https:\/\/elmundodelosnegocios.com.do\/v1\/wp-json\/wp\/v2\/users\/2"}],"replies":[{"embeddable":true,"href":"https:\/\/elmundodelosnegocios.com.do\/v1\/wp-json\/wp\/v2\/comments?post=16240"}],"version-history":[{"count":0,"href":"https:\/\/elmundodelosnegocios.com.do\/v1\/wp-json\/wp\/v2\/posts\/16240\/revisions"}],"wp:featuredmedia":[{"embeddable":true,"href":"https:\/\/elmundodelosnegocios.com.do\/v1\/wp-json\/wp\/v2\/media\/16242"}],"wp:attachment":[{"href":"https:\/\/elmundodelosnegocios.com.do\/v1\/wp-json\/wp\/v2\/media?parent=16240"}],"wp:term":[{"taxonomy":"category","embeddable":true,"href":"https:\/\/elmundodelosnegocios.com.do\/v1\/wp-json\/wp\/v2\/categories?post=16240"},{"taxonomy":"post_tag","embeddable":true,"href":"https:\/\/elmundodelosnegocios.com.do\/v1\/wp-json\/wp\/v2\/tags?post=16240"}],"curies":[{"name":"wp","href":"https:\/\/api.w.org\/{rel}","templated":true}]}}