{"id":16244,"date":"2022-04-06T10:36:26","date_gmt":"2022-04-06T15:06:26","guid":{"rendered":"https:\/\/elmundodelosnegocios.com.do\/v1\/?p=16244"},"modified":"2022-04-06T10:37:25","modified_gmt":"2022-04-06T15:07:25","slug":"analizan-perspectivas-y-oportunidades-en-cumbre-prensa","status":"publish","type":"post","link":"https:\/\/elmundodelosnegocios.com.do\/v1\/analizan-perspectivas-y-oportunidades-en-cumbre-prensa\/","title":{"rendered":"Analizan perspectivas y oportunidades en Cumbre Prensa"},"content":{"rendered":"<p>Santo Domingo, R.D. Abril 6, 2022.- En ocasi\u00f3n de celebrarse el d\u00eda del periodista, fue realizada la primera \u201cCumbre ADPRESS 2022\u201d donde disertaron sobre los principales retos que presenta esta profesi\u00f3n bajo el t\u00edtulo \u201cDesaf\u00edos y oportunidades del periodismo de cara al futuro\u201d donde debatieron sobre la actualidad e innovaciones.<\/p>\n<p>Durante el evento fue presentada la primera Agencia Dominicana de Prensa, ADPRESS, creada con el objetivo de ofrecer informaci\u00f3n inmediata para promover el pa\u00eds a trav\u00e9s de reportajes y entrevistas manteniendo una l\u00ednea editorial independiente.<\/p>\n<p>En su discurso, Camila Contreras, presidenta de ADPRESS, indic\u00f3 que la organizaci\u00f3n busca crear una plataforma para democratizar la informaci\u00f3n y resaltar a la Rep\u00fablica Dominicana con su historia, cultura, actividades sociales, econ\u00f3micas, deportivas y sus diversas manifestaciones pol\u00edticas.<\/p>\n<p>\u201cDesde ADPRESS tenemos el fuerte compromiso de aportar al pa\u00eds a trav\u00e9s de nuestra l\u00ednea editorial para fortalecer la democracia, los sectores productivos de la econom\u00eda nacional y ayudar a promover posibles soluciones de los principales problemas sociales que afectan la sociedad dominicana\u201d, afirm\u00f3 Contreras.<\/p>\n<p>Luis C\u00e1rdenas, director ejecutivo de ADPRESS, expres\u00f3 que esta nueva agencia de prensa reflejar\u00e1 en sus informaciones la diversidad cultural de la Rep\u00fablica Dominicana esforz\u00e1ndose para garantizar la credibilidad de su l\u00ednea informativa.<\/p>\n<p>\u201cADPRESS nace con el gran reto de servir informaciones de primera mano para garantizar que los ciudadanos puedan mantenerse orientados e informados con los principales temas de inter\u00e9s\u201d, manifest\u00f3 C\u00e1rdenas.<\/p>\n<p>La primera Cumbre ADPRESS 2022 cont\u00f3 con la presencia de panelistas internacionales donde compartieron temas de inter\u00e9s. Estuvieron presentes Manuel P\u00e9rez Bella con el tema \u201cLa Informaci\u00f3n, el papel y la responsabilidad de las agencias de noticias del mundo de hoy\u201d y Erick Cuesta quien habl\u00f3 sobre \u201cPeriodistas o influencer\u201d.<\/p>\n<p>Tambi\u00e9n Mart\u00edn Ram\u00edrez convers\u00f3 sobre \u201cRetos de la prensa frente al narcotr\u00e1fico, el crimen organizado y lavado de activos\u201d, Orlando Segura disert\u00f3 sobre \u201c\u00bfD\u00f3nde inicia y termina la responsabilidad del periodista al investigar una noticia? y Marian De la Fuente estuvo a cargo de los \u201cDesaf\u00edos y Oportunidades del periodismo de cara al futuro\u201d<\/p>\n<p>En el plano local la primera cumbre de ADPRESS cont\u00f3 con importantes profesionales de la comunicaci\u00f3n del pa\u00eds con disertaciones de Homero Figueroa, Oscar L\u00f3pez Reyes, Rosa Alc\u00e1ntara, Juan Manuel Garc\u00eda, Claudia Fern\u00e1ndez, Adalberto Grull\u00f3n, Tania Molina y Nicanor Leyba, Itania Mar\u00eda, Erica Santelises, Yubelkis Peralta, Gabi Desangles, Diego Pesqueira, Cristal Acevedo y Viena Divaluna.<\/p>\n<p>ADPRESS es un esfuerzo de un grupo de profesionales que han impulsado la iniciativa para informar y educar, siempre apegada a los principios \u00e9ticos y el respeto a los derechos humanos. Estar\u00e1 dirigida por Camila Contreras, presidenta; \u00c1ngel Puello, vicepresidente y Luis C\u00e1rdenas, director ejecutivo.<\/p>\n<p>El equipo de periodistas que forman parte de ADPRESS est\u00e1 integrado por Claudia Fern\u00e1ndez, Victoriano N\u00fa\u00f1ez Germ\u00e1n, Claudio Cabrera, Juana De Jes\u00fas Burgos, Emilia Evangelista y Patricia P\u00e9rez D\u00edaz. As\u00ed tambi\u00e9n Robert Romero como fotorreportero.<\/p>\n<p>La Cumbre es organizada por Multimedios ECAP bajo la direcci\u00f3n de Amanda Curiel. Se dieron cita m\u00e1s de 300 personas, entre periodistas, personalidades de diferentes \u00e1reas y estudiantes de las distintas escuelas de comunicaci\u00f3n del pa\u00eds.<\/p>\n<p>ADPRESS se propone organizar todos los a\u00f1os esta cumbre de periodistas con la finalidad de que sirva de canal de educaci\u00f3n y conocimiento de los principales problemas que afectan el ejercicio del periodismo y la comunicaci\u00f3n.<\/p>\n<p>La primera cumbre ADPRESS 2022 cont\u00f3 con el patrocinio de Restaurante Cappuccino, Casa Brugal, Grabo Estilo, Ozavi Rent a Car y Talleres Gr\u00e1ficos.<\/p>\n","protected":false},"excerpt":{"rendered":"<p>Santo Domingo, R.D. Abril 6, 2022.- En ocasi\u00f3n de celebrarse el d\u00eda del periodista, fue realizada la primera \u201cCumbre ADPRESS 2022\u201d donde disertaron sobre los principales retos que presenta esta&hellip; <\/p>\n","protected":false},"author":2,"featured_media":16246,"comment_status":"closed","ping_status":"closed","sticky":false,"template":"","format":"standard","meta":{"fifu_image_url":"","fifu_image_alt":"","footnotes":""},"categories":[250],"tags":[],"class_list":["post-16244","post","type-post","status-publish","format-standard","has-post-thumbnail","hentry","category-comunicaciones"],"_links":{"self":[{"href":"https:\/\/elmundodelosnegocios.com.do\/v1\/wp-json\/wp\/v2\/posts\/16244","targetHints":{"allow":["GET"]}}],"collection":[{"href":"https:\/\/elmundodelosnegocios.com.do\/v1\/wp-json\/wp\/v2\/posts"}],"about":[{"href":"https:\/\/elmundodelosnegocios.com.do\/v1\/wp-json\/wp\/v2\/types\/post"}],"author":[{"embeddable":true,"href":"https:\/\/elmundodelosnegocios.com.do\/v1\/wp-json\/wp\/v2\/users\/2"}],"replies":[{"embeddable":true,"href":"https:\/\/elmundodelosnegocios.com.do\/v1\/wp-json\/wp\/v2\/comments?post=16244"}],"version-history":[{"count":0,"href":"https:\/\/elmundodelosnegocios.com.do\/v1\/wp-json\/wp\/v2\/posts\/16244\/revisions"}],"wp:featuredmedia":[{"embeddable":true,"href":"https:\/\/elmundodelosnegocios.com.do\/v1\/wp-json\/wp\/v2\/media\/16246"}],"wp:attachment":[{"href":"https:\/\/elmundodelosnegocios.com.do\/v1\/wp-json\/wp\/v2\/media?parent=16244"}],"wp:term":[{"taxonomy":"category","embeddable":true,"href":"https:\/\/elmundodelosnegocios.com.do\/v1\/wp-json\/wp\/v2\/categories?post=16244"},{"taxonomy":"post_tag","embeddable":true,"href":"https:\/\/elmundodelosnegocios.com.do\/v1\/wp-json\/wp\/v2\/tags?post=16244"}],"curies":[{"name":"wp","href":"https:\/\/api.w.org\/{rel}","templated":true}]}}