{"id":16251,"date":"2022-04-06T10:55:54","date_gmt":"2022-04-06T15:25:54","guid":{"rendered":"https:\/\/elmundodelosnegocios.com.do\/v1\/?p=16251"},"modified":"2022-04-06T10:55:54","modified_gmt":"2022-04-06T15:25:54","slug":"apuesta-merck-equipos-multidisciplinarios-encabezados-por-mujeres","status":"publish","type":"post","link":"https:\/\/elmundodelosnegocios.com.do\/v1\/apuesta-merck-equipos-multidisciplinarios-encabezados-por-mujeres\/","title":{"rendered":"Apuesta Merck equipos multidisciplinarios encabezados por mujeres"},"content":{"rendered":"<p>Panam\u00e1, R. de Panam\u00e1, 6 de abril 2022.- Merck anunci\u00f3 a Vanessa V\u00e9rtiz como nueva Directora y Gerente General para la divisi\u00f3n de negocio de Healthcare en Centroam\u00e9rica y Caribe, con el prop\u00f3sito de hacer una diferencia positiva en la salud y calidad de vida de millones de personas, mantener el crecimiento sostenible del negocio, as\u00ed como asegurar lanzamientos exitosos en la regi\u00f3n. Esto impulsado por la innovaci\u00f3n, y con el firme objetivo de mantenerse como la compa\u00f1\u00eda l\u00edder en ciencia y tecnolog\u00eda.<\/p>\n<p>En Centroam\u00e9rica, la compa\u00f1\u00eda tiene 51 a\u00f1os de historia en favor del progreso humano, siempre en una constante reinvenci\u00f3n para satisfacer las necesidades de los pacientes, los clientes y la sociedad en general, con estrategias sostenibles para reducir el impacto en el planeta.<\/p>\n<p>A trav\u00e9s de su m\u00e1s reciente asignaci\u00f3n Directiva, Merck busca visibilizar el liderazgo femenino y promover que m\u00e1s mujeres alcancen sus metas y se desarrollen en el campo de la ciencia y tecnolog\u00eda, potenciando la equidad de g\u00e9nero en los puestos de alta direcci\u00f3n, siendo V\u00e9rtiz la primera mujer en obtener dicho nombramiento en Centroam\u00e9rica.<\/p>\n<p>La llegada de su nueva l\u00edder contribuye al posicionamiento y desarrollo de los objetivos de la compa\u00f1\u00eda, entre los cuales se encuentran el crecimiento rentable de las distintas l\u00edneas de negocio por medio del lanzamiento de terapias inmuno-oncol\u00f3gicas innovadoras en la regi\u00f3n y la distribuci\u00f3n y comercializaci\u00f3n de productos para atender enfermedades que tienen gran impacto en la salud p\u00fablica como patolog\u00edas cardiovasculares, diabetes o hipotiroidismo, mismas que aquejan principalmente a la poblaci\u00f3n en edad productiva, convirti\u00e9ndose en un problema para los pa\u00edses y sistemas de salud de Am\u00e9rica Central y el Caribe.<\/p>\n<p>\u201cSomos una compa\u00f1\u00eda global con m\u00e1s de 350 a\u00f1os de historia, pero que no deja de innovar para aprovechar las oportunidades impulsadas por la ciencia y la tecnolog\u00eda. Sabemos que juntos somos mejores y m\u00e1s fuertes, de ah\u00ed la importancia de empoderarnos y seguir escribiendo una historia de \u00e9xito que promueva la diversidad e inclusi\u00f3n\u201d, agreg\u00f3 Vanessa V\u00e9rtiz.<\/p>\n<p>La nueva Gerente General, quien cuenta con m\u00e1s de 21 a\u00f1os de experiencia en el sector farmac\u00e9utico, estar\u00e1 al frente de la compa\u00f1\u00eda desde su sede en Panam\u00e1, donde recientemente expandieron sus operaciones. Igualmente, encabezar\u00e1 un equipo conformado por m\u00e1s de 200 colaboradores a lo largo de 16 pa\u00edses que comprenden la regi\u00f3n de Centroam\u00e9rica y Caribe, quienes d\u00eda con d\u00eda trabajan por la innovaci\u00f3n y responsabilidad cient\u00edfica ligada a la salud.<\/p>\n<p>\u201cComo l\u00edderes sentimos un profundo compromiso por fortalecer el impacto de nuestros colaboradores en la salud de las personas y contribuir en el crecimiento sostenible de nuestra organizaci\u00f3n\u201d, enfatiz\u00f3 la nueva Directora de Merck Centroam\u00e9rica y Caribe.<\/p>\n<p><strong>Sobre Merck<\/strong><\/p>\n<p>Merck, una empresa l\u00edder en ciencia y tecnolog\u00eda, opera en los sectores de la salud, las ciencias biol\u00f3gicas y la electr\u00f3nica. Alrededor de 58.000 empleados trabajan para marcar una diferencia positiva en la vida de millones de personas todos los d\u00edas, creando formas de vida m\u00e1s alegres y sostenibles. Desde el avance de las tecnolog\u00edas de edici\u00f3n de genes y el descubrimiento de formas \u00fanicas de tratar las enfermedades m\u00e1s desafiantes, hasta la habilitaci\u00f3n de dispositivos inteligentes, la empresa est\u00e1 en todas partes. En 2020, Merck gener\u00f3 ventas por 17.500 millones de euros en 66 pa\u00edses.<\/p>\n<p>La exploraci\u00f3n cient\u00edfica y el esp\u00edritu empresarial responsable han sido clave para los avances cient\u00edficos y tecnol\u00f3gicos de Merck. As\u00ed es como la compa\u00f1\u00eda ha prosperado desde su fundaci\u00f3n en 1668. La familia fundadora sigue siendo la propietaria mayoritaria de la empresa, la cual cotiza en bolsa. Merck posee los derechos globales sobre el nombre y la marca Merck. Las \u00fanicas excepciones son los Estados Unidos y Canad\u00e1, donde los sectores comerciales de Merck operan como EMD Serono en atenci\u00f3n m\u00e9dica, MilliporeSigma en ciencias biol\u00f3gicas y EMD Electronics.<\/p>\n<p><strong>Aclaraci\u00f3n sobre el nombre Merck<\/strong><\/p>\n<p>Merck es la empresa qu\u00edmico-farmac\u00e9utica m\u00e1s antigua del mundo. Merck es el original y mantiene los derechos globales tanto de la marca como del nombre Merck, excepto en los Estados Unidos y Canad\u00e1, donde la compa\u00f1\u00eda opera como EMD Serono, MilliporeSigma y EMD Electronics.<\/p>\n<p><strong>Merck Centroam\u00e9rica<\/strong><\/p>\n<p>Presente en Centroam\u00e9rica desde 1971, Merck emplea a m\u00e1s de 200 personas en toda la regi\u00f3n de Centroam\u00e9rica, Panam\u00e1, Rep\u00fablica Dominicana y Caribe Ingl\u00e9s. Los productos del Grupo Merck est\u00e1n presentes en las \u00e1reas de Healthcare y Ciencias de la Vida.<\/p>\n","protected":false},"excerpt":{"rendered":"<p>Panam\u00e1, R. de Panam\u00e1, 6 de abril 2022.- Merck anunci\u00f3 a Vanessa V\u00e9rtiz como nueva Directora y Gerente General para la divisi\u00f3n de negocio de Healthcare en Centroam\u00e9rica y Caribe,&hellip; <\/p>\n","protected":false},"author":2,"featured_media":16253,"comment_status":"closed","ping_status":"closed","sticky":false,"template":"","format":"standard","meta":{"fifu_image_url":"","fifu_image_alt":"","footnotes":""},"categories":[151],"tags":[],"class_list":["post-16251","post","type-post","status-publish","format-standard","has-post-thumbnail","hentry","category-gerencia"],"_links":{"self":[{"href":"https:\/\/elmundodelosnegocios.com.do\/v1\/wp-json\/wp\/v2\/posts\/16251","targetHints":{"allow":["GET"]}}],"collection":[{"href":"https:\/\/elmundodelosnegocios.com.do\/v1\/wp-json\/wp\/v2\/posts"}],"about":[{"href":"https:\/\/elmundodelosnegocios.com.do\/v1\/wp-json\/wp\/v2\/types\/post"}],"author":[{"embeddable":true,"href":"https:\/\/elmundodelosnegocios.com.do\/v1\/wp-json\/wp\/v2\/users\/2"}],"replies":[{"embeddable":true,"href":"https:\/\/elmundodelosnegocios.com.do\/v1\/wp-json\/wp\/v2\/comments?post=16251"}],"version-history":[{"count":0,"href":"https:\/\/elmundodelosnegocios.com.do\/v1\/wp-json\/wp\/v2\/posts\/16251\/revisions"}],"wp:featuredmedia":[{"embeddable":true,"href":"https:\/\/elmundodelosnegocios.com.do\/v1\/wp-json\/wp\/v2\/media\/16253"}],"wp:attachment":[{"href":"https:\/\/elmundodelosnegocios.com.do\/v1\/wp-json\/wp\/v2\/media?parent=16251"}],"wp:term":[{"taxonomy":"category","embeddable":true,"href":"https:\/\/elmundodelosnegocios.com.do\/v1\/wp-json\/wp\/v2\/categories?post=16251"},{"taxonomy":"post_tag","embeddable":true,"href":"https:\/\/elmundodelosnegocios.com.do\/v1\/wp-json\/wp\/v2\/tags?post=16251"}],"curies":[{"name":"wp","href":"https:\/\/api.w.org\/{rel}","templated":true}]}}