{"id":16255,"date":"2022-04-06T11:12:04","date_gmt":"2022-04-06T15:42:04","guid":{"rendered":"https:\/\/elmundodelosnegocios.com.do\/v1\/?p=16255"},"modified":"2022-04-06T11:12:04","modified_gmt":"2022-04-06T15:42:04","slug":"periodista-guzman-sera-madrina-gran-parada-dominicana-bronx","status":"publish","type":"post","link":"https:\/\/elmundodelosnegocios.com.do\/v1\/periodista-guzman-sera-madrina-gran-parada-dominicana-bronx\/","title":{"rendered":"Periodista Guzm\u00e1n ser\u00e1 Madrina Gran Parada Dominicana Bronx"},"content":{"rendered":"<p>La periodista Ada Guzm\u00e1n ser\u00e1 la Madrina de Honor de la Gran Parada Dominicana del Bronx 2022, la cual se realizar\u00e1 el domingo 31 de julio, en la avenida Grand Concourse, de la ciudad de New York.<\/p>\n<p>La periodista recibi\u00f3 complacida la distinci\u00f3n de este evento, que arriba a su 33 aniversario y que congrega a la di\u00e1spora dominicana, a trav\u00e9s de una carta enviada por el presidente de la Gran Parada del Bronx, Felipe Febles.<\/p>\n<p>Ada Guzm\u00e1n es reconocida como una incansable defensora de los derechos humanos y por m\u00e1s de cuatro d\u00e9cadas se ha dedicado a trabajar junto al doctor F\u00e9lix Antonio Cruz Jimini\u00e1n, en favor de los m\u00e1s pobres de Cristo Rey.<\/p>\n<p>Durante ese tiempo, tambi\u00e9n se desempe\u00f1\u00f3 como relacionista p\u00fablica de distintas empresas y personalidades del pa\u00eds, entre estos, el extinto productor de televisi\u00f3n Rafael Corpor\u00e1n de los Santos, Cardenal Nicol\u00e1s de Jes\u00fas L\u00f3pez Rodr\u00edguez, doctor F\u00e9lix Antonio Cruz Jimini\u00e1n y del empresario Luis Manuel Bonetti.<\/p>\n<p>Adem\u00e1s, fue gerente de Comunicaci\u00f3n Estrat\u00e9gica de los hospitales Juan Bosch, en La Vega; Traumatol\u00f3gico Ney Arias Lora, Circuito Corpor\u00e1n y actualmente del Servicio Regional de Salud Metropolitano (SRSM), as\u00ed como de la Cl\u00ednica y Fundaci\u00f3n Cruz Jimini\u00e1n.<\/p>\n<p>Guzm\u00e1n es directora internacional de Comunicaci\u00f3n de la Fundaci\u00f3n WorldWide Veterans and Family Services (WVFS); productora del programa televisivo Dar para Vivir, transmitido por CERTV, canal 4, los domingos de 11:00 a 12:00 del mediod\u00eda y miembro del C\u00edrculo de Periodistas de la Salud (CIPESA).<\/p>\n<p>La Gran Parada del Bronx es un evento que se celebra cada a\u00f1o, donde m\u00e1s de un mill\u00f3n de quisqueyanos y personalidades del arte y la pol\u00edtica se congregan a lo largo y ancho de la referida avenida Grand Concourse.<\/p>\n<p>Recientemente, la periodista Ada Guzm\u00e1n fue coronada como la reina del Carnaval de Cristo Rey 2022, en un evento organizado por la Casa de la Cultura de Cristo Rey Padre Rogelio Cruz.<\/p>\n","protected":false},"excerpt":{"rendered":"<p>La periodista Ada Guzm\u00e1n ser\u00e1 la Madrina de Honor de la Gran Parada Dominicana del Bronx 2022, la cual se realizar\u00e1 el domingo 31 de julio, en la avenida Grand&hellip; <\/p>\n","protected":false},"author":2,"featured_media":16256,"comment_status":"closed","ping_status":"closed","sticky":false,"template":"","format":"standard","meta":{"fifu_image_url":"","fifu_image_alt":"","footnotes":""},"categories":[250],"tags":[],"class_list":["post-16255","post","type-post","status-publish","format-standard","has-post-thumbnail","hentry","category-comunicaciones"],"_links":{"self":[{"href":"https:\/\/elmundodelosnegocios.com.do\/v1\/wp-json\/wp\/v2\/posts\/16255","targetHints":{"allow":["GET"]}}],"collection":[{"href":"https:\/\/elmundodelosnegocios.com.do\/v1\/wp-json\/wp\/v2\/posts"}],"about":[{"href":"https:\/\/elmundodelosnegocios.com.do\/v1\/wp-json\/wp\/v2\/types\/post"}],"author":[{"embeddable":true,"href":"https:\/\/elmundodelosnegocios.com.do\/v1\/wp-json\/wp\/v2\/users\/2"}],"replies":[{"embeddable":true,"href":"https:\/\/elmundodelosnegocios.com.do\/v1\/wp-json\/wp\/v2\/comments?post=16255"}],"version-history":[{"count":0,"href":"https:\/\/elmundodelosnegocios.com.do\/v1\/wp-json\/wp\/v2\/posts\/16255\/revisions"}],"wp:featuredmedia":[{"embeddable":true,"href":"https:\/\/elmundodelosnegocios.com.do\/v1\/wp-json\/wp\/v2\/media\/16256"}],"wp:attachment":[{"href":"https:\/\/elmundodelosnegocios.com.do\/v1\/wp-json\/wp\/v2\/media?parent=16255"}],"wp:term":[{"taxonomy":"category","embeddable":true,"href":"https:\/\/elmundodelosnegocios.com.do\/v1\/wp-json\/wp\/v2\/categories?post=16255"},{"taxonomy":"post_tag","embeddable":true,"href":"https:\/\/elmundodelosnegocios.com.do\/v1\/wp-json\/wp\/v2\/tags?post=16255"}],"curies":[{"name":"wp","href":"https:\/\/api.w.org\/{rel}","templated":true}]}}