{"id":16277,"date":"2022-04-07T09:05:21","date_gmt":"2022-04-07T13:35:21","guid":{"rendered":"https:\/\/elmundodelosnegocios.com.do\/v1\/?p=16277"},"modified":"2022-04-07T09:05:21","modified_gmt":"2022-04-07T13:35:21","slug":"firma-pacto-de-panama-fue-cierre-magistral-iii-congreso-intercontinental-semal","status":"publish","type":"post","link":"https:\/\/elmundodelosnegocios.com.do\/v1\/firma-pacto-de-panama-fue-cierre-magistral-iii-congreso-intercontinental-semal\/","title":{"rendered":"Firma \u201cPacto de Panam\u00e1\u201d fue cierre magistral III Congreso Intercontinental SEMAL"},"content":{"rendered":"<p>El importante \u201cPacto de Panam\u00e1\u201d fue el cierre magistral del III Congreso Intercontinental SEMAL, que tuvo lugar en la ciudad de Panam\u00e1, el pasado  18 y 19 de marzo, siendo anfitri\u00f3n  la Asociaci\u00f3n de Medicina Est\u00e9tica de Panam\u00e1 (AMEPA), sociedad cient\u00edfica miembro de CLADEMA.<\/p>\n<p>Este Pacto fue firmado durante la reuni\u00f3n de l\u00edderes de la regi\u00f3n, y constituye una declaraci\u00f3n de intenciones por la lucha del reconocimiento del ejercicio profesional de la Medicina Est\u00e9tica en Latinoam\u00e9rica, Espa\u00f1a y Portugal, constituy\u00e9ndose  en un acuerdo intercontinental de gran envergadura.<\/p>\n<p>El mismo fue promovido por representantes de las distintas Asociaciones M\u00e9dico-Est\u00e9ticas de cada pa\u00eds de la regi\u00f3n, en su mayor\u00eda miembros del Consejo Latinoamericano y del Caribe de Medicina Est\u00e9tica y Antiaging, CLADEMA, a trav\u00e9s de la Asociaci\u00f3n de Medicina Est\u00e9tica de Panam\u00e1 (AMEPA), pa\u00eds anfitri\u00f3n, as\u00ed como representantes de Espa\u00f1a y Portugal.<\/p>\n<p>En este importante evento, participaron reconocidas sociedades de Medicina Est\u00e9tica de pa\u00edses como Panam\u00e1, Costa Rica, El Salvador, Honduras, Guatemala, Colombia, Paraguay, M\u00e9xico, Espa\u00f1a, Portugal y Rep\u00fablica Dominicana, donde fue firmado y representado por la actual presidenta de la Sociedad de Medicina Est\u00e9tica Dominicana (SOMED), la Dra. Natalie Diaz Lazala.<\/p>\n<p>El documento abre un paso a nivel internacional sobre aspectos fundamentales para el ejercicio de la Medicina Est\u00e9tica, como son el reconocimiento de esta rama de la Medicina en todos los pa\u00edses de la regi\u00f3n, y que la misma debe ser ejercida por un m\u00e9dico, debidamente acreditado, con los reconocimientos acad\u00e9micos para ser ejercida como una especialidad reconocida dentro de la Medicina.<\/p>\n<p>El manifiesto tambi\u00e9n aclara, de forma contundente, los siguientes puntos:<\/p>\n<p>1.      La Medicina Est\u00e9tica es un \u00e1rea m\u00e9dica, por lo que solo puede ser ejercida por m\u00e9dicos.<\/p>\n<p>2.      La Medicina Est\u00e9tica contempla la visi\u00f3n integral generalista y del bienestar que ha de tener por definici\u00f3n el m\u00e9dico est\u00e9tico, lo que lo diferencia de otras especialidades.<\/p>\n<p>3.      Comprende t\u00e9cnicas incluidas en el libro blanco de la Sociedad de Medicina Est\u00e9tica Dominicana y su hom\u00f3logo en cada pa\u00eds firmante.<\/p>\n<p>4.      Los m\u00e9dicos que la realicen deben tener formaci\u00f3n cient\u00edfica en esta \u00e1rea.<\/p>\n<p>5.      Su ejercicio debe ser realizado en:<\/p>\n<p>a.      Un centro sanitario autorizado para ello seg\u00fan la legislaci\u00f3n de cada pa\u00eds.<\/p>\n<p>b.      Los productos sanitarios deben adaptarse a la normativa de cada pa\u00eds.<\/p>\n<p>c.       Las t\u00e9cnicas, procedimientos y protocolos aplicados deben contar con evidencia cient\u00edfica<\/p>\n<p>d.      Adaptarse a las normas de la deontolog\u00eda m\u00e9dica de cada pa\u00eds.<\/p>\n<p>Igualmente, se aboga por la regulaci\u00f3n de la profesi\u00f3n por parte de las autoridades de cada pa\u00eds o regi\u00f3n, para minimizar riesgos y malas pr\u00e1cticas en el paciente que se somete a procedimientos est\u00e9ticos m\u00ednimamente invasivos.<\/p>\n<p>El Pacto de Panam\u00e1 qued\u00f3 firmado  el 19 de marzo de 2022 con el compromiso de cada pa\u00eds de fomentar este pacto a nivel regional, en cada uno de los pa\u00edses firmantes.<\/p>\n","protected":false},"excerpt":{"rendered":"<p>El importante \u201cPacto de Panam\u00e1\u201d fue el cierre magistral del III Congreso Intercontinental SEMAL, que tuvo lugar en la ciudad de Panam\u00e1, el pasado 18 y 19 de marzo, siendo&hellip; <\/p>\n","protected":false},"author":2,"featured_media":16279,"comment_status":"closed","ping_status":"closed","sticky":false,"template":"","format":"standard","meta":{"fifu_image_url":"","fifu_image_alt":"","footnotes":""},"categories":[80],"tags":[],"class_list":["post-16277","post","type-post","status-publish","format-standard","has-post-thumbnail","hentry","category-salud"],"_links":{"self":[{"href":"https:\/\/elmundodelosnegocios.com.do\/v1\/wp-json\/wp\/v2\/posts\/16277","targetHints":{"allow":["GET"]}}],"collection":[{"href":"https:\/\/elmundodelosnegocios.com.do\/v1\/wp-json\/wp\/v2\/posts"}],"about":[{"href":"https:\/\/elmundodelosnegocios.com.do\/v1\/wp-json\/wp\/v2\/types\/post"}],"author":[{"embeddable":true,"href":"https:\/\/elmundodelosnegocios.com.do\/v1\/wp-json\/wp\/v2\/users\/2"}],"replies":[{"embeddable":true,"href":"https:\/\/elmundodelosnegocios.com.do\/v1\/wp-json\/wp\/v2\/comments?post=16277"}],"version-history":[{"count":0,"href":"https:\/\/elmundodelosnegocios.com.do\/v1\/wp-json\/wp\/v2\/posts\/16277\/revisions"}],"wp:featuredmedia":[{"embeddable":true,"href":"https:\/\/elmundodelosnegocios.com.do\/v1\/wp-json\/wp\/v2\/media\/16279"}],"wp:attachment":[{"href":"https:\/\/elmundodelosnegocios.com.do\/v1\/wp-json\/wp\/v2\/media?parent=16277"}],"wp:term":[{"taxonomy":"category","embeddable":true,"href":"https:\/\/elmundodelosnegocios.com.do\/v1\/wp-json\/wp\/v2\/categories?post=16277"},{"taxonomy":"post_tag","embeddable":true,"href":"https:\/\/elmundodelosnegocios.com.do\/v1\/wp-json\/wp\/v2\/tags?post=16277"}],"curies":[{"name":"wp","href":"https:\/\/api.w.org\/{rel}","templated":true}]}}