{"id":16289,"date":"2022-04-07T11:48:01","date_gmt":"2022-04-07T16:18:01","guid":{"rendered":"https:\/\/elmundodelosnegocios.com.do\/v1\/?p=16289"},"modified":"2022-04-07T11:48:01","modified_gmt":"2022-04-07T16:18:01","slug":"lanzan-campana-la-salud-no-espera-en-este-dia-mundial-de-la-salud","status":"publish","type":"post","link":"https:\/\/elmundodelosnegocios.com.do\/v1\/lanzan-campana-la-salud-no-espera-en-este-dia-mundial-de-la-salud\/","title":{"rendered":"Lanzan campa\u00f1a \u201cLa salud no espera\u201d en este D\u00eda Mundial de la Salud"},"content":{"rendered":"<p>LatAm, 7 de abril de 2022.- En el marco del D\u00eda Mundial de la Salud, que se celebra todos los 7 de abril desde 1948, fecha en que fuera fundada la Organizaci\u00f3n Mundial de la Salud (OMS), Amnist\u00eda Internacional con la Agencia Planta, lanzan la campa\u00f1a: La salud no espera.<\/p>\n<p>Amnist\u00eda Internacional intensific\u00f3 su trabajo en materia de salud a ra\u00edz de la crisis del COVID-19 y uno de los principales objetivos de la organizaci\u00f3n en los pr\u00f3ximos a\u00f1os es contribuir a que los gobiernos de Am\u00e9rica Latina y el Caribe fortalezcan el disfrute del derecho a la salud.<\/p>\n<p>Con esta idea, Amnist\u00eda y Planta han creado esta campa\u00f1a con alcance regional, que brinda herramientas para que las personas reconozcan la salud como un derecho humano y tomen acci\u00f3n para que los gobiernos de la regi\u00f3n lo garanticen.<\/p>\n<p>\u201cQueremos invitar a las personas a sumar sus voces a la de Amnist\u00eda Internacional, para exigirles a los gobiernos de las Am\u00e9ricas que les garanticen este derecho. El objetivo de esta campa\u00f1a es concientizar a las audiencias sobre que la salud es un derecho humano y apunta a sensibilizar sobre lo que esto implica. As\u00ed mismo, hay otros derechos que son fundamentales y transversales al derecho a la salud, como el acceso al agua potable, los derechos reproductivos y sexuales, el acceso a una alimentaci\u00f3n sana, alimentos sin contaminaci\u00f3n, y un listado enorme de factores concomitantes que consolidan el derecho a estar sanos\u201d, comenta GiGi Guti\u00e9rrez, Executive Director de Planta.<\/p>\n<p>El logotipo de la campa\u00f1a es el \u00edcono de loading\/cargando que habitualmente aparece en las plataformas digitales cuando un elemento est\u00e1, justamente, carg\u00e1ndose. \u2018La salud no espera, basta de ser pacientes\u2019, es el claim de esta campa\u00f1a que en su primera etapa consta de piezas informativas en RRSS, estrategia para Twitter, Filtro disponible para denuncias en Instagram y Facebook, V\u00eda P\u00fablica Digital; y tendr\u00e1 una segunda y tercera etapa en la que cada pa\u00eds podr\u00e1, de acuerdo con sus posibilidades, plasmar un video complementario y piezas interactivas en RRSS.<\/p>\n<p><a class=\"cboxElement\" href=\"https:\/\/segurossaludpensionesseguridad.com\/wp-content\/uploads\/sites\/112\/2022\/04\/Imagen-1.png\" rel=\"lightbox\"><img loading=\"lazy\" decoding=\"async\" class=\"aligncenter size-full wp-image-14498\" src=\"https:\/\/segurossaludpensionesseguridad.com\/wp-content\/uploads\/sites\/112\/2022\/04\/Imagen-1.png\" alt=\"\" width=\"1080\" height=\"1080\" \/><\/a><\/p>\n<p>Desde Amnist\u00eda Internacional invitan a sumarse a la campa\u00f1a #LaSaludNoEspera: \u201cDeja de ser paciente y exige tu derecho a la salud. Todas las personas debemos poder acceder a servicios de salud de calidad, incluido a medicamentos esenciales, hospitales y consultorios m\u00e9dicos cercanos, con personal y recursos, sin tener que gastar mucho de nuestros bolsillos e incluso endeudarnos\u201d, comenta Erika Guevara Rosas, directora para las Am\u00e9ricas de Amnist\u00eda Internacional.<\/p>\n<p><strong>Acerca de Planta<\/strong><br \/>\nPlanta es una agencia n\u00f3made digital de alcance internacional nacida con el prop\u00f3sito de unificar y construir marcas y consumidores m\u00e1s conscientes. Sus ejes son la sustentabilidad, la perspectiva de g\u00e9nero y el impacto positivo. Trabajando para las marcas de un modo tradicional, pero con el firme prop\u00f3sito de reducir la huella de carbono de la industria publicitaria. Con oficinas virtuales por convicci\u00f3n ambientalista, miden su propia huella de carbono. Son la primera agencia de estrategia y creatividad n\u00f3made digital de triple impacto, multiplicadora B y miembro de ATI. Hoy en d\u00eda ya manejan equipos en Chile, M\u00e9xico, Argentina, Estados Unidos y Espa\u00f1a.<\/p>\n<p><strong>Acerca de Amnist\u00eda Internacional<\/strong><br \/>\nAmnist\u00eda Internacional es un movimiento global de m\u00e1s de 10 millones de personas que se toman la injusticia como algo personal. Trabajamos por un mundo en el que todas las personas puedan disfrutar de sus derechos humanos. Nos financiamos gracias a nuestra membres\u00eda y a gente como t\u00fa. Somos independientes de toda ideolog\u00eda pol\u00edtica, inter\u00e9s econ\u00f3mico y religi\u00f3n. No hay gobierno libre de escrutinio. No hay situaci\u00f3n sin esperanza. Cuando empezamos, pocos habr\u00edan anticipado que los torturadores acabar\u00edan convertidos en delincuentes internacionales, que la mayor\u00eda de los pa\u00edses abolir\u00eda la pena de muerte y que dictadores que parec\u00edan intocables se ver\u00edan obligados a responder por sus cr\u00edmenes.<\/p>\n","protected":false},"excerpt":{"rendered":"<p>LatAm, 7 de abril de 2022.- En el marco del D\u00eda Mundial de la Salud, que se celebra todos los 7 de abril desde 1948, fecha en que fuera fundada&hellip; <\/p>\n","protected":false},"author":2,"featured_media":16291,"comment_status":"closed","ping_status":"closed","sticky":false,"template":"","format":"standard","meta":{"fifu_image_url":"","fifu_image_alt":"","footnotes":""},"categories":[80],"tags":[],"class_list":["post-16289","post","type-post","status-publish","format-standard","has-post-thumbnail","hentry","category-salud"],"_links":{"self":[{"href":"https:\/\/elmundodelosnegocios.com.do\/v1\/wp-json\/wp\/v2\/posts\/16289","targetHints":{"allow":["GET"]}}],"collection":[{"href":"https:\/\/elmundodelosnegocios.com.do\/v1\/wp-json\/wp\/v2\/posts"}],"about":[{"href":"https:\/\/elmundodelosnegocios.com.do\/v1\/wp-json\/wp\/v2\/types\/post"}],"author":[{"embeddable":true,"href":"https:\/\/elmundodelosnegocios.com.do\/v1\/wp-json\/wp\/v2\/users\/2"}],"replies":[{"embeddable":true,"href":"https:\/\/elmundodelosnegocios.com.do\/v1\/wp-json\/wp\/v2\/comments?post=16289"}],"version-history":[{"count":0,"href":"https:\/\/elmundodelosnegocios.com.do\/v1\/wp-json\/wp\/v2\/posts\/16289\/revisions"}],"wp:featuredmedia":[{"embeddable":true,"href":"https:\/\/elmundodelosnegocios.com.do\/v1\/wp-json\/wp\/v2\/media\/16291"}],"wp:attachment":[{"href":"https:\/\/elmundodelosnegocios.com.do\/v1\/wp-json\/wp\/v2\/media?parent=16289"}],"wp:term":[{"taxonomy":"category","embeddable":true,"href":"https:\/\/elmundodelosnegocios.com.do\/v1\/wp-json\/wp\/v2\/categories?post=16289"},{"taxonomy":"post_tag","embeddable":true,"href":"https:\/\/elmundodelosnegocios.com.do\/v1\/wp-json\/wp\/v2\/tags?post=16289"}],"curies":[{"name":"wp","href":"https:\/\/api.w.org\/{rel}","templated":true}]}}